{"id":32196,"date":"2025-07-25T07:34:42","date_gmt":"2025-07-25T10:34:42","guid":{"rendered":"https:\/\/mussicom.com\/general-admite-autoria-de-plano-para-matar-moraes-lula-e-alckmin\/"},"modified":"2025-07-25T07:34:42","modified_gmt":"2025-07-25T10:34:42","slug":"general-admite-autoria-de-plano-para-matar-moraes-lula-e-alckmin","status":"publish","type":"post","link":"https:\/\/mussicom.com\/noticias\/general-admite-autoria-de-plano-para-matar-moraes-lula-e-alckmin\/","title":{"rendered":"General admite autoria de plano para matar Moraes, Lula e Alckmin"},"content":{"rendered":"<p> <br \/>\n<\/p>\n<div>\n<p class=\"postParagraph_post-paragraph-innerHtml__Q5vwc\">O general da reserva M\u00e1rio Fernandes confirmou nesta quinta-feira (24) ser o autor do chamado plano \u201cPunhal Verde e Amarelo\u201d, que previa \u2014 segundo a Pol\u00edcia Federal \u2014 o sequestro e o assassinato do presidente Lula (PT), do vice-presidente Geraldo Alckmin (PSB) e do ministro do Supremo Tribunal Federal (STF) Alexandre de Moraes.<\/p>\n<p class=\"postParagraph_post-paragraph__juWZN\">A declara\u00e7\u00e3o ocorreu durante o interrogat\u00f3rio do \u201cn\u00facleo 2\u201d na Primeira Turma da Corte. Fernandes destacou que o plano era apenas um \u201cpensamento digitalizado\u201d e disse que n\u00e3o compartilhou o documento com ningu\u00e9m.<\/p>\n<p class=\"postParagraph_post-paragraph__juWZN\">\u201cConfirmo. Esse arquivo digital nada mais retrata do que um pensamento meu que foi digitalizado \u2014 um compilado de dados, um estudo de situa\u00e7\u00e3o, uma an\u00e1lise de riscos que eu fiz e, por costume pr\u00f3prio, resolvi inadvertidamente digitalizar. N\u00e3o foi apresentado a ningu\u00e9m esse pensamento digitalizado e n\u00e3o foi compartilhado com ningu\u00e9m\u201d, disse ao ser questionado pelo juiz auxiliar Rafael Rocha, que atua no gabinete de Moraes.<\/p>\n<div class=\"postViewMore_post-view-more-container___5wai\" data-mrf-recirculation=\"Post - Veja tamb\u00e9m\">\n<p class=\"gp-styles-module-size-small-afeYRa gp-styles-module-font-family2-afeYRa gp-styles-module-color-secondary-afeYRa gp-styles-module-weight-bold-afeYRa\">VEJA TAMB\u00c9M:<\/p>\n<ul class=\"postViewMore_post-view-more-list__CU_CE\">\n<li class=\"postViewMore_post-view-more-item__2MzRb\"><span class=\"postViewMore_post-view-more-link-icon___stPC\"><svg xmlns=\"http:\/\/www.w3.org\/2000\/svg\" width=\"16\" height=\"16\" viewbox=\"0 0 16 16\"><rect width=\"16\" height=\"16\" fill=\"none\"\/><g transform=\"translate(3 3)\"><path d=\"M22.5,15l3.4,3.4-3.4,3.4\" transform=\"translate(-15.896 -11.793)\" fill=\"none\" stroke=\"#717171\" stroke-linecap=\"round\" stroke-width=\"1.4\"\/><path d=\"M6,6v4.2a2.452,2.452,0,0,0,2.5,2.4H16\" transform=\"translate(-6 -6)\" fill=\"none\" stroke=\"#717171\" stroke-linecap=\"round\" stroke-width=\"1.4\"\/><\/g><\/svg><\/span><span class=\"postViewMore_post-view-more-link-text__hO_kM\">\u201cSou um preso pol\u00edtico\u201d, diz Filipe Martins em audi\u00eancia no STF<\/span><\/li>\n<\/ul>\n<\/div>\n<p class=\"postParagraph_post-paragraph__juWZN\">\u201cEu garanto que, se meu HD fosse extra\u00eddo dos autos do processo, em nada isso impactaria o processo ou mesmo a parte das den\u00fancias, porque o que foi contato at\u00e9 aqui sobre esse arquivo \u00e9 absolutamente descontextualizado\u201d, acrescentou o general.<\/p>\n<p class=\"postParagraph_post-paragraph-innerHtml__Q5vwc\">Ex-secret\u00e1rio-geral da Presid\u00eancia no governo Bolsonaro (PL), Fernandes foi preso durante a Opera\u00e7\u00e3o Contragolpe, deflagrada pela PF no dia 19 de novembro de 2024.<\/p>\n<p class=\"postParagraph_post-paragraph__juWZN\">Na ocasi\u00e3o, a PF disse ter identificado a exist\u00eancia de um planejamento operacional denominado \u201cPunhal Verde e Amarelo\u201d, que \u201cseria executado no dia 15 de dezembro de 2022, voltado ao homic\u00eddio dos candidatos \u00e0 Presid\u00eancia e Vice-Presid\u00eancia da Rep\u00fablica eleitos\u201d.<\/p>\n<p class=\"postParagraph_post-paragraph__juWZN\">\u201cN\u00e3o passa de um pensamento digitalizado. Hoje eu me arrependo de ter digitalizado isso, mas o mais importante: n\u00e3o passa de um compilado de dados, a vis\u00e3o de um militar, que n\u00e3o foi compartilhado com ningu\u00e9m\u201d, reiterou o militar durante o interrogat\u00f3rio.<\/p>\n<p class=\"postParagraph_post-paragraph__juWZN\">Ele confirmou que imprimiu o plano no Pal\u00e1cio do Planalto, mas disse ter rasgado o documento em seguida. \u201cEu imprimi para ler em papel, para n\u00e3o for\u00e7ar a vista e logo depois eu rasguei\u201d, disse. O general negou que o arquivo seria apresentado em uma reuni\u00e3o com o ex-presidente Jair Bolsonaro (PL).<\/p>\n<p class=\"postParagraph_post-paragraph-innerHtml__Q5vwc\">Ap\u00f3s o interrogat\u00f3rio, o ministro Alexandre de Moraes abrir\u00e1 o prazo para as alega\u00e7\u00f5es finais da Procuradora-Geral da Rep\u00fablica (PGR) e dos r\u00e9us. Depois dessa etapa, o processo ser\u00e1 liberado para julgamento. O \u201cn\u00facleo 2\u201d \u00e9 formado por:<\/p>\n<ul class=\"postList_post-list-container__W0E4y postList_visual-type-unordered-list__M8U7t\">\n<li class=\"postList_post-list-item__34Ck1\">Fernando de Sousa Oliveira (delegado da Pol\u00edcia Federal);<\/li>\n<li class=\"postList_post-list-item__34Ck1\">Filipe Martins (ex-assessor internacional da Presid\u00eancia da Rep\u00fablica);<\/li>\n<li class=\"postList_post-list-item__34Ck1\">Marcelo Costa C\u00e2mara (coronel da reserva do Ex\u00e9rcito e ex-assessor da Presid\u00eancia);<\/li>\n<li class=\"postList_post-list-item__34Ck1\">Mar\u00edlia Ferreira de Alencar (delegada e ex-diretora de Intelig\u00eancia da Pol\u00edcia Federal);<\/li>\n<li class=\"postList_post-list-item__34Ck1\">M\u00e1rio Fernandes (general da reserva do Ex\u00e9rcito);<\/li>\n<li class=\"postList_post-list-item__34Ck1\">Silvinei Vasques (ex-diretor-geral da Pol\u00edcia Rodovi\u00e1ria Federal).<\/li>\n<\/ul>\n<\/div>\n<p><br \/>\n<br \/>Fonte: <a href=\"https:\/\/www.gazetadopovo.com.br\/republica\/general-admite-autoria-de-plano-para-matar-moraes-lula-e-alckmin\/\">Revista Oeste<\/a><\/p>\n","protected":false},"excerpt":{"rendered":"<p>O general da reserva M\u00e1rio Fernandes confirmou nesta quinta-feira (24) ser o autor do chamado plano \u201cPunhal Verde e Amarelo\u201d, que previa \u2014 segundo a Pol\u00edcia Federal \u2014 o sequestro e o assassinato do presidente Lula (PT), do vice-presidente Geraldo Alckmin (PSB) e do ministro do Supremo Tribunal Federal (STF) Alexandre de Moraes. A declara\u00e7\u00e3o [&hellip;]<\/p>\n","protected":false},"author":5,"featured_media":32197,"comment_status":"open","ping_status":"open","sticky":false,"template":"","format":"standard","meta":{"_seopress_robots_primary_cat":"","_seopress_titles_title":"","_seopress_titles_desc":"","_seopress_robots_index":"","footnotes":""},"categories":[1],"tags":[],"class_list":["post-32196","post","type-post","status-publish","format-standard","has-post-thumbnail","hentry","category-ultimas-noticias"],"_links":{"self":[{"href":"https:\/\/mussicom.com\/noticias\/wp-json\/wp\/v2\/posts\/32196","targetHints":{"allow":["GET"]}}],"collection":[{"href":"https:\/\/mussicom.com\/noticias\/wp-json\/wp\/v2\/posts"}],"about":[{"href":"https:\/\/mussicom.com\/noticias\/wp-json\/wp\/v2\/types\/post"}],"author":[{"embeddable":true,"href":"https:\/\/mussicom.com\/noticias\/wp-json\/wp\/v2\/users\/5"}],"replies":[{"embeddable":true,"href":"https:\/\/mussicom.com\/noticias\/wp-json\/wp\/v2\/comments?post=32196"}],"version-history":[{"count":0,"href":"https:\/\/mussicom.com\/noticias\/wp-json\/wp\/v2\/posts\/32196\/revisions"}],"wp:featuredmedia":[{"embeddable":true,"href":"https:\/\/mussicom.com\/noticias\/wp-json\/wp\/v2\/media\/32197"}],"wp:attachment":[{"href":"https:\/\/mussicom.com\/noticias\/wp-json\/wp\/v2\/media?parent=32196"}],"wp:term":[{"taxonomy":"category","embeddable":true,"href":"https:\/\/mussicom.com\/noticias\/wp-json\/wp\/v2\/categories?post=32196"},{"taxonomy":"post_tag","embeddable":true,"href":"https:\/\/mussicom.com\/noticias\/wp-json\/wp\/v2\/tags?post=32196"}],"curies":[{"name":"wp","href":"https:\/\/api.w.org\/{rel}","templated":true}]}}