{"id":32172,"date":"2025-07-25T05:37:50","date_gmt":"2025-07-25T08:37:50","guid":{"rendered":"https:\/\/mussicom.com\/onibus-lilas-estaciona-em-sao-vicente-com-servicos-gratuitos-para-mulheres-vitimas-de-violencia\/"},"modified":"2025-07-25T05:37:50","modified_gmt":"2025-07-25T08:37:50","slug":"onibus-lilas-estaciona-em-sao-vicente-com-servicos-gratuitos-para-mulheres-vitimas-de-violencia","status":"publish","type":"post","link":"https:\/\/mussicom.com\/noticias\/onibus-lilas-estaciona-em-sao-vicente-com-servicos-gratuitos-para-mulheres-vitimas-de-violencia\/","title":{"rendered":"&#8220;\u00d4nibus Lil\u00e1s&#8221; estaciona em S\u00e3o Vicente com servi\u00e7os gratuitos para mulheres v\u00edtimas de viol\u00eancia"},"content":{"rendered":"<p> <br \/>\n<\/p>\n<div id=\"texto\">\n<p>S\u00e3o Vicente recebe, nos dias 29 e 30 de julho, a a\u00e7\u00e3o &#8220;\u00d4nibus Lil\u00e1s \u2013 S\u00e3o Paulo por Todas&#8221;, iniciativa voltada ao acolhimento e combate \u00e0 viol\u00eancia contra a mulher. Os atendimentos acontecer\u00e3o das 9h \u00e0s 17h, por ordem de chegada, com uma estrutura completa de suporte jur\u00eddico e psicossocial dentro do pr\u00f3prio ve\u00edculo.<\/p>\n<p>\u00a0<\/p>\n<p>No dia 29 (ter\u00e7a-feira), o \u00f4nibus estar\u00e1 estacionado na Pra\u00e7a Bar\u00e3o do Rio Branco (Centro). J\u00e1 no dia 30 (quarta-feira), o atendimento ser\u00e1 na Subprefeitura da \u00c1rea Continental (Av. Deputado Ulisses Guimar\u00e3es, 211 \u2013 Jardim Rio Branco).<\/p>\n<p>\u00a0<\/p>\n<p>Com apoio da Supervis\u00e3o de Pol\u00edticas P\u00fablicas para Mulheres (Segov), e em parceria com \u00f3rg\u00e3os como DDM (Delegacia de Defesa da Mulher), Defensoria P\u00fablica, Minist\u00e9rio P\u00fablico e OAB, o projeto oferece:<\/p>\n<p>\u2022 Registro de Boletim de Ocorr\u00eancia no pr\u00f3prio local<br \/>&#13;<br \/>\n\u2022 Pedido de medida protetiva<br \/>&#13;<br \/>\n\u2022 Acompanhamento jur\u00eddico para a\u00e7\u00f5es como pens\u00e3o aliment\u00edcia, div\u00f3rcio e danos morais<br \/>&#13;<br \/>\n\u2022 Atendimento com psic\u00f3loga e assistente social, com apoio da Prefeitura de S\u00e3o Vicente<br \/>&#13;<br \/>\n\u2022 Encaminhamentos e orienta\u00e7\u00f5es para v\u00edtimas de viol\u00eancia<\/p>\n<p>\u00a0<\/p>\n<p>A a\u00e7\u00e3o tamb\u00e9m conta com o suporte das secretarias da Sa\u00fade (Sesau), Defesa e Organiza\u00e7\u00e3o Social (Sedos), Desenvolvimento Social (Sedes) e Mobilidade Urbana (Semob), unindo for\u00e7as para garantir que os direitos das mulheres sejam respeitados e que elas tenham acesso \u00e0 prote\u00e7\u00e3o, acolhimento e justi\u00e7a.<\/p>\n<p>\u00a0<\/p>\n<p>Bruna Maria, assessora de Pol\u00edticas P\u00fablicas para Mulheres do Munic\u00edpio, refor\u00e7a a import\u00e2ncia de iniciativas como esta para as mulheres vicentinas: &#8220;S\u00e3o Vicente est\u00e1 na linha de frente do combate \u00e0 viol\u00eancia contra a mulher, e conta com este importante equipamento de orienta\u00e7\u00e3o, informa\u00e7\u00e3o e \u00a0conscientiza\u00e7\u00e3o para ajudar mulheres v\u00edtimas de viol\u00eancia. Nossa luta e trabalho \u00e9 para que todas as mulheres possam viver com seguran\u00e7a e dignidade sempre!&#8221;.<\/p>\n<\/p><\/div>\n<p><script async defer crossorigin=\"anonymous\" src=\"https:\/\/connect.facebook.net\/pt_BR\/sdk.js#xfbml=1&#038;version=v12.0&#038;appId=&#038;autoLogAppEvents=1\" nonce=\"ou0fI1lo\"><\/script><br \/>\n<br \/><br \/>\n<br \/>Fonte: <a href=\"https:\/\/www.bs9.com.br\/litoral\/onibus-lilas-estaciona-em-sao-vicente-com-servicos-gratuitos-para\/33479\/\">BS9<\/a><\/p>\n","protected":false},"excerpt":{"rendered":"<p>S\u00e3o Vicente recebe, nos dias 29 e 30 de julho, a a\u00e7\u00e3o &#8220;\u00d4nibus Lil\u00e1s \u2013 S\u00e3o Paulo por Todas&#8221;, iniciativa voltada ao acolhimento e combate \u00e0 viol\u00eancia contra a mulher. Os atendimentos acontecer\u00e3o das 9h \u00e0s 17h, por ordem de chegada, com uma estrutura completa de suporte jur\u00eddico e psicossocial dentro do pr\u00f3prio ve\u00edculo. \u00a0 [&hellip;]<\/p>\n","protected":false},"author":5,"featured_media":32173,"comment_status":"open","ping_status":"open","sticky":false,"template":"","format":"standard","meta":{"_seopress_robots_primary_cat":"","_seopress_titles_title":"","_seopress_titles_desc":"","_seopress_robots_index":"","footnotes":""},"categories":[52],"tags":[],"class_list":["post-32172","post","type-post","status-publish","format-standard","has-post-thumbnail","hentry","category-santoseregiao"],"_links":{"self":[{"href":"https:\/\/mussicom.com\/noticias\/wp-json\/wp\/v2\/posts\/32172","targetHints":{"allow":["GET"]}}],"collection":[{"href":"https:\/\/mussicom.com\/noticias\/wp-json\/wp\/v2\/posts"}],"about":[{"href":"https:\/\/mussicom.com\/noticias\/wp-json\/wp\/v2\/types\/post"}],"author":[{"embeddable":true,"href":"https:\/\/mussicom.com\/noticias\/wp-json\/wp\/v2\/users\/5"}],"replies":[{"embeddable":true,"href":"https:\/\/mussicom.com\/noticias\/wp-json\/wp\/v2\/comments?post=32172"}],"version-history":[{"count":0,"href":"https:\/\/mussicom.com\/noticias\/wp-json\/wp\/v2\/posts\/32172\/revisions"}],"wp:featuredmedia":[{"embeddable":true,"href":"https:\/\/mussicom.com\/noticias\/wp-json\/wp\/v2\/media\/32173"}],"wp:attachment":[{"href":"https:\/\/mussicom.com\/noticias\/wp-json\/wp\/v2\/media?parent=32172"}],"wp:term":[{"taxonomy":"category","embeddable":true,"href":"https:\/\/mussicom.com\/noticias\/wp-json\/wp\/v2\/categories?post=32172"},{"taxonomy":"post_tag","embeddable":true,"href":"https:\/\/mussicom.com\/noticias\/wp-json\/wp\/v2\/tags?post=32172"}],"curies":[{"name":"wp","href":"https:\/\/api.w.org\/{rel}","templated":true}]}}