{"id":32128,"date":"2025-07-25T01:50:02","date_gmt":"2025-07-25T04:50:02","guid":{"rendered":"https:\/\/mussicom.com\/programa-leva-seguranca-hidrica-para-o-semiarido\/"},"modified":"2025-07-25T01:50:02","modified_gmt":"2025-07-25T04:50:02","slug":"programa-leva-seguranca-hidrica-para-o-semiarido","status":"publish","type":"post","link":"https:\/\/mussicom.com\/noticias\/programa-leva-seguranca-hidrica-para-o-semiarido\/","title":{"rendered":"Programa leva seguran\u00e7a h\u00eddrica para o semi\u00e1rido"},"content":{"rendered":"<p> <br \/>\n<\/p>\n<div>\n<p style=\"text-align:justify\">Durante cerim\u00f4nia da entrega de kits de irriga\u00e7\u00e3o e assinatura de despachos do Programa Encontro das \u00c1guas, do Governo de Minas, realizado em Janu\u00e1ria nesta quinta-feira (24\/7), o vice-governador Mateus Sim\u00f5es destacou a import\u00e2ncia das a\u00e7\u00f5es conjuntas em prol dos produtores rurais, em especial com rela\u00e7\u00e3o ao acesso \u00e0 \u00e1gua nas regi\u00f5es semi\u00e1ridas. Ele, que estava acompanhado do presidente do Sistema Faemg Senar, Ant\u00f4nio de Salvo, celebrou a aprova\u00e7\u00e3o de projetos, desburocratiza\u00e7\u00e3o de leis e um novo olhar para o Norte do estado.&#13;\n<\/p>\n<p style=\"text-align:justify\">\u201cPrecisamos voltar a ser prioridade neste pa\u00eds. \u00c1gua \u00e9 respeito \u00e0s pessoas. \u00c9 plantar hoje para que nossos filhos n\u00e3o precisem fugir da pobreza amanh\u00e3. Eu fico feliz de ter uma equipe comprometida com o plantio, que lutou para podermos anunciar o decreto da irriga\u00e7\u00e3o sustent\u00e1vel em Minas Gerais, que vai fazer com que irrigar o Norte de Minas deixe de ser uma batalha. Voc\u00eas t\u00eam direito de irrigar a sua terra. Eu escolho olhar para o Norte como uma terra de gente trabalhadora e terra boa\u201d, definiu.<\/p>\n<p style=\"text-align:justify\">Os an\u00fancios e entregas realizadas em Janu\u00e1ria fazem parte de uma a\u00e7\u00e3o integrada para enfrentar os desafios da seca e da escassez h\u00eddrica no semi\u00e1rido mineiro. Ao assinar os despachos e realizar as entregas dos kits de irriga\u00e7\u00e3o, o vice-governador refor\u00e7ou o papel das lideran\u00e7as rurais nas pol\u00edticas p\u00fablicas do estado.<\/p>\n<p style=\"text-align:justify\">\u201cO projeto Encontro das \u00c1guas \u00e9 fruto da press\u00e3o. E est\u00e1 certo, tem que pressionar. Foi da press\u00e3o feita pelos produtores rurais na Assembleia e no Governo do Estado, para garantir condi\u00e7\u00e3o de trabalho para os produtores, que chegamos aqui com estes an\u00fancios\u201d, enfatizou Mateus Sim\u00f5es.<\/p>\n<p style=\"text-align:justify\">Com a presen\u00e7a de centenas de pessoas, muitas delas produtores rurais que foram beneficiados pelas a\u00e7\u00f5es do Governo de Minas, Ant\u00f4nio de Salvo destacou a import\u00e2ncia do di\u00e1logo junto ao poder p\u00fablico estadual para garantir que a regi\u00e3o consiga seguir produzindo. Ele celebrou a regulamenta\u00e7\u00e3o da Pol\u00edtica Estadual de Agricultura Irrigada Sustent\u00e1vel, que garante seguran\u00e7a jur\u00eddica aos produtores, estimula o uso racional da \u00e1gua e impulsiona a produtividade no campo.&#13;\n<\/p>\n<p style=\"text-align:justify\">\u201cO que o Governo de Minas tem feito, junto conosco, \u00e9 deixar que os produtores rurais trabalhem. Temos mais de 50 mil oper\u00e1rios no campo, com oficinas pr\u00f3prias, com f\u00e1bricas pr\u00f3prias, que precisam s\u00f3 de um empurr\u00e3ozinho para continuar produzindo. E n\u00f3s vamos fazer isso. A nossa entidade seguir\u00e1 disposta a lutar pelo homem do campo, mas n\u00f3s temos que aprender, cada vez mais, a lidar com pol\u00edticos, deputados, governantes que nos escutem e que nos ajudem\u201d, pontuou De Salvo.<\/p>\n<p style=\"text-align:justify\"><strong>Uni\u00e3o de esfor\u00e7os<\/strong><\/p>\n<p style=\"text-align:justify\">Durante a solenidade, o presidente Ant\u00f4nio de Salvo e o secret\u00e1rio de Estado de Agricultura, Pecu\u00e1ria e Abastecimento, Thales Fernandes, foram homenageados pelos servi\u00e7os prestados em prol do homem do campo. A homenagem foi entregue pelo presidente do SPR de Janu\u00e1ria e da Associa\u00e7\u00e3o dos Sindicatos de Produtores Rurais (Aspronorte), Ast\u00e9rio Itabayana.<\/p>\n<p style=\"text-align:justify\">Ast\u00e9rio lembrou que as lideran\u00e7as rurais da regi\u00e3o t\u00eam trabalhado, unindo for\u00e7as para levar ao poder p\u00fablico as car\u00eancias, especialmente nas legisla\u00e7\u00f5es que endurecem o crescimento agr\u00edcola. A agenda de a\u00e7\u00f5es do Governo do Estado foi poss\u00edvel gra\u00e7as a uma s\u00e9rie de reuni\u00f5es anteriores, onde foram levantadas as principais demandas do setor produtivo.<\/p>\n<p style=\"text-align:justify\">\u201cCom o governador Romeu Zema, estamos tendo, como nunca, pessoas dispostas a ouvir quem est\u00e1 na ponta e conhece a realidade da produ\u00e7\u00e3o. Como exemplo, o secret\u00e1rio Thales est\u00e1 na sua terceira visita na cidade de Janu\u00e1ria em oito meses. S\u00e3o pessoas que entendem que o Norte de Minas precisa se desenvolver para se unir ao desenvolvimento do restante do estado\u201d, argumentou Ast\u00e9rio Itabayana.&#13;\n<\/p>\n<p style=\"text-align:justify\">Encontro das \u00c1guas<\/p>\n<p style=\"text-align:justify\">O programa conta com mais de R$ 600 milh\u00f5es em investimentos. Mais de 40 munic\u00edpios foram beneficiados com os despachos e entregas de kit realizados em Janu\u00e1ria. As a\u00e7\u00f5es v\u00e3o desde o transporte de \u00e1gua pot\u00e1vel at\u00e9 o incentivo \u00e0 agricultura familiar, com foco nas regi\u00f5es do Norte, Vale do Jequitinhonha e Vale do Mucuri.<\/p>\n<p style=\"text-align:justify\">Entre os despachos assinados, est\u00e3o a instala\u00e7\u00e3o de cisternas, entrega de kits potabilizadores em escolas estaduais, servi\u00e7os de abastecimento de \u00e1gua, entre de kits fotovoltaicos, a\u00e7\u00f5es de qualifica\u00e7\u00e3o socioprodutiva, entre outros.<\/p>\n<\/p><\/div>\n<p><script data-cfasync=\"false\">\n    !function (f, b, e, v, n, t, s) {\n        if (f.fbq) return; n = f.fbq = function () {\n            n.callMethod ?\n                n.callMethod.apply(n, arguments) : n.queue.push(arguments)\n        };\n        if (!f._fbq) f._fbq = n; n.push = n; n.loaded = !0; n.version = '2.0';\n        n.queue = []; t = b.createElement(e); t.async = !0;\n        t.src = v; s = b.getElementsByTagName(e)[0];\n        s.parentNode.insertBefore(t, s)\n    }(window, document, 'script',\n        'https:\/\/connect.facebook.net\/en_US\/fbevents.js');\n    fbq('init', '522546078623747');\n    fbq('track', 'PageView');\n<\/script><br \/>\n<br \/><br \/>\n<br \/>Fonte: <a href=\"https:\/\/www.agrolink.com.br\/noticias\/programa-leva-seguranca-hidrica-para-o-semiarido_504279.html\">AGROLINK<\/a><\/p>\n","protected":false},"excerpt":{"rendered":"<p>Durante cerim\u00f4nia da entrega de kits de irriga\u00e7\u00e3o e assinatura de despachos do Programa Encontro das \u00c1guas, do Governo de Minas, realizado em Janu\u00e1ria nesta quinta-feira (24\/7), o vice-governador Mateus Sim\u00f5es destacou a import\u00e2ncia das a\u00e7\u00f5es conjuntas em prol dos produtores rurais, em especial com rela\u00e7\u00e3o ao acesso \u00e0 \u00e1gua nas regi\u00f5es semi\u00e1ridas. Ele, que [&hellip;]<\/p>\n","protected":false},"author":5,"featured_media":32129,"comment_status":"open","ping_status":"open","sticky":false,"template":"","format":"standard","meta":{"_seopress_robots_primary_cat":"","_seopress_titles_title":"","_seopress_titles_desc":"","_seopress_robots_index":"","footnotes":""},"categories":[53],"tags":[],"class_list":["post-32128","post","type-post","status-publish","format-standard","has-post-thumbnail","hentry","category-agronegocio"],"_links":{"self":[{"href":"https:\/\/mussicom.com\/noticias\/wp-json\/wp\/v2\/posts\/32128","targetHints":{"allow":["GET"]}}],"collection":[{"href":"https:\/\/mussicom.com\/noticias\/wp-json\/wp\/v2\/posts"}],"about":[{"href":"https:\/\/mussicom.com\/noticias\/wp-json\/wp\/v2\/types\/post"}],"author":[{"embeddable":true,"href":"https:\/\/mussicom.com\/noticias\/wp-json\/wp\/v2\/users\/5"}],"replies":[{"embeddable":true,"href":"https:\/\/mussicom.com\/noticias\/wp-json\/wp\/v2\/comments?post=32128"}],"version-history":[{"count":0,"href":"https:\/\/mussicom.com\/noticias\/wp-json\/wp\/v2\/posts\/32128\/revisions"}],"wp:featuredmedia":[{"embeddable":true,"href":"https:\/\/mussicom.com\/noticias\/wp-json\/wp\/v2\/media\/32129"}],"wp:attachment":[{"href":"https:\/\/mussicom.com\/noticias\/wp-json\/wp\/v2\/media?parent=32128"}],"wp:term":[{"taxonomy":"category","embeddable":true,"href":"https:\/\/mussicom.com\/noticias\/wp-json\/wp\/v2\/categories?post=32128"},{"taxonomy":"post_tag","embeddable":true,"href":"https:\/\/mussicom.com\/noticias\/wp-json\/wp\/v2\/tags?post=32128"}],"curies":[{"name":"wp","href":"https:\/\/api.w.org\/{rel}","templated":true}]}}