{"id":31953,"date":"2025-07-24T14:36:50","date_gmt":"2025-07-24T17:36:50","guid":{"rendered":"https:\/\/mussicom.com\/parana-exporta-us-141-milhoes-em-suco-de-laranja\/"},"modified":"2025-07-24T14:36:50","modified_gmt":"2025-07-24T17:36:50","slug":"parana-exporta-us-141-milhoes-em-suco-de-laranja","status":"publish","type":"post","link":"https:\/\/mussicom.com\/noticias\/parana-exporta-us-141-milhoes-em-suco-de-laranja\/","title":{"rendered":"Paran\u00e1 exporta US$ 141 milh\u00f5es em suco de laranja"},"content":{"rendered":"<p> <br \/>\n<\/p>\n<div>\n<p style=\"text-align:justify\">O Paran\u00e1 consolidou sua posi\u00e7\u00e3o como um dos principais estados produtores de laranja do pa\u00eds, com reflexos positivos nas exporta\u00e7\u00f5es do suco da fruta. De acordo com o Boletim de Conjuntura Agropecu\u00e1ria divulgado nesta quinta-feira (24) pelo Departamento de Economia Rural (Deral), da Secretaria de Estado da Agricultura e do Abastecimento (Seab), o estado respondeu por 6,3% da produ\u00e7\u00e3o nacional de laranjas na safra 2024\/25. Foram colhidas 804,3 mil toneladas, em um total de 12,8 milh\u00f5es de toneladas no pa\u00eds, segundo dados do Levantamento Sistem\u00e1tico da Produ\u00e7\u00e3o Agr\u00edcola (LSPA), do Instituto Brasileiro de Geografia e Estat\u00edstica (IBGE), de junho deste ano.&#13;\n<\/p>\n<p style=\"text-align:justify\">As frutas colhidas no estado s\u00e3o processadas em unidades industriais localizadas, principalmente, na regi\u00e3o Noroeste do Paran\u00e1, onde se concentram as principais plantas extratoras. De l\u00e1, o suco produzido \u00e9 exportado para mercados internacionais, conforme aponta o sistema ComexStat, do Minist\u00e9rio do Desenvolvimento, Ind\u00fastria, Com\u00e9rcio e Servi\u00e7os (MDIC). No primeiro semestre de 2024, o Paran\u00e1 exportou 29,2 mil toneladas de suco de laranja, gerando receitas de US$ 141 milh\u00f5es.<\/p>\n<p style=\"text-align:justify\">A Associa\u00e7\u00e3o Nacional dos Exportadores de Sucos C\u00edtricos (CitrusBR) destacou que o Brasil responde por 79% de todo o suco de laranja comercializado no mercado internacional. A entidade tamb\u00e9m informou que os Estados Unidos ampliaram sua participa\u00e7\u00e3o nas exporta\u00e7\u00f5es brasileiras do produto. \u201cNa safra 2024\/25, encerrada em junho, os Estados Unidos foram respons\u00e1veis por 41,7% das exporta\u00e7\u00f5es brasileiras de suco de laranja. No ciclo anterior, essa participa\u00e7\u00e3o havia sido de 32,1%\u201d, informou a associa\u00e7\u00e3o.&#13;\n<\/p>\n<p style=\"text-align:justify\">Embora os Estados Unidos tenham adquirido 2,2 mil toneladas do suco produzido no Paran\u00e1, o valor das transa\u00e7\u00f5es somou US$ 9,4 milh\u00f5es, representando 6,6% da receita gerada pelas exporta\u00e7\u00f5es paranaenses de suco industrializado de laranja. Segundo o Deral, os principais destinos do suco produzido no estado continuam sendo a B\u00e9lgica e os Pa\u00edses Baixos, que responderam por 74% dos embarques. No entanto, o \u00f3rg\u00e3o esclarece que o produto n\u00e3o \u00e9 necessariamente consumido nesses pa\u00edses, j\u00e1 que essas na\u00e7\u00f5es funcionam como centros de redistribui\u00e7\u00e3o para o varejo europeu.<\/p>\n<p style=\"text-align:justify\">Ao comentar o cen\u00e1rio, o boletim do Deral avaliou que o momento atual requer equil\u00edbrio nas rela\u00e7\u00f5es internacionais para garantir estabilidade \u00e0 cadeia produtiva. \u201cUm vislumbre do reestabelecimento do princ\u00edpio da razoabilidade nas rela\u00e7\u00f5es internacionais urge necess\u00e1ria para a fruticultura brasileira, neste momento contradit\u00f3rio da humanidade em pleno 2025\u201d, destacou o boletim.&#13;\n<\/p>\n<\/p><\/div>\n<p><script data-cfasync=\"false\">\n    !function (f, b, e, v, n, t, s) {\n        if (f.fbq) return; n = f.fbq = function () {\n            n.callMethod ?\n                n.callMethod.apply(n, arguments) : n.queue.push(arguments)\n        };\n        if (!f._fbq) f._fbq = n; n.push = n; n.loaded = !0; n.version = '2.0';\n        n.queue = []; t = b.createElement(e); t.async = !0;\n        t.src = v; s = b.getElementsByTagName(e)[0];\n        s.parentNode.insertBefore(t, s)\n    }(window, document, 'script',\n        'https:\/\/connect.facebook.net\/en_US\/fbevents.js');\n    fbq('init', '522546078623747');\n    fbq('track', 'PageView');\n<\/script><br \/>\n<br \/><br \/>\n<br \/>Fonte: <a href=\"https:\/\/www.agrolink.com.br\/noticias\/parana-exporta-us--141-milhoes-em-suco-de-laranja_504274.html\">AGROLINK<\/a><\/p>\n","protected":false},"excerpt":{"rendered":"<p>O Paran\u00e1 consolidou sua posi\u00e7\u00e3o como um dos principais estados produtores de laranja do pa\u00eds, com reflexos positivos nas exporta\u00e7\u00f5es do suco da fruta. De acordo com o Boletim de Conjuntura Agropecu\u00e1ria divulgado nesta quinta-feira (24) pelo Departamento de Economia Rural (Deral), da Secretaria de Estado da Agricultura e do Abastecimento (Seab), o estado respondeu [&hellip;]<\/p>\n","protected":false},"author":5,"featured_media":31954,"comment_status":"open","ping_status":"open","sticky":false,"template":"","format":"standard","meta":{"_seopress_robots_primary_cat":"","_seopress_titles_title":"","_seopress_titles_desc":"","_seopress_robots_index":"","footnotes":""},"categories":[53],"tags":[],"class_list":["post-31953","post","type-post","status-publish","format-standard","has-post-thumbnail","hentry","category-agronegocio"],"_links":{"self":[{"href":"https:\/\/mussicom.com\/noticias\/wp-json\/wp\/v2\/posts\/31953","targetHints":{"allow":["GET"]}}],"collection":[{"href":"https:\/\/mussicom.com\/noticias\/wp-json\/wp\/v2\/posts"}],"about":[{"href":"https:\/\/mussicom.com\/noticias\/wp-json\/wp\/v2\/types\/post"}],"author":[{"embeddable":true,"href":"https:\/\/mussicom.com\/noticias\/wp-json\/wp\/v2\/users\/5"}],"replies":[{"embeddable":true,"href":"https:\/\/mussicom.com\/noticias\/wp-json\/wp\/v2\/comments?post=31953"}],"version-history":[{"count":0,"href":"https:\/\/mussicom.com\/noticias\/wp-json\/wp\/v2\/posts\/31953\/revisions"}],"wp:featuredmedia":[{"embeddable":true,"href":"https:\/\/mussicom.com\/noticias\/wp-json\/wp\/v2\/media\/31954"}],"wp:attachment":[{"href":"https:\/\/mussicom.com\/noticias\/wp-json\/wp\/v2\/media?parent=31953"}],"wp:term":[{"taxonomy":"category","embeddable":true,"href":"https:\/\/mussicom.com\/noticias\/wp-json\/wp\/v2\/categories?post=31953"},{"taxonomy":"post_tag","embeddable":true,"href":"https:\/\/mussicom.com\/noticias\/wp-json\/wp\/v2\/tags?post=31953"}],"curies":[{"name":"wp","href":"https:\/\/api.w.org\/{rel}","templated":true}]}}