{"id":31944,"date":"2025-07-24T14:15:56","date_gmt":"2025-07-24T17:15:56","guid":{"rendered":"https:\/\/mussicom.com\/circuito-de-corridas-reunira-mais-de-300-atletas-em-bertioga-neste-sabado-26\/"},"modified":"2025-07-24T14:15:56","modified_gmt":"2025-07-24T17:15:56","slug":"circuito-de-corridas-reunira-mais-de-300-atletas-em-bertioga-neste-sabado-26","status":"publish","type":"post","link":"https:\/\/mussicom.com\/noticias\/circuito-de-corridas-reunira-mais-de-300-atletas-em-bertioga-neste-sabado-26\/","title":{"rendered":"Circuito de corridas reunir\u00e1 mais de 300 atletas em Bertioga neste s\u00e1bado (26)"},"content":{"rendered":"<p> <br \/>\n<\/p>\n<div id=\"texto\">\n<p>A prova ter\u00e1 categorias masculina e feminina, com percurso de 5 km. O circuito conta com tr\u00eas etapas, as inscri\u00e7\u00f5es da segunda etapa j\u00e1 est\u00e3o encerradas. A terceira est\u00e1 marcada para 28 de setembro, \u00e0s 7 horas.<\/p>\n<p>&#13;<br \/>\nA retirada dos kits acontece no s\u00e1bado (26), das 11h \u00e0s 18h, no Complexo P\u00e9 N&#8217;Areia. N\u00e3o haver\u00e1 entrega ap\u00f3s este hor\u00e1rio nem no momento da prova. A inscri\u00e7\u00e3o antecipada \u00e9 obrigat\u00f3ria para o uso do chip e do n\u00famero de identifica\u00e7\u00e3o.<\/p>\n<p>&#13;<br \/>\nHaver\u00e1 premia\u00e7\u00e3o para os tr\u00eas primeiros colocados nas categorias feminina e masculina, al\u00e9m de trof\u00e9us para os sete melhores na classifica\u00e7\u00e3o geral de cada g\u00eanero. Todos os concluintes receber\u00e3o medalhas. O evento \u00e9 organizado pela DKL Sports, com apoio da Prefeitura de Bertioga, e tem como objetivo incentivar a pr\u00e1tica esportiva e promover a inclus\u00e3o social.<\/p>\n<\/p><\/div>\n<p><script async defer crossorigin=\"anonymous\" src=\"https:\/\/connect.facebook.net\/pt_BR\/sdk.js#xfbml=1&#038;version=v12.0&#038;appId=&#038;autoLogAppEvents=1\" nonce=\"ou0fI1lo\"><\/script><br \/>\n<br \/><br \/>\n<br \/>Fonte: <a href=\"https:\/\/www.bs9.com.br\/esportes\/circuito-de-corridas-reunira-mais-de-300-atletas-em-bertioga-neste\/33463\/\">BS9<\/a><\/p>\n","protected":false},"excerpt":{"rendered":"<p>A prova ter\u00e1 categorias masculina e feminina, com percurso de 5 km. O circuito conta com tr\u00eas etapas, as inscri\u00e7\u00f5es da segunda etapa j\u00e1 est\u00e3o encerradas. A terceira est\u00e1 marcada para 28 de setembro, \u00e0s 7 horas. &#13; A retirada dos kits acontece no s\u00e1bado (26), das 11h \u00e0s 18h, no Complexo P\u00e9 N&#8217;Areia. N\u00e3o [&hellip;]<\/p>\n","protected":false},"author":5,"featured_media":31945,"comment_status":"open","ping_status":"open","sticky":false,"template":"","format":"standard","meta":{"_seopress_robots_primary_cat":"","_seopress_titles_title":"","_seopress_titles_desc":"","_seopress_robots_index":"","footnotes":""},"categories":[52],"tags":[],"class_list":["post-31944","post","type-post","status-publish","format-standard","has-post-thumbnail","hentry","category-santoseregiao"],"_links":{"self":[{"href":"https:\/\/mussicom.com\/noticias\/wp-json\/wp\/v2\/posts\/31944","targetHints":{"allow":["GET"]}}],"collection":[{"href":"https:\/\/mussicom.com\/noticias\/wp-json\/wp\/v2\/posts"}],"about":[{"href":"https:\/\/mussicom.com\/noticias\/wp-json\/wp\/v2\/types\/post"}],"author":[{"embeddable":true,"href":"https:\/\/mussicom.com\/noticias\/wp-json\/wp\/v2\/users\/5"}],"replies":[{"embeddable":true,"href":"https:\/\/mussicom.com\/noticias\/wp-json\/wp\/v2\/comments?post=31944"}],"version-history":[{"count":0,"href":"https:\/\/mussicom.com\/noticias\/wp-json\/wp\/v2\/posts\/31944\/revisions"}],"wp:featuredmedia":[{"embeddable":true,"href":"https:\/\/mussicom.com\/noticias\/wp-json\/wp\/v2\/media\/31945"}],"wp:attachment":[{"href":"https:\/\/mussicom.com\/noticias\/wp-json\/wp\/v2\/media?parent=31944"}],"wp:term":[{"taxonomy":"category","embeddable":true,"href":"https:\/\/mussicom.com\/noticias\/wp-json\/wp\/v2\/categories?post=31944"},{"taxonomy":"post_tag","embeddable":true,"href":"https:\/\/mussicom.com\/noticias\/wp-json\/wp\/v2\/tags?post=31944"}],"curies":[{"name":"wp","href":"https:\/\/api.w.org\/{rel}","templated":true}]}}