{"id":31921,"date":"2025-07-24T12:34:54","date_gmt":"2025-07-24T15:34:54","guid":{"rendered":"https:\/\/mussicom.com\/ricardo-hendges-assume-a-diretoria-de-marketing-da-biotrop\/"},"modified":"2025-07-24T12:34:54","modified_gmt":"2025-07-24T15:34:54","slug":"ricardo-hendges-assume-a-diretoria-de-marketing-da-biotrop","status":"publish","type":"post","link":"https:\/\/mussicom.com\/noticias\/ricardo-hendges-assume-a-diretoria-de-marketing-da-biotrop\/","title":{"rendered":"Ricardo Hendges assume a diretoria de marketing da Biotrop"},"content":{"rendered":"<p> <br \/>\n<\/p>\n<div>\n<div class=\"row\">\n<div class=\"col-lg col-infos mt-0 mt-lg-0\">\n<div class=\"section-sub-title\">\n<p itemprop=\"description\">&#13;<br \/>\n                                 Hendges ingressou na Biotrop em agosto de 2021 como gerente regional de vendas&#13;\n                            <\/p>\n<\/p><\/div>\n<div class=\"container\">\n<div class=\"row\">\n<div class=\"col-lg p-0 text-lg-end\">\n<div>\n<div id=\"mdEnviarPagina\" class=\"modal fade\" role=\"dialog\">\n<div class=\"modal-dialog\">\n<div class=\"modal-content\">\n<div class=\"modal-body\">\n<p><strong>Estimado usu\u00e1rio.<\/strong><br \/>Preencha o formul\u00e1rio abaixo para remeter a p\u00e1gina.<\/p>\n<\/p><\/div>\n<\/p><\/div>\n<\/p><\/div>\n<\/div><\/div>\n<\/p><\/div>\n<\/p><\/div>\n<\/p><\/div>\n<\/p><\/div>\n<\/p><\/div>\n<div class=\"row justify-content-md-center mt-3\">\n<div class=\"col-lg-auto col-image block-news-main-image\">\n<p>                                <br \/>\n                                                <span class=\"publicity-photo d-block mt-1\">Foto: Divulga\u00e7\u00e3o<\/span><\/p><\/div>\n<\/p><\/div>\n<div class=\"section-description section-description-noticias mt-3\">\n<p style=\"text-align:justify\">A Biotrop, refer\u00eancia em solu\u00e7\u00f5es biol\u00f3gicas e naturais para o agroneg\u00f3cio, anuncia Ricardo Hendges como seu novo diretor de marketing. Com mais de duas d\u00e9cadas de experi\u00eancia no agroneg\u00f3cio e uma trajet\u00f3ria de destaque dentro da companhia, Hendges ter\u00e1 como miss\u00e3o liderar estrat\u00e9gias que ampliem a presen\u00e7a da marca, acelerem os resultados de neg\u00f3cio e fortale\u00e7am o relacionamento com o mercado e os clientes.&#13;\n<\/p>\n<p style=\"text-align:justify\">Engenheiro agr\u00f4nomo, com MBA e p\u00f3s-gradua\u00e7\u00e3o em neg\u00f3cios e marketing, Hendges ingressou na Biotrop em agosto de 2021 como gerente regional de vendas. Em 2023, foi promovido a gerente da unidade de neg\u00f3cios Sul (BU Sul), consolidando sua experi\u00eancia de lideran\u00e7a e vis\u00e3o estrat\u00e9gica.<\/p>\n<p style=\"text-align:justify\">\u201cAssumo este novo desafio na Biotrop com grande entusiasmo e senso de prop\u00f3sito. Tenho muito orgulho de integrar uma empresa que lidera uma transforma\u00e7\u00e3o concreta no agro, oferecendo solu\u00e7\u00f5es biol\u00f3gicas que geram valor real para o agricultor, resultando em lavouras de alta produtividade ao passo em que tornam o meio ambiente mais saud\u00e1vel e regenerativo. Contribuir com esse movimento \u00e9, sem d\u00favida, inspirador. Como l\u00edderes nesse segmento, temos a miss\u00e3o de ampliar o alcance das nossas tecnologias e potencializar ainda mais o desempenho dos nossos neg\u00f3cios\u201d, destaca Hendges.&#13;\n<\/p>\n<p style=\"text-align:justify\">De acordo com Jonas Hip\u00f3lito, presidente da Biotrop, a nomea\u00e7\u00e3o reflete o reconhecimento de uma trajet\u00f3ria consistente e transformadora:<\/p>\n<p style=\"text-align:justify\">\u201cHendges \u00e9 um profissional altamente comprometido, com vis\u00e3o estrat\u00e9gica, capacidade de execu\u00e7\u00e3o e, acima de tudo, profundo alinhamento com a nossa cultura. Tem a habilidade de cultivar um ambiente colaborativo e de alta performance, estimulando o melhor de cada profissional. Tenho plena confian\u00e7a de que sua lideran\u00e7a vai somar \u00e0s nossas estrat\u00e9gias e fortalecer ainda mais o protagonismo da Biotrop no agroneg\u00f3cio.\u201d<br \/>&#13;<br \/>\n\u00a0<\/p>\n<\/p><\/div>\n<\/p><\/div>\n<p><script data-cfasync=\"false\">\n    !function (f, b, e, v, n, t, s) {\n        if (f.fbq) return; n = f.fbq = function () {\n            n.callMethod ?\n                n.callMethod.apply(n, arguments) : n.queue.push(arguments)\n        };\n        if (!f._fbq) f._fbq = n; n.push = n; n.loaded = !0; n.version = '2.0';\n        n.queue = []; t = b.createElement(e); t.async = !0;\n        t.src = v; s = b.getElementsByTagName(e)[0];\n        s.parentNode.insertBefore(t, s)\n    }(window, document, 'script',\n        'https:\/\/connect.facebook.net\/en_US\/fbevents.js');\n    fbq('init', '522546078623747');\n    fbq('track', 'PageView');\n<\/script><br \/>\n<br \/><br \/>\n<br \/>Fonte: <a href=\"https:\/\/www.agrolink.com.br\/noticias\/ricardo-hendges-assume-a-diretoria-de-marketing-da-biotrop_504268.html\">AGROLINK<\/a><\/p>\n","protected":false},"excerpt":{"rendered":"<p>&#13; Hendges ingressou na Biotrop em agosto de 2021 como gerente regional de vendas&#13; Estimado usu\u00e1rio.Preencha o formul\u00e1rio abaixo para remeter a p\u00e1gina. Foto: Divulga\u00e7\u00e3o A Biotrop, refer\u00eancia em solu\u00e7\u00f5es biol\u00f3gicas e naturais para o agroneg\u00f3cio, anuncia Ricardo Hendges como seu novo diretor de marketing. Com mais de duas d\u00e9cadas de experi\u00eancia no agroneg\u00f3cio e [&hellip;]<\/p>\n","protected":false},"author":5,"featured_media":31922,"comment_status":"open","ping_status":"open","sticky":false,"template":"","format":"standard","meta":{"_seopress_robots_primary_cat":"","_seopress_titles_title":"","_seopress_titles_desc":"","_seopress_robots_index":"","footnotes":""},"categories":[53],"tags":[],"class_list":["post-31921","post","type-post","status-publish","format-standard","has-post-thumbnail","hentry","category-agronegocio"],"_links":{"self":[{"href":"https:\/\/mussicom.com\/noticias\/wp-json\/wp\/v2\/posts\/31921","targetHints":{"allow":["GET"]}}],"collection":[{"href":"https:\/\/mussicom.com\/noticias\/wp-json\/wp\/v2\/posts"}],"about":[{"href":"https:\/\/mussicom.com\/noticias\/wp-json\/wp\/v2\/types\/post"}],"author":[{"embeddable":true,"href":"https:\/\/mussicom.com\/noticias\/wp-json\/wp\/v2\/users\/5"}],"replies":[{"embeddable":true,"href":"https:\/\/mussicom.com\/noticias\/wp-json\/wp\/v2\/comments?post=31921"}],"version-history":[{"count":0,"href":"https:\/\/mussicom.com\/noticias\/wp-json\/wp\/v2\/posts\/31921\/revisions"}],"wp:featuredmedia":[{"embeddable":true,"href":"https:\/\/mussicom.com\/noticias\/wp-json\/wp\/v2\/media\/31922"}],"wp:attachment":[{"href":"https:\/\/mussicom.com\/noticias\/wp-json\/wp\/v2\/media?parent=31921"}],"wp:term":[{"taxonomy":"category","embeddable":true,"href":"https:\/\/mussicom.com\/noticias\/wp-json\/wp\/v2\/categories?post=31921"},{"taxonomy":"post_tag","embeddable":true,"href":"https:\/\/mussicom.com\/noticias\/wp-json\/wp\/v2\/tags?post=31921"}],"curies":[{"name":"wp","href":"https:\/\/api.w.org\/{rel}","templated":true}]}}