{"id":31915,"date":"2025-07-24T12:11:59","date_gmt":"2025-07-24T15:11:59","guid":{"rendered":"https:\/\/mussicom.com\/nao-posso-falar-com-voces-diz-a-jornalistas-sobre-restricoes\/"},"modified":"2025-07-24T12:11:59","modified_gmt":"2025-07-24T15:11:59","slug":"nao-posso-falar-com-voces-diz-a-jornalistas-sobre-restricoes","status":"publish","type":"post","link":"https:\/\/mussicom.com\/noticias\/nao-posso-falar-com-voces-diz-a-jornalistas-sobre-restricoes\/","title":{"rendered":"&#8220;n\u00e3o posso falar com voc\u00eas&#8221;, diz a jornalistas sobre restri\u00e7\u00f5es"},"content":{"rendered":"<p> <br \/>\n<\/p>\n<div>\n<p class=\"postParagraph_post-paragraph-innerHtml__Q5vwc\">O ex-presidente Jair Bolsonaro (PL) afirmou nesta quarta (23) que n\u00e3o poderia se pronunciar a jornalistas sobre as restri\u00e7\u00f5es impostas a ele pelo ministro Alexandre de Moraes, do Supremo Tribunal Federal (STF). No come\u00e7o desta semana, o magistrado o proibiu de dar declara\u00e7\u00f5es que poderiam ser compartilhadas por terceiros nas redes sociais.<\/p>\n<p class=\"postParagraph_post-paragraph-innerHtml__Q5vwc\">A medida de Moraes \u00e9 vista como imposs\u00edvel de ser cumprida, j\u00e1 que Bolsonaro n\u00e3o tem como proibir a divulga\u00e7\u00e3o de trechos de entrevistas nas plataformas \u2013 ou seja, o ex-presidente estaria impedido de falar com jornalistas sob o risco de trechos de entrevistas serem publicados nas redes.<\/p>\n<p class=\"postParagraph_post-paragraph__juWZN\">\u201cN\u00e3o posso fazer nada. Infelizmente n\u00e3o posso conversar com voc\u00eas\u201d, afirmou a jornalistas ao chegar na sede do PL pela manh\u00e3, em Bras\u00edlia. Ao sair, no final da tarde, recebeu o apoio de simpatizantes aos gritos de \u201cfor\u00e7a, presidente\u201d.<\/p>\n<div class=\"postViewMore_post-view-more-container___5wai\" data-mrf-recirculation=\"Post - Veja tamb\u00e9m\">\n<p class=\"gp-styles-module-size-small-afeYRa gp-styles-module-font-family2-afeYRa gp-styles-module-color-secondary-afeYRa gp-styles-module-weight-bold-afeYRa\">VEJA TAMB\u00c9M:<\/p>\n<ul class=\"postViewMore_post-view-more-list__CU_CE\">\n<li class=\"postViewMore_post-view-more-item__2MzRb\">\n<div class=\"postViewMore_post-view-more-image__5gUSe\"><picture class=\"imageDefault_image-container__XGd8_\"><\/picture><\/div>\n<p>Com Bolsonaro silenciado,\u00a0 Michelle assume protagonismo em meio \u00e0 divis\u00e3o no PL<\/li>\n<\/ul>\n<\/div>\n<p class=\"postParagraph_post-paragraph__juWZN\">Bolsonaro \u00e9 alvo de uma s\u00e9rie de medidas cautelares por supostamente estar em conluio com o filho, o deputado federal Eduardo Bolsonaro (PL-SP), para tentar coagir o Judici\u00e1rio brasileiro no processo que apura uma suposta tentativa de golpe de Estado. Eles estariam articulando as san\u00e7\u00f5es aplicadas pelos Estados Unidos ao Brasil, como o tarifa\u00e7o de 50% e a suspens\u00e3o de vistos americanos de ministros da Corte.<\/p>\n<p class=\"postParagraph_post-paragraph-innerHtml__Q5vwc\">Entre as medidas cautelares est\u00e3o o uso de tornozeleira eletr\u00f4nica e a proibi\u00e7\u00e3o de uso das redes sociais. Na segunda (21), Moraes emitiu um novo despacho confirmando a restri\u00e7\u00e3o \u00e0s plataformas pouco antes de Bolsonaro conceder uma entrevista ao <em>Metr\u00f3poles <\/em>e de participar de uma coletiva \u00e0 tarde no Congresso.<\/p>\n<p class=\"postParagraph_post-paragraph__juWZN\">Moraes deu um prazo para que os advogados do ex-presidente se pronunciassem sobre o descumprimento de medidas, como a apari\u00e7\u00e3o nas redes sociais de terceiros.<\/p>\n<p class=\"postParagraph_post-paragraph-innerHtml__Q5vwc\">A defesa argumentou que n\u00e3o houve descumprimento, pediu mais explica\u00e7\u00f5es do magistrado sobre as regras impostas e afirmou que Bolsonaro permanecer\u00e1 em sil\u00eancio at\u00e9 o STF esclarecer a situa\u00e7\u00e3o.<\/p>\n<p class=\"postParagraph_post-paragraph__juWZN\">\u201cDe toda forma, em sinal de respeito absoluto \u00e0 decis\u00e3o da Suprema Corte, o embargante [Bolsonaro] n\u00e3o far\u00e1 qualquer manifesta\u00e7\u00e3o at\u00e9 que haja o esclarecimento apontado nos presentes embargos\u201d, disseram os advogados.<\/p>\n<p class=\"postParagraph_post-paragraph__juWZN\">O ministro ainda n\u00e3o se pronunciou sobre a resposta dada pela defesa de Bolsonaro.<\/p>\n<\/div>\n<p><br \/>\n<br \/>Fonte: <a href=\"https:\/\/www.gazetadopovo.com.br\/republica\/bolsonaro-jornalistas-restricoes-moraes\/\">Revista Oeste<\/a><\/p>\n","protected":false},"excerpt":{"rendered":"<p>O ex-presidente Jair Bolsonaro (PL) afirmou nesta quarta (23) que n\u00e3o poderia se pronunciar a jornalistas sobre as restri\u00e7\u00f5es impostas a ele pelo ministro Alexandre de Moraes, do Supremo Tribunal Federal (STF). No come\u00e7o desta semana, o magistrado o proibiu de dar declara\u00e7\u00f5es que poderiam ser compartilhadas por terceiros nas redes sociais. A medida de [&hellip;]<\/p>\n","protected":false},"author":5,"featured_media":31916,"comment_status":"open","ping_status":"open","sticky":false,"template":"","format":"standard","meta":{"_seopress_robots_primary_cat":"","_seopress_titles_title":"","_seopress_titles_desc":"","_seopress_robots_index":"","footnotes":""},"categories":[1],"tags":[],"class_list":["post-31915","post","type-post","status-publish","format-standard","has-post-thumbnail","hentry","category-ultimas-noticias"],"_links":{"self":[{"href":"https:\/\/mussicom.com\/noticias\/wp-json\/wp\/v2\/posts\/31915","targetHints":{"allow":["GET"]}}],"collection":[{"href":"https:\/\/mussicom.com\/noticias\/wp-json\/wp\/v2\/posts"}],"about":[{"href":"https:\/\/mussicom.com\/noticias\/wp-json\/wp\/v2\/types\/post"}],"author":[{"embeddable":true,"href":"https:\/\/mussicom.com\/noticias\/wp-json\/wp\/v2\/users\/5"}],"replies":[{"embeddable":true,"href":"https:\/\/mussicom.com\/noticias\/wp-json\/wp\/v2\/comments?post=31915"}],"version-history":[{"count":0,"href":"https:\/\/mussicom.com\/noticias\/wp-json\/wp\/v2\/posts\/31915\/revisions"}],"wp:featuredmedia":[{"embeddable":true,"href":"https:\/\/mussicom.com\/noticias\/wp-json\/wp\/v2\/media\/31916"}],"wp:attachment":[{"href":"https:\/\/mussicom.com\/noticias\/wp-json\/wp\/v2\/media?parent=31915"}],"wp:term":[{"taxonomy":"category","embeddable":true,"href":"https:\/\/mussicom.com\/noticias\/wp-json\/wp\/v2\/categories?post=31915"},{"taxonomy":"post_tag","embeddable":true,"href":"https:\/\/mussicom.com\/noticias\/wp-json\/wp\/v2\/tags?post=31915"}],"curies":[{"name":"wp","href":"https:\/\/api.w.org\/{rel}","templated":true}]}}