{"id":31837,"date":"2025-07-24T07:43:38","date_gmt":"2025-07-24T10:43:38","guid":{"rendered":"https:\/\/mussicom.com\/lista-de-criticos-ao-stf-cresce-nos-eua-e-no-mundo\/"},"modified":"2025-07-24T07:43:38","modified_gmt":"2025-07-24T10:43:38","slug":"lista-de-criticos-ao-stf-cresce-nos-eua-e-no-mundo","status":"publish","type":"post","link":"https:\/\/mussicom.com\/noticias\/lista-de-criticos-ao-stf-cresce-nos-eua-e-no-mundo\/","title":{"rendered":"Lista de cr\u00edticos ao STF cresce nos EUA e no mundo"},"content":{"rendered":"<p> <br \/>\n<\/p>\n<div>\n<p class=\"postParagraph_post-paragraph__juWZN\">As recentes decis\u00f5es do ministro Alexandre de Moraes, do Supremo Tribunal Federal (STF), contra o ex-presidente Jair Bolsonaro provocaram uma onda de manifesta\u00e7\u00f5es cr\u00edticas nos Estados Unidos. O movimento foi impulsionado pela atua\u00e7\u00e3o do parlamentar licenciado Eduardo Bolsonaro, que est\u00e1 desde mar\u00e7o no pa\u00eds.<\/p>\n<p class=\"postParagraph_post-paragraph-innerHtml__Q5vwc\">No \u00faltimo dia 18, o secret\u00e1rio de Estado americano, <strong>Marco Rubio<\/strong>, anunciou a revoga\u00e7\u00e3o do visto de Moraes e &#8220;aliados&#8221; no STF, sem citar nominalmente os demais atingidos pela decis\u00e3o.<\/p>\n<p class=\"postParagraph_post-paragraph__juWZN\">Em publica\u00e7\u00e3o no X, ele comunicou a medida contra o magistrado brasileiro, citando pr\u00e1ticas de censura e persegui\u00e7\u00e3o pol\u00edtica contra Bolsonaro.<\/p>\n<p class=\"postParagraph_post-paragraph__juWZN\">\u201cO presidente Trump deixou claro que seu governo responsabilizar\u00e1 estrangeiros respons\u00e1veis pela censura de express\u00e3o protegida nos Estados Unidos. A ca\u00e7a \u00e0s bruxas pol\u00edtica do ministro Alexandre de Moraes, do Supremo Tribunal Federal, contra Jair Bolsonaro criou um complexo de persegui\u00e7\u00e3o e censura t\u00e3o abrangente que n\u00e3o apenas viola direitos b\u00e1sicos dos brasileiros, mas tamb\u00e9m se estende al\u00e9m das fronteiras do Brasil, atingindo os americanos\u201d, escreveu o secret\u00e1rio.<\/p>\n<p class=\"postParagraph_post-paragraph__juWZN\">O an\u00fancio do governo americano rapidamente come\u00e7ou a repercutir entre autoridades e cr\u00edticos de longa data da atua\u00e7\u00e3o de Moraes no Judici\u00e1rio brasileiro.<\/p>\n<p class=\"postParagraph_post-paragraph-innerHtml__Q5vwc\">A deputada republicana <strong>Mar\u00eda Elvira Salazar<\/strong>, que condena h\u00e1 muito tempo a\u00e7\u00f5es do ministro brasileiro e pede san\u00e7\u00f5es contra ele, disse no s\u00e1bado (19) que a revoga\u00e7\u00e3o do visto representa apenas o in\u00edcio de um processo mais amplo de responsabiliza\u00e7\u00e3o.<\/p>\n<p class=\"postParagraph_post-paragraph__juWZN\">&#8220;A revoga\u00e7\u00e3o do visto \u00e9 um come\u00e7o, agora precisamos de responsabiliza\u00e7\u00e3o total&#8221;, escreveu a parlamentar em publica\u00e7\u00e3o na rede X.<\/p>\n<p class=\"postParagraph_post-paragraph__juWZN\">Na postagem, Salazar enfatizou que denuncia os abusos de Moraes &#8220;desde o primeiro dia&#8221; e condenou &#8220;a censura, as pris\u00f5es e a persegui\u00e7\u00e3o pol\u00edtica&#8221; no Brasil, que, segundo ela, &#8220;s\u00e3o incompat\u00edveis com qualquer sistema democr\u00e1tico&#8221;.<\/p>\n<p class=\"postParagraph_post-paragraph-innerHtml__Q5vwc\"><strong>Jason Miller<\/strong>, estrategista de campanha e ex-assessor s\u00eanior do presidente Donald Trump, tamb\u00e9m expressou indigna\u00e7\u00e3o com as recentes decis\u00f5es contra Bolsonaro no STF.<\/p>\n<div class=\"postImage_post-content-image__2CJdu\"><picture class=\"imageDefault_image-container__XGd8_\"><source type=\"image\/webp\" srcset=\"https:\/\/media.gazetadopovo.com.br\/2025\/07\/22115219\/Image-49-488x720.jpg.webp 488w, https:\/\/media.gazetadopovo.com.br\/2025\/07\/22115219\/Image-49-488x540.jpg.webp 488w, https:\/\/media.gazetadopovo.com.br\/2025\/07\/22115219\/Image-49-488x372.jpg.webp 488w, https:\/\/media.gazetadopovo.com.br\/2025\/07\/22115219\/Image-49-380x214.jpg.webp 380w, https:\/\/media.gazetadopovo.com.br\/2025\/07\/22115219\/Image-49-372x372.jpg.webp 372w, https:\/\/media.gazetadopovo.com.br\/2025\/07\/22115219\/Image-49-214x214.jpg.webp 214w, https:\/\/media.gazetadopovo.com.br\/2025\/07\/22115219\/Image-49.jpg.webp 488w\" sizes=\"(max-width: 767px) 328px, 638px\"\/><source type=\"image\/jpeg\" srcset=\"https:\/\/media.gazetadopovo.com.br\/2025\/07\/22115219\/Image-49-488x720.jpg.webp 488w, https:\/\/media.gazetadopovo.com.br\/2025\/07\/22115219\/Image-49-488x540.jpg.webp 488w, https:\/\/media.gazetadopovo.com.br\/2025\/07\/22115219\/Image-49-488x372.jpg.webp 488w, https:\/\/media.gazetadopovo.com.br\/2025\/07\/22115219\/Image-49-380x214.jpg.webp 380w, https:\/\/media.gazetadopovo.com.br\/2025\/07\/22115219\/Image-49-372x372.jpg.webp 372w, https:\/\/media.gazetadopovo.com.br\/2025\/07\/22115219\/Image-49-214x214.jpg.webp 214w, https:\/\/media.gazetadopovo.com.br\/2025\/07\/22115219\/Image-49.jpg.webp 488w\" sizes=\"(max-width: 767px) 328px, 638px\"\/><\/picture><i class=\"postImage_post-image-caption__yoE82\">Publica\u00e7\u00e3o de Jason Miller no X em defesa do ex-presidente Jair Bolsonaro. Cr\u00e9dito: reprodu\u00e7\u00e3o\/X\/@JasonMiller<!-- --> <\/i><\/div>\n<p class=\"postParagraph_post-paragraph__juWZN\">Compartilhando uma nota do tribunal superior brasileiro, Millei declarou no X, na segunda-feira (21): \u201cInacredit\u00e1vel. Alexandre de Moraes NOVAMENTE leva todo o \u2018cr\u00e9dito\u2019 pela persegui\u00e7\u00e3o pol\u00edtica contra o presidente Jair Bolsonaro. Moraes quer que o mundo inteiro saiba que ELE governa o Brasil, n\u00e3o Lula\u201d.<\/p>\n<p class=\"postParagraph_post-paragraph-innerHtml__Q5vwc\"><strong>Mike Benz<\/strong>, ex-funcion\u00e1rio do Departamento de Estado americano e atual diretor executivo da Funda\u00e7\u00e3o para a Liberdade Online, focada na vigil\u00e2ncia da liberdade de express\u00e3o, tamb\u00e9m condenou as restri\u00e7\u00f5es impostas pelo STF a Bolsonaro.<\/p>\n<div class=\"postImage_post-content-image__2CJdu\"><picture class=\"imageDefault_image-container__XGd8_\"><source type=\"image\/webp\" srcset=\"https:\/\/media.gazetadopovo.com.br\/2025\/07\/23113741\/Image-52-1170x720.jpg.webp 1170w, https:\/\/media.gazetadopovo.com.br\/2025\/07\/23113741\/Image-52-960x540.jpg.webp 960w, https:\/\/media.gazetadopovo.com.br\/2025\/07\/23113741\/Image-52-660x372.jpg.webp 660w, https:\/\/media.gazetadopovo.com.br\/2025\/07\/23113741\/Image-52-540x792.jpg.webp 540w, https:\/\/media.gazetadopovo.com.br\/2025\/07\/23113741\/Image-52-380x214.jpg.webp 380w, https:\/\/media.gazetadopovo.com.br\/2025\/07\/23113741\/Image-52-720x720.jpg.webp 720w, https:\/\/media.gazetadopovo.com.br\/2025\/07\/23113741\/Image-52-540x540.jpg.webp 540w, https:\/\/media.gazetadopovo.com.br\/2025\/07\/23113741\/Image-52-372x372.jpg.webp 372w, https:\/\/media.gazetadopovo.com.br\/2025\/07\/23113741\/Image-52-214x214.jpg.webp 214w, https:\/\/media.gazetadopovo.com.br\/2025\/07\/23113741\/Image-52.jpg.webp 1170w\" sizes=\"(max-width: 767px) 328px, 638px\"\/><source type=\"image\/jpeg\" srcset=\"https:\/\/media.gazetadopovo.com.br\/2025\/07\/23113741\/Image-52-1170x720.jpg.webp 1170w, https:\/\/media.gazetadopovo.com.br\/2025\/07\/23113741\/Image-52-960x540.jpg.webp 960w, https:\/\/media.gazetadopovo.com.br\/2025\/07\/23113741\/Image-52-660x372.jpg.webp 660w, https:\/\/media.gazetadopovo.com.br\/2025\/07\/23113741\/Image-52-540x792.jpg.webp 540w, https:\/\/media.gazetadopovo.com.br\/2025\/07\/23113741\/Image-52-380x214.jpg.webp 380w, https:\/\/media.gazetadopovo.com.br\/2025\/07\/23113741\/Image-52-720x720.jpg.webp 720w, https:\/\/media.gazetadopovo.com.br\/2025\/07\/23113741\/Image-52-540x540.jpg.webp 540w, https:\/\/media.gazetadopovo.com.br\/2025\/07\/23113741\/Image-52-372x372.jpg.webp 372w, https:\/\/media.gazetadopovo.com.br\/2025\/07\/23113741\/Image-52-214x214.jpg.webp 214w, https:\/\/media.gazetadopovo.com.br\/2025\/07\/23113741\/Image-52.jpg.webp 1170w\" sizes=\"(max-width: 767px) 328px, 638px\"\/><img loading=\"lazy\" alt=\"\" loading=\"lazy\" width=\"638\" height=\"359\" decoding=\"async\" data-nimg=\"1\" class=\"imageDefault_image-item__lU2Dk\" style=\"color:transparent\" src=\"https:\/\/media.gazetadopovo.com.br\/2025\/07\/23113741\/Image-52.jpg.webp\"\/><\/picture><i class=\"postImage_post-image-caption__yoE82\">Publica\u00e7\u00e3o no X do ex-funcion\u00e1rio do governo Trump Mike Benz em defesa de Bolsonaro. Cr\u00e9dito: reprodu\u00e7\u00e3o\/X\/@mikebenzCyber<!-- --> <\/i><\/div>\n<p class=\"postParagraph_post-paragraph__juWZN\">Na ter\u00e7a-feira (22), ele repostou um v\u00eddeo do ex-presidente com tornozeleira eletr\u00f4nica com um coment\u00e1rio afirmando que &#8220;justi\u00e7a deve chegar ao Brasil&#8221;.<\/p>\n<p class=\"postParagraph_post-paragraph-innerHtml__Q5vwc\">Outra figura da direita americana que esteve envolvida em investiga\u00e7\u00f5es no Congresso dos EUA no ano passado para apurar se as decis\u00f5es judicias de Moraes careciam de legitimidade \u00e9 o deputado republicano <strong>Chris Smith<\/strong>, um dos membros mais antigos do Comit\u00ea de Rela\u00e7\u00f5es Exteriores da C\u00e2mara de Representantes.<\/p>\n<p class=\"postParagraph_post-paragraph__juWZN\">Em junho do ano passado, ele enviou uma carta oficial ao ministro Alexandre de Moraes, expressando &#8220;preocupa\u00e7\u00e3o&#8221; com supostas viola\u00e7\u00f5es de liberdades civis e censura \u00e0 imprensa no Brasil.<\/p>\n<p class=\"postParagraph_post-paragraph-innerHtml__Q5vwc\">Steve Bannon, ex-estrategista pol\u00edtico da Casa Branca durante o primeiro mandato de Trump, falou no in\u00edcio do m\u00eas que o presidente dos Estados Unidos estava &#8220;muito aborrecido&#8221; com a situa\u00e7\u00e3o enfrentada por Jair Bolsonaro no Brasil, em declara\u00e7\u00f5es ao portal <em>Uol.<\/em><\/p>\n<p class=\"postParagraph_post-paragraph__juWZN\">&#8220;Somos grandes apoiadores do movimento Bolsonaro desde que o conhecemos em 2017. E acho que a manifesta\u00e7\u00e3o mostra que o presidente Trump est\u00e1 totalmente ciente do que est\u00e1 acontecendo&#8221;, disse Bannon ao portal brasileiro na ocasi\u00e3o.<\/p>\n<h2 class=\"postParagraph_post-paragraph__juWZN postParagraph_type-tag-h2__TtFkT\">Autoridades da Europa tamb\u00e9m manifestam apoio a Bolsonaro<\/h2>\n<p class=\"postParagraph_post-paragraph-innerHtml__Q5vwc\">As manifesta\u00e7\u00f5es de apoio a Bolsonaro n\u00e3o se restringiram aos Estados Unidos e Brasil. O primeiro-ministro da Hungria, <strong>Viktor Orb\u00e1n<\/strong>, compartilhou uma mensagem nesta semana em defesa do ex-presidente Jair Messias Bolsonaro (PL).<\/p>\n<p class=\"postParagraph_post-paragraph__juWZN\">A mensagem, publicada no X em ingl\u00eas, dizia para o ex-presidente brasileiro continuar lutando em seu julgamento e defendendo o povo brasileiro contra a censura e persegui\u00e7\u00e3o pol\u00edtica.<\/p>\n<p class=\"postParagraph_post-paragraph-innerHtml__Q5vwc\">O vice-primeiro-ministro da It\u00e1lia, <strong>Matteo Salvini<\/strong>, publicou uma mensagem de apoio a Bolsonaro no X em nome dele e de seu partido, o Liga, em resposta a uma publica\u00e7\u00e3o do senador Fl\u00e1vio Bolsonaro.<\/p>\n<div class=\"postImage_post-content-image__2CJdu\"><picture class=\"imageDefault_image-container__XGd8_\"><source type=\"image\/webp\" srcset=\"https:\/\/media.gazetadopovo.com.br\/2025\/07\/23113520\/Image-51-e1753281375177-1168x720.jpg 1168w, https:\/\/media.gazetadopovo.com.br\/2025\/07\/23113520\/Image-51-e1753281375177-960x540.jpg 960w, https:\/\/media.gazetadopovo.com.br\/2025\/07\/23113520\/Image-51-e1753281375177-660x372.jpg 660w, https:\/\/media.gazetadopovo.com.br\/2025\/07\/23113520\/Image-51-e1753281375177-540x1020.jpg 540w, https:\/\/media.gazetadopovo.com.br\/2025\/07\/23113520\/Image-51-e1753281375177-380x214.jpg 380w, https:\/\/media.gazetadopovo.com.br\/2025\/07\/23113520\/Image-51-e1753281375177-720x720.jpg 720w, https:\/\/media.gazetadopovo.com.br\/2025\/07\/23113520\/Image-51-e1753281375177-540x540.jpg 540w, https:\/\/media.gazetadopovo.com.br\/2025\/07\/23113520\/Image-51-e1753281375177-372x372.jpg 372w, https:\/\/media.gazetadopovo.com.br\/2025\/07\/23113520\/Image-51-e1753281375177-214x214.jpg 214w, https:\/\/media.gazetadopovo.com.br\/2025\/07\/23113520\/Image-51-e1753281375177.jpg.webp 1168w\" sizes=\"(max-width: 767px) 328px, 638px\"\/><source type=\"image\/jpeg\" srcset=\"https:\/\/media.gazetadopovo.com.br\/2025\/07\/23113520\/Image-51-e1753281375177-1168x720.jpg 1168w, https:\/\/media.gazetadopovo.com.br\/2025\/07\/23113520\/Image-51-e1753281375177-960x540.jpg 960w, https:\/\/media.gazetadopovo.com.br\/2025\/07\/23113520\/Image-51-e1753281375177-660x372.jpg 660w, https:\/\/media.gazetadopovo.com.br\/2025\/07\/23113520\/Image-51-e1753281375177-540x1020.jpg 540w, https:\/\/media.gazetadopovo.com.br\/2025\/07\/23113520\/Image-51-e1753281375177-380x214.jpg 380w, https:\/\/media.gazetadopovo.com.br\/2025\/07\/23113520\/Image-51-e1753281375177-720x720.jpg 720w, https:\/\/media.gazetadopovo.com.br\/2025\/07\/23113520\/Image-51-e1753281375177-540x540.jpg 540w, https:\/\/media.gazetadopovo.com.br\/2025\/07\/23113520\/Image-51-e1753281375177-372x372.jpg 372w, https:\/\/media.gazetadopovo.com.br\/2025\/07\/23113520\/Image-51-e1753281375177-214x214.jpg 214w, https:\/\/media.gazetadopovo.com.br\/2025\/07\/23113520\/Image-51-e1753281375177.jpg.webp 1168w\" sizes=\"(max-width: 767px) 328px, 638px\"\/><img loading=\"lazy\" alt=\"\" loading=\"lazy\" width=\"638\" height=\"359\" decoding=\"async\" data-nimg=\"1\" class=\"imageDefault_image-item__lU2Dk\" style=\"color:transparent\" src=\"https:\/\/media.gazetadopovo.com.br\/2025\/07\/23113520\/Image-51-e1753281375177.jpg.webp\"\/><\/picture><i class=\"postImage_post-image-caption__yoE82\">Publica\u00e7\u00e3o no X do vice-primeiro-ministro da It\u00e1lia, Matteo Salvini, em apoio a Bolsonaro. Cr\u00e9dito: reprodu\u00e7\u00e3o\/X\/@matteosalvinimi<!-- --> <\/i><\/div>\n<p class=\"postParagraph_post-paragraph__juWZN\">&#8220;Da minha parte e de toda a Liga, nossa mais profunda simpatia e total apoio a voc\u00ea [Fl\u00e1vio] e ao presidente Jair Bolsonaro, perseguido pelo Judici\u00e1rio de esquerda, mas amado por seu povo&#8221;, escreveu Salvini nas redes sociais.<\/p>\n<p class=\"postParagraph_post-paragraph-innerHtml__Q5vwc\">O membro do Parlamento Europeu, representante da Pol\u00f4nia, <strong>Dominik Tarczynski<\/strong> foi outra autoridade de fora dos Estados Unidos que demonstrou apoio p\u00fablico ao ex-presidente.<\/p>\n<div class=\"postImage_post-content-image__2CJdu\"><picture class=\"imageDefault_image-container__XGd8_\"><source type=\"image\/webp\" srcset=\"https:\/\/media.gazetadopovo.com.br\/2025\/07\/23113923\/Image-53-e1753281664884-1168x720.jpg.webp 1168w, https:\/\/media.gazetadopovo.com.br\/2025\/07\/23113923\/Image-53-e1753281664884-960x540.jpg.webp 960w, https:\/\/media.gazetadopovo.com.br\/2025\/07\/23113923\/Image-53-e1753281664884-660x372.jpg.webp 660w, https:\/\/media.gazetadopovo.com.br\/2025\/07\/23113923\/Image-53-e1753281664884-540x862.jpg.webp 540w, https:\/\/media.gazetadopovo.com.br\/2025\/07\/23113923\/Image-53-e1753281664884-380x214.jpg.webp 380w, https:\/\/media.gazetadopovo.com.br\/2025\/07\/23113923\/Image-53-e1753281664884-720x720.jpg.webp 720w, https:\/\/media.gazetadopovo.com.br\/2025\/07\/23113923\/Image-53-e1753281664884-540x540.jpg.webp 540w, https:\/\/media.gazetadopovo.com.br\/2025\/07\/23113923\/Image-53-e1753281664884-372x372.jpg.webp 372w, https:\/\/media.gazetadopovo.com.br\/2025\/07\/23113923\/Image-53-e1753281664884-214x214.jpg.webp 214w, https:\/\/media.gazetadopovo.com.br\/2025\/07\/23113923\/Image-53-e1753281664884.jpg.webp 1168w\" sizes=\"(max-width: 767px) 328px, 638px\"\/><source type=\"image\/jpeg\" srcset=\"https:\/\/media.gazetadopovo.com.br\/2025\/07\/23113923\/Image-53-e1753281664884-1168x720.jpg.webp 1168w, https:\/\/media.gazetadopovo.com.br\/2025\/07\/23113923\/Image-53-e1753281664884-960x540.jpg.webp 960w, https:\/\/media.gazetadopovo.com.br\/2025\/07\/23113923\/Image-53-e1753281664884-660x372.jpg.webp 660w, https:\/\/media.gazetadopovo.com.br\/2025\/07\/23113923\/Image-53-e1753281664884-540x862.jpg.webp 540w, https:\/\/media.gazetadopovo.com.br\/2025\/07\/23113923\/Image-53-e1753281664884-380x214.jpg.webp 380w, https:\/\/media.gazetadopovo.com.br\/2025\/07\/23113923\/Image-53-e1753281664884-720x720.jpg.webp 720w, https:\/\/media.gazetadopovo.com.br\/2025\/07\/23113923\/Image-53-e1753281664884-540x540.jpg.webp 540w, https:\/\/media.gazetadopovo.com.br\/2025\/07\/23113923\/Image-53-e1753281664884-372x372.jpg.webp 372w, https:\/\/media.gazetadopovo.com.br\/2025\/07\/23113923\/Image-53-e1753281664884-214x214.jpg.webp 214w, https:\/\/media.gazetadopovo.com.br\/2025\/07\/23113923\/Image-53-e1753281664884.jpg.webp 1168w\" sizes=\"(max-width: 767px) 328px, 638px\"\/><img loading=\"lazy\" alt=\"\" loading=\"lazy\" width=\"638\" height=\"359\" decoding=\"async\" data-nimg=\"1\" class=\"imageDefault_image-item__lU2Dk\" style=\"color:transparent\" src=\"https:\/\/media.gazetadopovo.com.br\/2025\/07\/23113923\/Image-53-e1753281664884.jpg.webp\"\/><\/picture><i class=\"postImage_post-image-caption__yoE82\">Publica\u00e7\u00e3o no X do membro do Parlamento Europeu Dominik Tarczynski, representante da Pol\u00f4nia. Cr\u00e9dito: reprodu\u00e7\u00e3o\/X\/@D_Tarczynski<!-- --> <\/i><\/div>\n<p class=\"postParagraph_post-paragraph__juWZN\">No X, ele compartilhou a carta de Trump endere\u00e7ada a Bolsonaro mencionando o &#8220;terr\u00edvel tratamento&#8221; dispensado a ele pelo STF no Brasil. Em coment\u00e1rio seguido do documento, o membro do Parlamento europeu escreveu: &#8220;100% de apoio a Bolsonaro&#8221;, marcando o perfil do ex-presidente.<\/p>\n<\/div>\n<p><br \/>\n<br \/>Fonte: <a href=\"https:\/\/www.gazetadopovo.com.br\/mundo\/lista-de-criticos-ao-stf-cresce-nos-eua-apos-atuacao-de-eduardo-bolsonaro\/\">Revista Oeste<\/a><\/p>\n","protected":false},"excerpt":{"rendered":"<p>As recentes decis\u00f5es do ministro Alexandre de Moraes, do Supremo Tribunal Federal (STF), contra o ex-presidente Jair Bolsonaro provocaram uma onda de manifesta\u00e7\u00f5es cr\u00edticas nos Estados Unidos. O movimento foi impulsionado pela atua\u00e7\u00e3o do parlamentar licenciado Eduardo Bolsonaro, que est\u00e1 desde mar\u00e7o no pa\u00eds. No \u00faltimo dia 18, o secret\u00e1rio de Estado americano, Marco Rubio, [&hellip;]<\/p>\n","protected":false},"author":5,"featured_media":31838,"comment_status":"open","ping_status":"open","sticky":false,"template":"","format":"standard","meta":{"_seopress_robots_primary_cat":"","_seopress_titles_title":"","_seopress_titles_desc":"","_seopress_robots_index":"","footnotes":""},"categories":[48],"tags":[],"class_list":["post-31837","post","type-post","status-publish","format-standard","has-post-thumbnail","hentry","category-internacional"],"_links":{"self":[{"href":"https:\/\/mussicom.com\/noticias\/wp-json\/wp\/v2\/posts\/31837","targetHints":{"allow":["GET"]}}],"collection":[{"href":"https:\/\/mussicom.com\/noticias\/wp-json\/wp\/v2\/posts"}],"about":[{"href":"https:\/\/mussicom.com\/noticias\/wp-json\/wp\/v2\/types\/post"}],"author":[{"embeddable":true,"href":"https:\/\/mussicom.com\/noticias\/wp-json\/wp\/v2\/users\/5"}],"replies":[{"embeddable":true,"href":"https:\/\/mussicom.com\/noticias\/wp-json\/wp\/v2\/comments?post=31837"}],"version-history":[{"count":0,"href":"https:\/\/mussicom.com\/noticias\/wp-json\/wp\/v2\/posts\/31837\/revisions"}],"wp:featuredmedia":[{"embeddable":true,"href":"https:\/\/mussicom.com\/noticias\/wp-json\/wp\/v2\/media\/31838"}],"wp:attachment":[{"href":"https:\/\/mussicom.com\/noticias\/wp-json\/wp\/v2\/media?parent=31837"}],"wp:term":[{"taxonomy":"category","embeddable":true,"href":"https:\/\/mussicom.com\/noticias\/wp-json\/wp\/v2\/categories?post=31837"},{"taxonomy":"post_tag","embeddable":true,"href":"https:\/\/mussicom.com\/noticias\/wp-json\/wp\/v2\/tags?post=31837"}],"curies":[{"name":"wp","href":"https:\/\/api.w.org\/{rel}","templated":true}]}}