{"id":31804,"date":"2025-07-24T04:40:43","date_gmt":"2025-07-24T07:40:43","guid":{"rendered":"https:\/\/mussicom.com\/guarda-da-embaixada-dos-eua-na-noruega-e-acusado-de-espionar\/"},"modified":"2025-07-24T04:40:43","modified_gmt":"2025-07-24T07:40:43","slug":"guarda-da-embaixada-dos-eua-na-noruega-e-acusado-de-espionar","status":"publish","type":"post","link":"https:\/\/mussicom.com\/noticias\/guarda-da-embaixada-dos-eua-na-noruega-e-acusado-de-espionar\/","title":{"rendered":"Guarda da embaixada dos EUA na Noruega \u00e9 acusado de espionar"},"content":{"rendered":"<p> <br \/>\n<\/p>\n<div>\n<p class=\"postParagraph_post-paragraph__juWZN\">Um cidad\u00e3o noruegu\u00eas de 27 anos que trabalhava como guarda de seguran\u00e7a para a embaixada dos Estados Unidos na Noruega foi acusado de espionar para a R\u00fassia e o Ir\u00e3. Em troca, ele teria supostamente recebido 200.000 coroas norueguesas (cerca de R$ 110.000) em bitcoins.<\/p>\n<p class=\"postParagraph_post-paragraph__juWZN\">&#8220;Como guarda de seguran\u00e7a, a quantidade de informa\u00e7\u00e3o sens\u00edvel a que ele tem acesso \u00e9 limitada, mas consideramos que se trata de um assunto s\u00e9rio&#8221;, afirmou o promotor Carl Frederik Fari ao canal \u201cTV 2\u201d.<\/p>\n<p class=\"postParagraph_post-paragraph__juWZN\">A acusa\u00e7\u00e3o aponta que o suspeito compartilhou com o Ir\u00e3 e a R\u00fassia dados sobre funcion\u00e1rios da embaixada &#8211; nomes, n\u00fameros de telefone e endere\u00e7os -, bem como informa\u00e7\u00f5es sobre os procedimentos de seguran\u00e7a e imagens do estacionamento e de equipamentos de comunica\u00e7\u00e3o.<\/p>\n<p class=\"postParagraph_post-paragraph__juWZN\">As informa\u00e7\u00f5es foram transmitidas aos supostos contatos russos na S\u00e9rvia e aos contatos iranianos na Turquia.<\/p>\n<p class=\"postParagraph_post-paragraph__juWZN\">A advogada do acusado, Inger Zadig, disse ao \u201cTV 2\u201d que seu cliente reconhece ter compartilhado os dados, mas nega toda responsabilidade por considerar que n\u00e3o se tratava de informa\u00e7\u00e3o secreta.<\/p>\n<p class=\"postParagraph_post-paragraph__juWZN\">O que dever\u00e1 ser esclarecido perante os tribunais, segundo Zadig, \u00e9 a natureza da informa\u00e7\u00e3o e se o fato de t\u00ea-la compartilhado afeta os interesses nacionais da Noruega ou dos Estados Unidos.<\/p>\n<p class=\"postParagraph_post-paragraph__juWZN\">O acusado figura como copropriet\u00e1rio e diretor-geral de uma empresa de seguran\u00e7a que havia recebido aprova\u00e7\u00e3o da pol\u00edcia de Oslo para vigiar \u00e1reas p\u00fablicas e privadas.<\/p>\n<p class=\"postParagraph_post-paragraph__juWZN\">A empresa oferecia tamb\u00e9m servi\u00e7os de guarda-costas, seguran\u00e7a para embaixadas e para resid\u00eancias privadas, al\u00e9m de servi\u00e7os de transporte.<\/p>\n<\/div>\n<p><br \/>\n<br \/>Fonte: <a href=\"https:\/\/www.gazetadopovo.com.br\/mundo\/guarda-da-embaixada-dos-eua-na-noruega-e-acusado-de-espionar-para-russia-e-ira\/\">Revista Oeste<\/a><\/p>\n","protected":false},"excerpt":{"rendered":"<p>Um cidad\u00e3o noruegu\u00eas de 27 anos que trabalhava como guarda de seguran\u00e7a para a embaixada dos Estados Unidos na Noruega foi acusado de espionar para a R\u00fassia e o Ir\u00e3. Em troca, ele teria supostamente recebido 200.000 coroas norueguesas (cerca de R$ 110.000) em bitcoins. &#8220;Como guarda de seguran\u00e7a, a quantidade de informa\u00e7\u00e3o sens\u00edvel a [&hellip;]<\/p>\n","protected":false},"author":5,"featured_media":31805,"comment_status":"open","ping_status":"open","sticky":false,"template":"","format":"standard","meta":{"_seopress_robots_primary_cat":"","_seopress_titles_title":"","_seopress_titles_desc":"","_seopress_robots_index":"","footnotes":""},"categories":[48],"tags":[],"class_list":["post-31804","post","type-post","status-publish","format-standard","has-post-thumbnail","hentry","category-internacional"],"_links":{"self":[{"href":"https:\/\/mussicom.com\/noticias\/wp-json\/wp\/v2\/posts\/31804","targetHints":{"allow":["GET"]}}],"collection":[{"href":"https:\/\/mussicom.com\/noticias\/wp-json\/wp\/v2\/posts"}],"about":[{"href":"https:\/\/mussicom.com\/noticias\/wp-json\/wp\/v2\/types\/post"}],"author":[{"embeddable":true,"href":"https:\/\/mussicom.com\/noticias\/wp-json\/wp\/v2\/users\/5"}],"replies":[{"embeddable":true,"href":"https:\/\/mussicom.com\/noticias\/wp-json\/wp\/v2\/comments?post=31804"}],"version-history":[{"count":0,"href":"https:\/\/mussicom.com\/noticias\/wp-json\/wp\/v2\/posts\/31804\/revisions"}],"wp:featuredmedia":[{"embeddable":true,"href":"https:\/\/mussicom.com\/noticias\/wp-json\/wp\/v2\/media\/31805"}],"wp:attachment":[{"href":"https:\/\/mussicom.com\/noticias\/wp-json\/wp\/v2\/media?parent=31804"}],"wp:term":[{"taxonomy":"category","embeddable":true,"href":"https:\/\/mussicom.com\/noticias\/wp-json\/wp\/v2\/categories?post=31804"},{"taxonomy":"post_tag","embeddable":true,"href":"https:\/\/mussicom.com\/noticias\/wp-json\/wp\/v2\/tags?post=31804"}],"curies":[{"name":"wp","href":"https:\/\/api.w.org\/{rel}","templated":true}]}}