{"id":31785,"date":"2025-07-24T03:03:04","date_gmt":"2025-07-24T06:03:04","guid":{"rendered":"https:\/\/mussicom.com\/sancoes-dos-eua-sao-inadmissiveis-afirma-temer\/"},"modified":"2025-07-24T03:03:04","modified_gmt":"2025-07-24T06:03:04","slug":"sancoes-dos-eua-sao-inadmissiveis-afirma-temer","status":"publish","type":"post","link":"https:\/\/mussicom.com\/noticias\/sancoes-dos-eua-sao-inadmissiveis-afirma-temer\/","title":{"rendered":"San\u00e7\u00f5es dos EUA s\u00e3o &#8220;inadmiss\u00edveis&#8221;, afirma Temer"},"content":{"rendered":"<p> <br \/>\n<\/p>\n<div>\n<p class=\"postParagraph_post-paragraph__juWZN\">O ex-presidente Michel Temer afirmou repudiar as san\u00e7\u00f5es dos EUA contra o Brasil. Para ele, o tarifa\u00e7o americano \u00e9 &#8220;despropositado&#8221; e o cancelamento dos vistos de oito dos onze ministros do Supremo Tribunal Federal (STF) \u00e9 &#8220;lament\u00e1vel, injustific\u00e1vel e inadmiss\u00edvel&#8221;. O pronunciamento foi feito em v\u00eddeo publicado na sua conta na rede social X nesta quarta-feira (23).<\/p>\n<p class=\"postParagraph_post-paragraph__juWZN\">Temer foi o respons\u00e1vel por indicar Alexandre de Moraes ao posto de ministro do STF em 2017. Atualmente, Moraes est\u00e1 no centro da crise diplom\u00e1tica entre o Brasil e os Estados Unidos. Isso se deve ao fato de que o presidente americano, Donald Trump, considera que o ministro promove uma &#8220;ca\u00e7a \u00e0s bruxas&#8221; contra o ex-presidente Jair Bolsonaro.<\/p>\n<p class=\"postParagraph_post-paragraph__juWZN\">Em sua fala, apesar de considerar inadmiss\u00edveis as san\u00e7\u00f5es dos EUA, Temer afirmou que tal situa\u00e7\u00e3o n\u00e3o se resolve com &#8220;bravatas&#8221; e &#8220;agress\u00f5es&#8221;. Para ele, a solu\u00e7\u00e3o deve se dar por meio do di\u00e1logo, &#8220;especialmente entre na\u00e7\u00f5es parceiras&#8221;. E apontou que isso deve ocorrer por meio &#8220;da diplomacia tradicional, pelo contato dos legislativos e pela interlocu\u00e7\u00e3o entre os chefes dos respectivos governos&#8221;.<\/p>\n<p class=\"postParagraph_post-paragraph__juWZN\">Sem citar o presidente Lula, Temer alertou que o momento exige &#8220;experi\u00eancia&#8221; e &#8220;a\u00e7\u00f5es respons\u00e1veis&#8221;. E disse considerar este um &#8220;tempo sombrio&#8221;, no qual \u00e9 preciso executar um &#8220;c\u00e1lculo estrat\u00e9gico&#8221; para evitar que a situa\u00e7\u00e3o se transforme &#8220;em uma esp\u00e9cie de briga de rua&#8221; entre compatriotas e tamb\u00e9m entre na\u00e7\u00f5es.<\/p>\n<h2 class=\"postParagraph_post-paragraph__juWZN postParagraph_type-tag-h2__TtFkT\">Passo a passo da crise<\/h2>\n<p class=\"postParagraph_post-paragraph__juWZN\">No \u00faltimo dia 6, Trump amea\u00e7ou taxar &#8220;qualquer pa\u00eds que se alinhasse \u00e0s pol\u00edticas antiamericanas do Brics&#8221;. A fala foi feita ap\u00f3s uma reuni\u00e3o do bloco que re\u00fane pa\u00edses como Brasil, China, R\u00fassia e \u00cdndia. No dia seguinte, Lula criticou o presidente americano, afirmando que n\u00e3o aceitaria &#8220;intromiss\u00e3o de quem quer que seja nas nossas decis\u00f5es soberanas&#8221;.<\/p>\n<p class=\"postParagraph_post-paragraph__juWZN\">\u201cN\u00e3o aceitamos nenhuma reclama\u00e7\u00e3o contra a reuni\u00e3o do Brics. N\u00e3o concordamos quando o presidente dos Estados Unidos insinuou que vai taxar os pa\u00edses do Brics&#8221;, disse Lula.<\/p>\n<p class=\"postParagraph_post-paragraph__juWZN\">Nesse mesmo dia, no entanto, Trump havia sa\u00eddo em defesa do ex-presidente Jair Bolsonaro, afirmando que ele estava sendo perseguido pelo sistema no Brasil. Sobre isso, Lula n\u00e3o comentou diretamente.<\/p>\n<p class=\"postParagraph_post-paragraph__juWZN\">No dia 9, Trump enviou uma carta a Lula na qual afirmava que Bolsonaro estava sofrendo &#8220;uma ca\u00e7a \u00e0s bruxas&#8221; que deveria &#8220;acabar\u00a0imediatamente&#8221;. E disse ainda que o STF havia emitido &#8220;centenas de ordens de censura secretas e ilegais \u00e0s plataformas de m\u00eddia social dos EUA&#8221;, por meio das quais atacava &#8220;os direitos fundamentais de liberdade de express\u00e3o dos americanos&#8221;. Por essas raz\u00f5es, anunciou que taxaria os produtos brasileiros exportados para a Am\u00e9rica em 50% a partir de 1\u00ba de agosto. Essa foi a primeira das san\u00e7\u00f5es dos EUA ao Brasil.<\/p>\n<p class=\"postParagraph_post-paragraph__juWZN\">Na escalada das tens\u00f5es, Trump publicou uma carta em sua rede social pr\u00f3pria, a Truth Social, endere\u00e7ada a Bolsonaro no dia 17. Nela, o presidente americano afirma estar acompanhando &#8220;o terr\u00edvel tratamento que o senhor (Bolsonaro) est\u00e1 recebendo nas m\u00e3os de um sistema injusto voltado contra o senhor. Este julgamento deve terminar imediatamente!&#8221;<\/p>\n<p class=\"postParagraph_post-paragraph__juWZN\">No dia 18, Moraes imp\u00f4s uma s\u00e9rie de medidas cautelares contra Bolsonaro, que v\u00e3o desde o uso de tornozeleira eletr\u00f4nica at\u00e9 a proibi\u00e7\u00e3o de falar com o filho, Eduardo Bolsonaro, e de se aproximar de embaixadas. Horas depois, o governo americano cancelou os vistos de Moraes e de outros sete ministros do STF, al\u00e9m do procurador-geral da Rep\u00fablica, Paulo Gonet, e dos familiares pr\u00f3ximos deles.<\/p>\n<\/div>\n<p><br \/>\n<br \/>Fonte: <a href=\"https:\/\/www.gazetadopovo.com.br\/republica\/temer-critica-sancoes-eua-stf\/\">Revista Oeste<\/a><\/p>\n","protected":false},"excerpt":{"rendered":"<p>O ex-presidente Michel Temer afirmou repudiar as san\u00e7\u00f5es dos EUA contra o Brasil. Para ele, o tarifa\u00e7o americano \u00e9 &#8220;despropositado&#8221; e o cancelamento dos vistos de oito dos onze ministros do Supremo Tribunal Federal (STF) \u00e9 &#8220;lament\u00e1vel, injustific\u00e1vel e inadmiss\u00edvel&#8221;. O pronunciamento foi feito em v\u00eddeo publicado na sua conta na rede social X nesta [&hellip;]<\/p>\n","protected":false},"author":5,"featured_media":31786,"comment_status":"open","ping_status":"open","sticky":false,"template":"","format":"standard","meta":{"_seopress_robots_primary_cat":"","_seopress_titles_title":"","_seopress_titles_desc":"","_seopress_robots_index":"","footnotes":""},"categories":[1],"tags":[],"class_list":["post-31785","post","type-post","status-publish","format-standard","has-post-thumbnail","hentry","category-ultimas-noticias"],"_links":{"self":[{"href":"https:\/\/mussicom.com\/noticias\/wp-json\/wp\/v2\/posts\/31785","targetHints":{"allow":["GET"]}}],"collection":[{"href":"https:\/\/mussicom.com\/noticias\/wp-json\/wp\/v2\/posts"}],"about":[{"href":"https:\/\/mussicom.com\/noticias\/wp-json\/wp\/v2\/types\/post"}],"author":[{"embeddable":true,"href":"https:\/\/mussicom.com\/noticias\/wp-json\/wp\/v2\/users\/5"}],"replies":[{"embeddable":true,"href":"https:\/\/mussicom.com\/noticias\/wp-json\/wp\/v2\/comments?post=31785"}],"version-history":[{"count":0,"href":"https:\/\/mussicom.com\/noticias\/wp-json\/wp\/v2\/posts\/31785\/revisions"}],"wp:featuredmedia":[{"embeddable":true,"href":"https:\/\/mussicom.com\/noticias\/wp-json\/wp\/v2\/media\/31786"}],"wp:attachment":[{"href":"https:\/\/mussicom.com\/noticias\/wp-json\/wp\/v2\/media?parent=31785"}],"wp:term":[{"taxonomy":"category","embeddable":true,"href":"https:\/\/mussicom.com\/noticias\/wp-json\/wp\/v2\/categories?post=31785"},{"taxonomy":"post_tag","embeddable":true,"href":"https:\/\/mussicom.com\/noticias\/wp-json\/wp\/v2\/tags?post=31785"}],"curies":[{"name":"wp","href":"https:\/\/api.w.org\/{rel}","templated":true}]}}