{"id":31774,"date":"2025-07-24T02:03:45","date_gmt":"2025-07-24T05:03:45","guid":{"rendered":"https:\/\/mussicom.com\/cubatenses-ja-podem-consultar-resultado-da-primeira-fase-do-alistamento-militar-de-2025\/"},"modified":"2025-07-24T02:03:45","modified_gmt":"2025-07-24T05:03:45","slug":"cubatenses-ja-podem-consultar-resultado-da-primeira-fase-do-alistamento-militar-de-2025","status":"publish","type":"post","link":"https:\/\/mussicom.com\/noticias\/cubatenses-ja-podem-consultar-resultado-da-primeira-fase-do-alistamento-militar-de-2025\/","title":{"rendered":"Cubatenses j\u00e1 podem consultar resultado da primeira fase do Alistamento Militar de 2025"},"content":{"rendered":"<p> <br \/>\n<\/p>\n<div id=\"texto\">\n<p>Jovens cubatenses que se alistaram este ano j\u00e1 podem consultar o resultado da primeira fase do Alistamento Militar Classe 2007 \u2013 Ano 2025. Na atual fase, todos devem comparecer \u00e0 Junta Militar de Cubat\u00e3o, entre 14 de agosto e 4 de setembro.<\/p>\n<p>\u00a0<\/p>\n<p>A lista completa pode ser acessada\u00a0AQUI\u00a0ou copiando e colando no navegador o endere\u00e7o:\u00a0https:\/\/www.cubatao.sp.gov.br\/wp-content\/uploads\/2025\/07\/RESULTADO_DA_1a_FASE_CLASSE_2007__ANO_2025.pdf.<\/p>\n<p>\u00a0<\/p>\n<p>Vale refor\u00e7ar que cada jovem alistado tem data e hor\u00e1rio agendados para comparecer \u00e0 Junta Militar de Cubat\u00e3o, basta consultar a listagem.<\/p>\n<p>\u00a0<\/p>\n<p>Os candidatos dispensados devem comparecer \u00e0 Junta Militar para efetuar o pagamento das taxas e agendar o Juramento \u00e0 Bandeira. J\u00e1 refrat\u00e1rios devem comparecer \u00e0 Junta para efetuar o pagamento da multa e retirar o encaminhamento para Comiss\u00e3o Geral de Sele\u00e7\u00e3o. Por fim, os convocados precisam comparecer ao local e data agendados de camisa branca e cal\u00e7a jeans, com RG e Certificado de Alistamento, para realizar o juramento \u00e0 bandeira.<\/p>\n<p>\u00a0<\/p>\n<p>A Junta Militar de Cubat\u00e3o fica na Av. Dr. Fernando Costa, n\u00ba 1096, na Vila Couto. O hor\u00e1rio de atendimento \u00e9 das 9h30 \u00e0s 11h30 e 13h30 \u00e0s 15h30, de segunda a sexta-feira. Para mais informa\u00e7\u00f5es, basta entrar em contato pelo WhatsApp (13) 3512-5092.<\/p>\n<\/p><\/div>\n<p><script async defer crossorigin=\"anonymous\" src=\"https:\/\/connect.facebook.net\/pt_BR\/sdk.js#xfbml=1&#038;version=v12.0&#038;appId=&#038;autoLogAppEvents=1\" nonce=\"ou0fI1lo\"><\/script><br \/>\n<br \/><br \/>\n<br \/>Fonte: <a href=\"https:\/\/www.bs9.com.br\/litoral\/cubatenses-ja-podem-consultar-resultado-da-primeira-fase-do\/33448\/\">BS9<\/a><\/p>\n","protected":false},"excerpt":{"rendered":"<p>Jovens cubatenses que se alistaram este ano j\u00e1 podem consultar o resultado da primeira fase do Alistamento Militar Classe 2007 \u2013 Ano 2025. Na atual fase, todos devem comparecer \u00e0 Junta Militar de Cubat\u00e3o, entre 14 de agosto e 4 de setembro. \u00a0 A lista completa pode ser acessada\u00a0AQUI\u00a0ou copiando e colando no navegador o [&hellip;]<\/p>\n","protected":false},"author":5,"featured_media":31775,"comment_status":"open","ping_status":"open","sticky":false,"template":"","format":"standard","meta":{"_seopress_robots_primary_cat":"","_seopress_titles_title":"","_seopress_titles_desc":"","_seopress_robots_index":"","footnotes":""},"categories":[52],"tags":[],"class_list":["post-31774","post","type-post","status-publish","format-standard","has-post-thumbnail","hentry","category-santoseregiao"],"_links":{"self":[{"href":"https:\/\/mussicom.com\/noticias\/wp-json\/wp\/v2\/posts\/31774","targetHints":{"allow":["GET"]}}],"collection":[{"href":"https:\/\/mussicom.com\/noticias\/wp-json\/wp\/v2\/posts"}],"about":[{"href":"https:\/\/mussicom.com\/noticias\/wp-json\/wp\/v2\/types\/post"}],"author":[{"embeddable":true,"href":"https:\/\/mussicom.com\/noticias\/wp-json\/wp\/v2\/users\/5"}],"replies":[{"embeddable":true,"href":"https:\/\/mussicom.com\/noticias\/wp-json\/wp\/v2\/comments?post=31774"}],"version-history":[{"count":0,"href":"https:\/\/mussicom.com\/noticias\/wp-json\/wp\/v2\/posts\/31774\/revisions"}],"wp:featuredmedia":[{"embeddable":true,"href":"https:\/\/mussicom.com\/noticias\/wp-json\/wp\/v2\/media\/31775"}],"wp:attachment":[{"href":"https:\/\/mussicom.com\/noticias\/wp-json\/wp\/v2\/media?parent=31774"}],"wp:term":[{"taxonomy":"category","embeddable":true,"href":"https:\/\/mussicom.com\/noticias\/wp-json\/wp\/v2\/categories?post=31774"},{"taxonomy":"post_tag","embeddable":true,"href":"https:\/\/mussicom.com\/noticias\/wp-json\/wp\/v2\/tags?post=31774"}],"curies":[{"name":"wp","href":"https:\/\/api.w.org\/{rel}","templated":true}]}}