{"id":31760,"date":"2025-07-24T01:03:02","date_gmt":"2025-07-24T04:03:02","guid":{"rendered":"https:\/\/mussicom.com\/cultsp-pro-promove-dia-26-07-acao-formativa-praticas-de-composicao-corporal-em-sao-vicente\/"},"modified":"2025-07-24T01:03:02","modified_gmt":"2025-07-24T04:03:02","slug":"cultsp-pro-promove-dia-26-07-acao-formativa-praticas-de-composicao-corporal-em-sao-vicente","status":"publish","type":"post","link":"https:\/\/mussicom.com\/noticias\/cultsp-pro-promove-dia-26-07-acao-formativa-praticas-de-composicao-corporal-em-sao-vicente\/","title":{"rendered":"CULTSP PRO promove dia 26\/07 A\u00e7\u00e3o Formativa Pr\u00e1ticas de Composi\u00e7\u00e3o Corporal em S\u00e3o Vicente"},"content":{"rendered":"<p> <br \/>\n<\/p>\n<div id=\"texto\">\n<p>O\u00a0<strong>CULTSP PRO \u2013 Escolas de Profissionais da Cultura<\/strong>, programa da\u00a0<strong>Secretaria da Cultura, Economia e Ind\u00fastria Criativas do Estado de S\u00e3o Paulo<\/strong>, promove no\u00a0<strong>dia 26 de julho, \u00e0s 14h, em S\u00e3o Vicente<\/strong>, a a\u00e7\u00e3o formativa\u00a0<strong>\u201cPr\u00e1ticas de Composi\u00e7\u00e3o Corporal\u201d<\/strong>. A atividade integra o Programa de Qualifica\u00e7\u00e3o em Artes \u2013 Teatro (PQT) e tem como objetivo oferecer experi\u00eancias e reflex\u00f5es voltadas \u00e0 cria\u00e7\u00e3o e express\u00e3o corporal no contexto c\u00eanico. A participa\u00e7\u00e3o \u00e9 gratuita e n\u00e3o requer inscri\u00e7\u00e3o pr\u00e9via. A gest\u00e3o do programa \u00e9 realizada pelo idg \u2013 Instituto de Desenvolvimento Social.<\/p>\n<p>\u00a0<\/p>\n<p>A a\u00e7\u00e3o formativa prop\u00f5e um treinamento voltado \u00e0 escuta sens\u00edvel e \u00e0 disponibilidade criativa, por meio de exerc\u00edcios que estimulam o desenvolvimento de um \u201cestado de jogo\u201d \u2013 uma postura de presen\u00e7a, escuta ativa e adaptabilidade. Essa condi\u00e7\u00e3o \u00e9 essencial para que o\/a ator\/atriz-criador\/a esteja preparado\/a para os processos de cria\u00e7\u00e3o e constru\u00e7\u00e3o dramat\u00fargica, tanto em trabalhos individuais quanto coletivos. O \u201cestado de jogo\u201d amplia a capacidade de intera\u00e7\u00e3o e inven\u00e7\u00e3o, permitindo que o\/a artista atue criativamente com todos os elementos presentes em cena \u2013 sejam parceiros animados ou inanimados.<\/p>\n<p>\u00a0<\/p>\n<p>A atividade ser\u00e1 orientada por Rita Grillo, mestra em Artes C\u00eanicas pela Universidade Paris 8, que atua h\u00e1 mais de 20 anos entre Brasil e Fran\u00e7a como diretora, atriz e professora. Dirigiu recentemente Stalking \u2013 um conto de terror documental (2022\u20132025), e atuou em Les H\u00e9ro\u00efdes, com dire\u00e7\u00e3o de Flavia Lorenzi (Th\u00e9\u00e2tre du Soleil\/2023\u20132024), e moscou para principiantes, de Aline Fil\u00f3como (TUSP\/2022). Como diretora, estreou com Ningu\u00e9m no Plural (2013), e foi assistente de dire\u00e7\u00e3o de nomes como Catherine Marnas, Anne Kessler e Bim de Verdier. Com forte atua\u00e7\u00e3o pedag\u00f3gica, fundou e dirige o Laborat\u00f3rio de Teatro do Litoral (Bertioga\/SP) e lecionou em institui\u00e7\u00f5es como Conservat\u00f3rio de Tatu\u00ed, Escola C\u00e9lia Helena, Oficina Cultural Oswald de Andrade, Universidade Paris 8, Conservat\u00f3rio Municipal de Paris e \u00c9cole du Jeu. Tamb\u00e9m foi professora por 10 anos na Globe-sp.<\/p>\n<p>\u00a0<\/p>\n<p>As A\u00e7\u00f5es Formativas do\u00a0<strong>Programa de Qualifica\u00e7\u00e3o em Artes \u2013 Teatro (PQT)<\/strong>\u00a0se configuram como encontros abertos para outros grupos, n\u00facleos e\/ou coletivos do territ\u00f3rio com o objetivo de ampliar a participa\u00e7\u00e3o de artistas da regi\u00e3o nos processos do CULTSP PRO, fomentar o protagonismo do grupos de teatro orientados e divulgar o PQT para aumentar o interesse nas pr\u00f3ximas edi\u00e7\u00f5es.<\/p>\n<p>\u00a0<\/p>\n<p><strong>O CULTSP PRO \u2013 Escolas de Profissionais da Cultura<\/strong>\u00a0\u00e9 um programa voltado \u00e0 forma\u00e7\u00e3o e qualifica\u00e7\u00e3o do setor cultural e criativo no Brasil.\u00a0 Dividido em seis escolas tem\u00e1ticas, o CULTSP PRO oferece forma\u00e7\u00f5es alinhadas \u00e0s diferentes \u00e1reas da cultura e economia criativa. As escolas abrangem desde artes c\u00eanicas, produ\u00e7\u00e3o musical e cenografia at\u00e9 curadoria, gest\u00e3o de museus, audiovisual, games, design gr\u00e1fico, fotografia, gastronomia, moda sustent\u00e1vel e empreendedorismo cultural. O Programa Qualifica\u00e7\u00e3o em Artes: Dan\u00e7a e Teatro tamb\u00e9m integra a iniciativa, com foco no fortalecimento de grupos art\u00edsticos e valoriza\u00e7\u00e3o das culturas regionais.<\/p>\n<p>\u00a0<\/p>\n<p><strong>SERVI\u00c7O<\/strong><br \/>&#13;<br \/>\n<strong>Nome da a\u00e7\u00e3o:<\/strong>\u00a0A\u00e7\u00e3o Formativa Pr\u00e1ticas de Composi\u00e7\u00e3o Corporal<br \/>&#13;<br \/>\n<strong>Data:\u00a0<\/strong>26\/07<strong>\u00a0<\/strong><br \/>&#13;<br \/>\n<strong>Hor\u00e1rio:\u00a0<\/strong>14hs<br \/>&#13;<br \/>\n<strong>Local:\u00a0<\/strong>Oficinas Culturais Prof\u00ba Oswaldo N\u00e9vola Filho<br \/>&#13;<br \/>\n<strong>Endere\u00e7o:\u00a0<\/strong>Rua Tenente Durval do Amaral, n\u00ba 72 &#8211; Catiapo\u00e3<\/p>\n<\/p><\/div>\n<p><script async defer crossorigin=\"anonymous\" src=\"https:\/\/connect.facebook.net\/pt_BR\/sdk.js#xfbml=1&#038;version=v12.0&#038;appId=&#038;autoLogAppEvents=1\" nonce=\"ou0fI1lo\"><\/script><br \/>\n<br \/><br \/>\n<br \/>Fonte: <a href=\"https:\/\/www.bs9.com.br\/litoral\/cultsp-pro-promove-dia-2607-acao-formativa-praticas-de-composicao\/33449\/\">BS9<\/a><\/p>\n","protected":false},"excerpt":{"rendered":"<p>O\u00a0CULTSP PRO \u2013 Escolas de Profissionais da Cultura, programa da\u00a0Secretaria da Cultura, Economia e Ind\u00fastria Criativas do Estado de S\u00e3o Paulo, promove no\u00a0dia 26 de julho, \u00e0s 14h, em S\u00e3o Vicente, a a\u00e7\u00e3o formativa\u00a0\u201cPr\u00e1ticas de Composi\u00e7\u00e3o Corporal\u201d. A atividade integra o Programa de Qualifica\u00e7\u00e3o em Artes \u2013 Teatro (PQT) e tem como objetivo oferecer experi\u00eancias [&hellip;]<\/p>\n","protected":false},"author":5,"featured_media":31761,"comment_status":"open","ping_status":"open","sticky":false,"template":"","format":"standard","meta":{"_seopress_robots_primary_cat":"","_seopress_titles_title":"","_seopress_titles_desc":"","_seopress_robots_index":"","footnotes":""},"categories":[52],"tags":[],"class_list":["post-31760","post","type-post","status-publish","format-standard","has-post-thumbnail","hentry","category-santoseregiao"],"_links":{"self":[{"href":"https:\/\/mussicom.com\/noticias\/wp-json\/wp\/v2\/posts\/31760","targetHints":{"allow":["GET"]}}],"collection":[{"href":"https:\/\/mussicom.com\/noticias\/wp-json\/wp\/v2\/posts"}],"about":[{"href":"https:\/\/mussicom.com\/noticias\/wp-json\/wp\/v2\/types\/post"}],"author":[{"embeddable":true,"href":"https:\/\/mussicom.com\/noticias\/wp-json\/wp\/v2\/users\/5"}],"replies":[{"embeddable":true,"href":"https:\/\/mussicom.com\/noticias\/wp-json\/wp\/v2\/comments?post=31760"}],"version-history":[{"count":0,"href":"https:\/\/mussicom.com\/noticias\/wp-json\/wp\/v2\/posts\/31760\/revisions"}],"wp:featuredmedia":[{"embeddable":true,"href":"https:\/\/mussicom.com\/noticias\/wp-json\/wp\/v2\/media\/31761"}],"wp:attachment":[{"href":"https:\/\/mussicom.com\/noticias\/wp-json\/wp\/v2\/media?parent=31760"}],"wp:term":[{"taxonomy":"category","embeddable":true,"href":"https:\/\/mussicom.com\/noticias\/wp-json\/wp\/v2\/categories?post=31760"},{"taxonomy":"post_tag","embeddable":true,"href":"https:\/\/mussicom.com\/noticias\/wp-json\/wp\/v2\/tags?post=31760"}],"curies":[{"name":"wp","href":"https:\/\/api.w.org\/{rel}","templated":true}]}}