{"id":31692,"date":"2025-07-23T20:32:31","date_gmt":"2025-07-23T23:32:31","guid":{"rendered":"https:\/\/mussicom.com\/milei-escala-rixa-com-vice-em-evento-libertario-na-argentina\/"},"modified":"2025-07-23T20:32:31","modified_gmt":"2025-07-23T23:32:31","slug":"milei-escala-rixa-com-vice-em-evento-libertario-na-argentina","status":"publish","type":"post","link":"https:\/\/mussicom.com\/noticias\/milei-escala-rixa-com-vice-em-evento-libertario-na-argentina\/","title":{"rendered":"Milei escala rixa com vice em evento libert\u00e1rio na Argentina"},"content":{"rendered":"<p> <br \/>\n<\/p>\n<div>\n<p class=\"postParagraph_post-paragraph__juWZN\">O presidente da Argentina, Javier Milei, foi o protagonista de um evento libert\u00e1rio que reuniu mais de 2.500 pessoas na cidade de C\u00f3rdoba, na noite de ter\u00e7a-feira (22). Durante seu discurso, ele escalou a rixa existente com sua vice, Victoria Villarruel, chamando-a de &#8220;bruta traidora&#8221;.<\/p>\n<p class=\"postParagraph_post-paragraph-innerHtml__Q5vwc\">\u201cA primeira lei da economia \u00e9 a escassez; n\u00e3o h\u00e1 tudo para todos. E a segunda \u00e9 que a primeira lei da pol\u00edtica \u00e9 ignorar a primeira lei da economia. E os populistas sabem disso. Ou n\u00e3o votariam a favor de um projeto de lei de gastos de US$ 17 bilh\u00f5es semanas atr\u00e1s, e\u00a0a bruta traidora\u00a0disse que iria financi\u00e1-lo com US$ 30 bilh\u00f5es\u201d, declarou o mandat\u00e1rio a uma multid\u00e3o de apoiadores no evento <em>La<\/em> <em>Derecha Fest<\/em>, classificado por seus organizadores como o &#8220;evento mais antiesquerdista do mundo&#8221;.<\/p>\n<p class=\"postParagraph_post-paragraph__juWZN\">Milei dedicou mais tempo de sua apresenta\u00e7\u00e3o para atacar a antiga aliada do governo, sem cit\u00e1-la nominalmente. &#8220;Pessoas que, logo ap\u00f3s assumirem o cargo, viraram as costas ao povo argentino, deslumbrados com o establishment pol\u00edtico.\u00a0Assim como a hist\u00f3ria lembra os her\u00f3is, tamb\u00e9m lembra os traidores\u00a0(&#8230;). O tempo colocar\u00e1 cada um em seu devido lugar. De nossa parte, reiteramos que &#8216;Roma n\u00e3o paga traidores'&#8221;, enfatizou.<\/p>\n<p class=\"postParagraph_post-paragraph__juWZN\">Ainda no evento libert\u00e1rio, o presidente argentino falou sobre as elei\u00e7\u00f5es de outubro e reiterou suas cr\u00edticas a pol\u00edticas woke defendidas por seus opositores. &#8220;Muitos ficar\u00e3o surpresos com os resultados de outubro&#8221;, disse ele. Em seguida, afirmou que as ideias da esquerda est\u00e3o se tornando &#8220;parasitas mentais&#8221; na Argentina e precisam ser combatidas.<\/p>\n<p class=\"postParagraph_post-paragraph__juWZN\">Milei tamb\u00e9m mencionou a transforma\u00e7\u00e3o pol\u00edtica iniciada por seu governo e atacou o Kirchnerismo que, segundo ele, &#8220;\u00e9 o movimento pol\u00edtico mais endividado da hist\u00f3ria da Argentina&#8221;.<\/p>\n<p class=\"postParagraph_post-paragraph__juWZN\">&#8220;S\u00e3o hipotec\u00e1rios do futuro, imorais, ladr\u00f5es que est\u00e3o apenas come\u00e7ando a pagar. Somos o primeiro governo na hist\u00f3ria da Argentina a reduzir a d\u00edvida em US$ 50 bilh\u00f5es em um ano&#8221;, afirmou o presidente.<\/p>\n<h2 class=\"postParagraph_post-paragraph__juWZN postParagraph_type-tag-h2__TtFkT\">Sobre o evento libert\u00e1rio<\/h2>\n<p class=\"postParagraph_post-paragraph-innerHtml__Q5vwc\">O <em>La Derecha Fest<\/em> \u00e9 um evento libert\u00e1rio promovido pelo jornal espanhol<em> La Derecha Diario <\/em>em C\u00f3rdoba, na Argentina. A programa\u00e7\u00e3o reuniu milhares de pessoas, a maioria apoiadora de Milei e com idade m\u00e9dia de 40 anos, segundo a imprensa local.<\/p>\n<p class=\"postParagraph_post-paragraph-innerHtml__Q5vwc\">Segundo o jornal <em>La Naci\u00f3n<\/em>, o principal slogan defendido no evento \u00e9: \u201cn\u00e3o \u00e9 adequado para esquerdistas&#8221;.<\/p>\n<p class=\"postParagraph_post-paragraph__juWZN\">Al\u00e9m de pol\u00edtica, palestrantes convidados falaram de batalha cultural contra a agenda woke, como a defesa do aborto; e pautas econ\u00f4micas, apoiando o fim da interfer\u00eancia do Estado.<\/p>\n<p class=\"postParagraph_post-paragraph-innerHtml__Q5vwc\">A recep\u00e7\u00e3o do local onde aconteceu o<em> La Derecha Fest<\/em> foi enfeitada com representa\u00e7\u00f5es de papel\u00e3o em tamanho real de Milei e l\u00edderes internacionais considerados seus aliados, como o presidente dos EUA, Donald Trump; a primeira-ministra da It\u00e1lia, Giorgia Meloni; e o presidente de El Salvador, Nayib Bukele.<\/p>\n<\/div>\n<p><br \/>\n<br \/>Fonte: <a href=\"https:\/\/www.gazetadopovo.com.br\/mundo\/milei-escala-rixa-com-vice-evento-libertario-mais-antiesquerdista-do-mundo\/\">Revista Oeste<\/a><\/p>\n","protected":false},"excerpt":{"rendered":"<p>O presidente da Argentina, Javier Milei, foi o protagonista de um evento libert\u00e1rio que reuniu mais de 2.500 pessoas na cidade de C\u00f3rdoba, na noite de ter\u00e7a-feira (22). Durante seu discurso, ele escalou a rixa existente com sua vice, Victoria Villarruel, chamando-a de &#8220;bruta traidora&#8221;. \u201cA primeira lei da economia \u00e9 a escassez; n\u00e3o h\u00e1 [&hellip;]<\/p>\n","protected":false},"author":5,"featured_media":31693,"comment_status":"open","ping_status":"open","sticky":false,"template":"","format":"standard","meta":{"_seopress_robots_primary_cat":"","_seopress_titles_title":"","_seopress_titles_desc":"","_seopress_robots_index":"","footnotes":""},"categories":[48],"tags":[],"class_list":["post-31692","post","type-post","status-publish","format-standard","has-post-thumbnail","hentry","category-internacional"],"_links":{"self":[{"href":"https:\/\/mussicom.com\/noticias\/wp-json\/wp\/v2\/posts\/31692","targetHints":{"allow":["GET"]}}],"collection":[{"href":"https:\/\/mussicom.com\/noticias\/wp-json\/wp\/v2\/posts"}],"about":[{"href":"https:\/\/mussicom.com\/noticias\/wp-json\/wp\/v2\/types\/post"}],"author":[{"embeddable":true,"href":"https:\/\/mussicom.com\/noticias\/wp-json\/wp\/v2\/users\/5"}],"replies":[{"embeddable":true,"href":"https:\/\/mussicom.com\/noticias\/wp-json\/wp\/v2\/comments?post=31692"}],"version-history":[{"count":0,"href":"https:\/\/mussicom.com\/noticias\/wp-json\/wp\/v2\/posts\/31692\/revisions"}],"wp:featuredmedia":[{"embeddable":true,"href":"https:\/\/mussicom.com\/noticias\/wp-json\/wp\/v2\/media\/31693"}],"wp:attachment":[{"href":"https:\/\/mussicom.com\/noticias\/wp-json\/wp\/v2\/media?parent=31692"}],"wp:term":[{"taxonomy":"category","embeddable":true,"href":"https:\/\/mussicom.com\/noticias\/wp-json\/wp\/v2\/categories?post=31692"},{"taxonomy":"post_tag","embeddable":true,"href":"https:\/\/mussicom.com\/noticias\/wp-json\/wp\/v2\/tags?post=31692"}],"curies":[{"name":"wp","href":"https:\/\/api.w.org\/{rel}","templated":true}]}}