{"id":31677,"date":"2025-07-23T19:38:54","date_gmt":"2025-07-23T22:38:54","guid":{"rendered":"https:\/\/mussicom.com\/ozzy-foi-assombrado-pela-forma-como-pai-morreu-e-faleceu-de-modo-similar-a-ele\/"},"modified":"2025-07-23T19:38:54","modified_gmt":"2025-07-23T22:38:54","slug":"ozzy-foi-assombrado-pela-forma-como-pai-morreu-e-faleceu-de-modo-similar-a-ele","status":"publish","type":"post","link":"https:\/\/mussicom.com\/noticias\/ozzy-foi-assombrado-pela-forma-como-pai-morreu-e-faleceu-de-modo-similar-a-ele\/","title":{"rendered":"Ozzy foi assombrado pela forma como pai morreu \u2014 e faleceu de modo similar a ele"},"content":{"rendered":"<p> <br \/>\n<\/p>\n<div>\n<p><strong>Ozzy Osbourne<\/strong>, falecido na \u00faltima ter\u00e7a-feira, 22, temia seguir os mesmos passos do pai. <strong>John Thomas &#8220;Jack&#8221; Osbourne<\/strong>\u00a0morreu em 1977 pouco ap\u00f3s se aposentar.<\/p>\n<p>Ironicamente, o vocalista acabou tendo destino semelhante. O Pr\u00edncipe das Trevas nos deixou apenas 17 dias depois de seu show de despedida com o <strong>Black Sabbath<\/strong>, o <strong>Back to the Beginning<\/strong>, realizado em 5 de julho, em <strong>Birmingham<\/strong>, na <strong>Inglaterra<\/strong>.<\/p>\n<p>Na pr\u00e1tica, Osbourne est\u00e1 fora dos palcos desde o fim de 2018. Todavia, o evento realizado no est\u00e1dio <strong>Villa Park<\/strong> marcou o &#8220;adeus&#8221; definitivo e oficial enquanto performer ao vivo.<\/p>\n<figure class=\"image\"><figcaption>Ozzy Osbourne, a voz do Black Sabbath, em 2024 &#8211; Foto: Kevin Mazur \/ Getty Images for The Rock and Roll Hall of Fame<\/figcaption><\/figure>\n<p>De acordo com o jornal brit\u00e2nico <strong>Daily Mail<\/strong>, uma fonte garantiu que Ozzy iria se aposentar apenas dos palcos, mas continuaria com outras atividades.<\/p>\n<p>Ele tinha v\u00e1rios projetos em andamento, como o lan\u00e7amento de um livro e um filme document\u00e1rio, previstos para serem lan\u00e7ados ainda em 2025, al\u00e9m de uma s\u00e9rie televisiva para <strong>BBC<\/strong> \u2014 esta agora corre o risco de ser engavetada.<\/p>\n<p>Segundo a fonte ouvida pelo Daily Mail, considerada uma pessoa muito pr\u00f3xima da fam\u00edlia Osbourne, Ozzy &#8220;odiava a ideia de simplesmente desaparecer e parar de vez&#8221;.<\/p>\n<p>O cantor passou d\u00e9cadas assombrado pela morte do pai, que teve pouco tempo de vida ap\u00f3s se aposentar. John &#8220;Jack&#8221; Osborne trabalhava em turnos noturnos na f\u00e1brica da <strong>General Electric Company<\/strong> como mestre de ferramentas.<\/p>\n<p>Ao jornal brit\u00e2nico, a fonte n\u00e3o identificada disse:<\/p>\n<blockquote class=\"citacao\"><p><em>&#8220;Ozzy sentia que, por mais dif\u00edcil que fosse sua carga de trabalho, John (seu pai) tinha o prop\u00f3sito de ir trabalhar para sustentar sua fam\u00edlia e ter um papel. E quando isso n\u00e3o acontecia, ele se sentia meio perdido.&#8221;<\/em><\/p><\/blockquote>\n<figure class=\"image\"><img loading=\"lazy\" decoding=\"async\" alt=\"Ozzy Osbourne em 1985\" height=\"435\" loading=\"lazy\" src=\"https:\/\/rollingstone.uol.com.br\/media\/uploads\/2025\/07\/ozzy-osbourne-1985-foto-michael-ochs-archives-getty-images.jpg\" width=\"773\"\/><figcaption>Ozzy Osbourne em 1985 &#8211; Foto: Michael Ochs Archives \/ Getty Images<\/figcaption><\/figure>\n<p>Por conta disso, o pr\u00f3prio Ozzy tentou adiar ao m\u00e1ximo sua aposentadoria. A fonte acrescentou:<\/p>\n<blockquote class=\"citacao\"><p><em>&#8220;Ele era um artista nato e superou muitas coisas em seus \u00faltimos anos de vida, com suas dores no pesco\u00e7o, nas costas e nas pernas \u2013 al\u00e9m do Parkinson \u2013 para dar o seu melhor na TV, no r\u00e1dio e no palco.&#8221;<\/em><\/p><\/blockquote>\n<h3>A morte de Ozzy Osbourne<\/h3>\n<p>A causa do falecimento n\u00e3o foi divulgada. Sabe-se, no entanto, que a sa\u00fade do cantor estava fragilizada h\u00e1 anos, devido a uma s\u00e9rie de problemas de sa\u00fade \u2014 incluindo Parkinson, cujo diagn\u00f3stico foi revelado ao p\u00fablico em 2020.<\/p>\n<p>Em comunicado enviado \u00e0 imprensa, a fam\u00edlia do artista declarou:<\/p>\n<blockquote class=\"citacao\"><p><em>\u201c\u00c9 com mais tristeza do que palavras podem expressar que temos que informar que nosso querido Ozzy Osbourne faleceu esta manh\u00e3. Ele estava com sua fam\u00edlia e cercado de amor.\u201d<\/em><\/p><\/blockquote>\n<p>Em seguida, complementou:<\/p>\n<blockquote class=\"citacao\"><p><em>\u201cPedimos a todos que respeitem a privacidade da nossa fam\u00edlia neste momento.\u201d<\/em><\/p><\/blockquote>\n<h3>Despedida de Ozzy Osbourne<\/h3>\n<p>Ozzy Osbourne nos deixou apenas 17 dias ap\u00f3s a realiza\u00e7\u00e3o de seu show de despedida com o Black Sabbath e em carreira solo. O festival Back to the Beginning contou ainda com participa\u00e7\u00f5es de Metallica, Guns N&#8217; Roses, Gojira, Tool, Slayer, Anthrax, entre v\u00e1rios outros nomes.<\/p>\n<p><strong>+++ LEIA MAIS: A curiosa homenagem da PETA ao \u2018mordedor de morcegos\u2019 Ozzy Osbourne<\/strong><br \/><strong>+++ LEIA MAIS: Ozzy Osbourne defendia a eutan\u00e1sia: &#8216;Prefiro morrer a viver com tubos&#8217;<\/strong><br \/><strong>+++ LEIA MAIS: Como Ozzy Osbourne ganhou o apelido de &#8216;Pr\u00edncipe\u00a0das\u00a0Trevas&#8217;?<\/strong><\/p>\n<\/div>\n<p><br \/>\n<br \/>Fonte: <a href=\"https:\/\/rollingstone.com.br\/musica\/ozzy-foi-assombrado-pela-forma-como-pai-morreu-e-faleceu-de-modo-similar-a-ele\/\">rollingstone.com.br<\/a><\/p>\n","protected":false},"excerpt":{"rendered":"<p>Ozzy Osbourne, falecido na \u00faltima ter\u00e7a-feira, 22, temia seguir os mesmos passos do pai. John Thomas &#8220;Jack&#8221; Osbourne\u00a0morreu em 1977 pouco ap\u00f3s se aposentar. Ironicamente, o vocalista acabou tendo destino semelhante. O Pr\u00edncipe das Trevas nos deixou apenas 17 dias depois de seu show de despedida com o Black Sabbath, o Back to the Beginning, [&hellip;]<\/p>\n","protected":false},"author":5,"featured_media":31678,"comment_status":"open","ping_status":"open","sticky":false,"template":"","format":"standard","meta":{"_seopress_robots_primary_cat":"","_seopress_titles_title":"","_seopress_titles_desc":"","_seopress_robots_index":"","footnotes":""},"categories":[51],"tags":[],"class_list":["post-31677","post","type-post","status-publish","format-standard","has-post-thumbnail","hentry","category-musica"],"_links":{"self":[{"href":"https:\/\/mussicom.com\/noticias\/wp-json\/wp\/v2\/posts\/31677","targetHints":{"allow":["GET"]}}],"collection":[{"href":"https:\/\/mussicom.com\/noticias\/wp-json\/wp\/v2\/posts"}],"about":[{"href":"https:\/\/mussicom.com\/noticias\/wp-json\/wp\/v2\/types\/post"}],"author":[{"embeddable":true,"href":"https:\/\/mussicom.com\/noticias\/wp-json\/wp\/v2\/users\/5"}],"replies":[{"embeddable":true,"href":"https:\/\/mussicom.com\/noticias\/wp-json\/wp\/v2\/comments?post=31677"}],"version-history":[{"count":0,"href":"https:\/\/mussicom.com\/noticias\/wp-json\/wp\/v2\/posts\/31677\/revisions"}],"wp:featuredmedia":[{"embeddable":true,"href":"https:\/\/mussicom.com\/noticias\/wp-json\/wp\/v2\/media\/31678"}],"wp:attachment":[{"href":"https:\/\/mussicom.com\/noticias\/wp-json\/wp\/v2\/media?parent=31677"}],"wp:term":[{"taxonomy":"category","embeddable":true,"href":"https:\/\/mussicom.com\/noticias\/wp-json\/wp\/v2\/categories?post=31677"},{"taxonomy":"post_tag","embeddable":true,"href":"https:\/\/mussicom.com\/noticias\/wp-json\/wp\/v2\/tags?post=31677"}],"curies":[{"name":"wp","href":"https:\/\/api.w.org\/{rel}","templated":true}]}}