{"id":31472,"date":"2025-07-23T04:34:45","date_gmt":"2025-07-23T07:34:45","guid":{"rendered":"https:\/\/mussicom.com\/eduardo-bolsonaro-diz-que-senadores-desrespeitam-trump\/"},"modified":"2025-07-23T04:34:45","modified_gmt":"2025-07-23T07:34:45","slug":"eduardo-bolsonaro-diz-que-senadores-desrespeitam-trump","status":"publish","type":"post","link":"https:\/\/mussicom.com\/noticias\/eduardo-bolsonaro-diz-que-senadores-desrespeitam-trump\/","title":{"rendered":"Eduardo Bolsonaro diz que senadores \u201cdesrespeitam Trump\u201d"},"content":{"rendered":"<p> <br \/>\n<\/p>\n<div>\n<p class=\"postParagraph_post-paragraph__juWZN\">O deputado Eduardo Bolsonaro afirmou que a comitiva de senadores brasileiros que pretendem ir aos Estados Unidos para tratar do tarifa\u00e7o &#8220;n\u00e3o falam em nome do presidente Jair Bolsonaro&#8221;. E disse ainda que a ida desses senadores representa um &#8220;desrespeito&#8221; ao presidente americano Donald Trump, &#8220;que foi expl\u00edcito ao apontar os caminhos que o Brasil deve percorrer internamente para restaurar a normalidade democr\u00e1tica&#8221;. A declara\u00e7\u00e3o foi feita por meio da sua conta na rede social X nesta ter\u00e7a-feira (22) ap\u00f3s recomenda\u00e7\u00e3o do jornalista Paulo Figueiredo.<\/p>\n<p class=\"postParagraph_post-paragraph__juWZN\">Eduardo disse ainda que &#8220;buscar interlocu\u00e7\u00e3o sem que o pa\u00eds tenha feito sequer o gesto m\u00ednimo de retomar suas liberdades fundamentais &#8211; como garantir liberdade de express\u00e3o e cessar persegui\u00e7\u00f5es pol\u00edticas &#8211; \u00e9 vazio de legitimidade&#8221;. Para ele, &#8220;o constrangimento se agrava com a presen\u00e7a de senadores ligados ao partido de Lula, pol\u00edtico que sistematicamente adota posturas hostis aos EUA&#8221;.<\/p>\n<p class=\"postParagraph_post-paragraph__juWZN\">O deputado afirma ainda n\u00e3o ter v\u00ednculo com a iniciativa dos senadores, a qual, segundo ele, est\u00e1 &#8220;fadada ao fracasso&#8221;. E complementa dizendo: &#8220;Mas confesso at\u00e9 simpatizar com a ideia de que venham: n\u00e3o por acreditar que ter\u00e3o sucesso, mas porque poder\u00e3o constatar que aquilo que eu e Paulo Figueiredo temos dito &#8211; n\u00e3o h\u00e1 sequer in\u00edcio de discuss\u00e3o sem anistia ampla, geral e irrestrita!&#8221;<\/p>\n<p class=\"postParagraph_post-paragraph__juWZN\">A lista de senadores que pretendem ir aos EUA inclui:<\/p>\n<ul class=\"postList_post-list-container__W0E4y postList_visual-type-unordered-list__M8U7t\">\n<li class=\"postList_post-list-item__34Ck1\">Nelsinho Trad (PSD-MS), presidente da Comiss\u00e3o de Rela\u00e7\u00f5es Exteriores<\/li>\n<li class=\"postList_post-list-item__34Ck1\">Jaques Wagner (PT-BA), l\u00edder do governo<\/li>\n<li class=\"postList_post-list-item__34Ck1\">Tereza Cristina (PP-MS)<\/li>\n<li class=\"postList_post-list-item__34Ck1\">Fernando Farias (MDB-AL)<\/li>\n<li class=\"postList_post-list-item__34Ck1\">Astronauta Marcos Pontes (PL-SP)<\/li>\n<li class=\"postList_post-list-item__34Ck1\">Esperidi\u00e3o Amin (PP-SC)<\/li>\n<li class=\"postList_post-list-item__34Ck1\">Rog\u00e9rio Carvalho (PT-SE)<\/li>\n<li class=\"postList_post-list-item__34Ck1\">Carlos Viana (Podemos-MG)<\/li>\n<\/ul>\n<p class=\"postParagraph_post-paragraph-innerHtml__Q5vwc\">Segundo o jornalista Paulo Figueiredo, no entanto, ele j\u00e1 teria articulado com o governo americano para que os senadores n\u00e3o sejam recebidos por representantes de alto escal\u00e3o dos EUA. Al\u00e9m disso, avisou os senadores Marcos Pontes e Tereza Cristina, outrora ministros de Estado no governo Bolsonaro, que ele saber\u00e1 e expor\u00e1 a agenda completa da reuni\u00e3o em seu programa <em>Paulo Figueiredo Show<\/em>. E completou acusando-os de serem traidores da P\u00e1tria por se juntarem \u00e0 comitiva. As falas foram constam em recorte do seu programa compartilhado junto \u00e0 declara\u00e7\u00e3o de Eduardo Bolsonaro no X.<\/p>\n<\/div>\n<p><br \/>\n<br \/>Fonte: <a href=\"https:\/\/www.gazetadopovo.com.br\/republica\/eduardo-bolsonaro-diz-que-ida-de-senadores-aos-eua-desrespeita-trump\/\">Revista Oeste<\/a><\/p>\n","protected":false},"excerpt":{"rendered":"<p>O deputado Eduardo Bolsonaro afirmou que a comitiva de senadores brasileiros que pretendem ir aos Estados Unidos para tratar do tarifa\u00e7o &#8220;n\u00e3o falam em nome do presidente Jair Bolsonaro&#8221;. E disse ainda que a ida desses senadores representa um &#8220;desrespeito&#8221; ao presidente americano Donald Trump, &#8220;que foi expl\u00edcito ao apontar os caminhos que o Brasil [&hellip;]<\/p>\n","protected":false},"author":5,"featured_media":31473,"comment_status":"open","ping_status":"open","sticky":false,"template":"","format":"standard","meta":{"_seopress_robots_primary_cat":"","_seopress_titles_title":"","_seopress_titles_desc":"","_seopress_robots_index":"","footnotes":""},"categories":[1],"tags":[],"class_list":["post-31472","post","type-post","status-publish","format-standard","has-post-thumbnail","hentry","category-ultimas-noticias"],"_links":{"self":[{"href":"https:\/\/mussicom.com\/noticias\/wp-json\/wp\/v2\/posts\/31472","targetHints":{"allow":["GET"]}}],"collection":[{"href":"https:\/\/mussicom.com\/noticias\/wp-json\/wp\/v2\/posts"}],"about":[{"href":"https:\/\/mussicom.com\/noticias\/wp-json\/wp\/v2\/types\/post"}],"author":[{"embeddable":true,"href":"https:\/\/mussicom.com\/noticias\/wp-json\/wp\/v2\/users\/5"}],"replies":[{"embeddable":true,"href":"https:\/\/mussicom.com\/noticias\/wp-json\/wp\/v2\/comments?post=31472"}],"version-history":[{"count":0,"href":"https:\/\/mussicom.com\/noticias\/wp-json\/wp\/v2\/posts\/31472\/revisions"}],"wp:featuredmedia":[{"embeddable":true,"href":"https:\/\/mussicom.com\/noticias\/wp-json\/wp\/v2\/media\/31473"}],"wp:attachment":[{"href":"https:\/\/mussicom.com\/noticias\/wp-json\/wp\/v2\/media?parent=31472"}],"wp:term":[{"taxonomy":"category","embeddable":true,"href":"https:\/\/mussicom.com\/noticias\/wp-json\/wp\/v2\/categories?post=31472"},{"taxonomy":"post_tag","embeddable":true,"href":"https:\/\/mussicom.com\/noticias\/wp-json\/wp\/v2\/tags?post=31472"}],"curies":[{"name":"wp","href":"https:\/\/api.w.org\/{rel}","templated":true}]}}