{"id":31390,"date":"2025-07-22T22:28:39","date_gmt":"2025-07-23T01:28:39","guid":{"rendered":"https:\/\/mussicom.com\/manifestacoes-de-agosto-e-setembro-terao-foco-em-fora-moraes\/"},"modified":"2025-07-22T22:28:39","modified_gmt":"2025-07-23T01:28:39","slug":"manifestacoes-de-agosto-e-setembro-terao-foco-em-fora-moraes","status":"publish","type":"post","link":"https:\/\/mussicom.com\/noticias\/manifestacoes-de-agosto-e-setembro-terao-foco-em-fora-moraes\/","title":{"rendered":"Manifesta\u00e7\u00f5es de agosto e setembro ter\u00e3o foco em &#8220;fora, Moraes&#8221;"},"content":{"rendered":"<p> <br \/>\n<\/p>\n<div>\n<p class=\"postParagraph_post-paragraph__juWZN\">Manifesta\u00e7\u00f5es previstas para agosto e setembro devem marcar um novo est\u00e1gio da mobiliza\u00e7\u00e3o da direita brasileira, com a consolida\u00e7\u00e3o de um foco \u00fanico: o impeachment do ministro Alexandre de Moraes, do Supremo Tribunal Federal (STF).<\/p>\n<p class=\"postParagraph_post-paragraph__juWZN\">O tema, que ganhou protagonismo in\u00e9dito nos protestos do \u00faltimo domingo (20), passa agora a ser tratado como bandeira central das pr\u00f3ximas manifesta\u00e7\u00f5es, segundo lideran\u00e7as. J\u00e1 h\u00e1 atos confirmados para os dias 3 de agosto e 7 de setembro, e \u00e9 prov\u00e1vel que uma nova data seja inclu\u00edda em agosto.<\/p>\n<p class=\"postParagraph_post-paragraph__juWZN\">\u201cFora, Moraes\u201d foi um dos gritos predominantes nas manifesta\u00e7\u00f5es do \u00faltimo domingo, realizadas em diversas cidades. Em Bras\u00edlia, um cartaz acusava Moraes de viola\u00e7\u00e3o aos direitos humanos e pedia liberta\u00e7\u00e3o dos presos pol\u00edticos.<\/p>\n<p class=\"postParagraph_post-paragraph__juWZN\">J\u00e1 \u00e9 quase um consenso entre as lideran\u00e7as que a pulveriza\u00e7\u00e3o em diversas bandeiras \u2013 como liberdade, anistia, apoio ao ex-presidente Jair Bolsonaro, cr\u00edticas ao governo Lula, oposi\u00e7\u00e3o ao comunismo ou ao Foro de S\u00e3o Paulo, e at\u00e9 o apoio a Israel \u2013 enfraquece a mensagem das ruas. Na coletiva feita pela oposi\u00e7\u00e3o na segunda-feira (21) no Congresso, a ideia de pauta \u00fanica ficou evidente nas declara\u00e7\u00f5es de parlamentares.<\/p>\n<p class=\"postParagraph_post-paragraph__juWZN\">&#8220;Decidimos que a pauta do Senado ser\u00e1 o impeachment do senhor ministro do Supremo Tribunal Federal Alexandre de Moraes&#8221;, afirmou a senadora Damares Alves (PL-DF).<\/p>\n<p class=\"postParagraph_post-paragraph-innerHtml__Q5vwc\">Essa ideia de pauta \u00fanica do Congresso ser\u00e1 espelhada nas ruas, de acordo com o advogado Marco Ant\u00f4nio Costa, fundador do canal do YouTube <em>Fio Di\u00e1rio<\/em>, que est\u00e1 atuando para padronizar a identidade visual de materiais como faixas, camisetas e cartazes para as manifesta\u00e7\u00f5es em todo o Brasil.<\/p>\n<p class=\"postParagraph_post-paragraph__juWZN\">Para ele, a onda pelo impeachment do ministro precisa ser aproveitada. Embora Moraes n\u00e3o seja o \u00fanico problema, ele \u00e9 o s\u00edmbolo maior dos abusos, e sua derrubada seria um ponto de partida claro para a mudan\u00e7a do pa\u00eds.<\/p>\n<p class=\"postParagraph_post-paragraph__juWZN\">&#8220;Ele \u00e9 um s\u00edmbolo. Se continuar com o poder da caneta na m\u00e3o, ele vai inspirar os protoditadores que est\u00e3o espalhados e aparecendo j\u00e1 pelo pa\u00eds: promotor de Justi\u00e7a com \u00edndole abusiva, toda sorte de abusador da magistratura, de todas as \u00e1reas. \u00c9 a postura que tem o efeito mais pern\u00f3stico que a gente pode imaginar, e \u00e9 o s\u00edmbolo maior do abuso. Se a gente est\u00e1 fazendo uma cruzada contra o abuso, a gente precisa unir exemplarmente todos os abusadores. E isso n\u00e3o se limita s\u00f3 a Moraes, mas ele \u00e9 o ponta de lan\u00e7a&#8221;, comenta.<\/p>\n<p class=\"postParagraph_post-paragraph__juWZN\">Os materiais padronizados com a hashtag &#8220;#Fora Moraes&#8221; j\u00e1 apareceram principalmente nas manifesta\u00e7\u00f5es de Belo Horizonte, e devem se espalhar pelo pa\u00eds nos atos previstos para 3 de agosto e 7 de setembro. Segundo Marco Ant\u00f4nio Costa, outra data ser\u00e1 escolhida para ampliar a mobiliza\u00e7\u00e3o ainda em agosto.<\/p>\n<h2 class=\"postParagraph_post-paragraph__juWZN postParagraph_type-tag-h2__TtFkT\">Pela primeira vez em anos, impulso pelas manifesta\u00e7\u00f5es \u00e9 org\u00e2nico<\/h2>\n<p class=\"postParagraph_post-paragraph-innerHtml__Q5vwc\">Costa est\u00e1 \u00e0 frente do Instituto IFPE (Institute for the Freedom of Press and Expression Brasil), criado com o objetivo de profissionalizar a articula\u00e7\u00e3o da direita. O instituto j\u00e1 est\u00e1 presente em tr\u00eas estados e re\u00fane nomes como Augusto Nunes, Sebasti\u00e3o Coelho e Andr\u00e9 Marsiglia. A meta \u00e9 abrir mais de trinta n\u00facleos locais at\u00e9 o fim do ano e dar m\u00e9todo ao movimento.<\/p>\n<p class=\"postParagraph_post-paragraph__juWZN\">Um dos problemas da direita no Brasil, segundo ele, \u00e9 ter mais entusiasmo do que dire\u00e7\u00e3o clara. \u201cTodo mundo quer fazer alguma coisa, mas ningu\u00e9m sabe como. A galera tem energia, mas n\u00e3o tem foco. Tem vontade, mas n\u00e3o tem m\u00e9todo\u201d, diz.<\/p>\n<p class=\"postParagraph_post-paragraph__juWZN\">Esse entusiasmo espont\u00e2neo se viu manifesta\u00e7\u00f5es de 20 de julho, que, apesar de convocadas com pouco tempo de anteced\u00eancia, ocorreram em v\u00e1rias cidades por iniciativas distintas. De acordo com as lideran\u00e7as, pela primeira vez em anos o impulso pelas manifesta\u00e7\u00f5es tem sido org\u00e2nico: os pr\u00f3prios seguidores nas redes passaram a pedir novos atos.<\/p>\n<p class=\"postParagraph_post-paragraph-innerHtml__Q5vwc\">O pastor Silas Malafaia, que tamb\u00e9m tem ajudado na convoca\u00e7\u00e3o, afirmou recentemente, segundo o site <em>Metr\u00f3poles<\/em>, que os protestos marcados para 3 de agosto s\u00e3o fruto direto da press\u00e3o popular. Nos \u00faltimos dias, ele tem intensificado as cr\u00edticas a Alexandre de Moraes em postagens.<\/p>\n<p class=\"postParagraph_post-paragraph__juWZN\">O deputado estadual de S\u00e3o Paulo Tom\u00e9 Abduch (Republicanos), fundador do movimento Nas Ruas, sentiu o mesmo chamado da popula\u00e7\u00e3o. O Nas Ruas n\u00e3o est\u00e1 liderando a organiza\u00e7\u00e3o das manifesta\u00e7\u00f5es, mas ajudar\u00e1 na mobiliza\u00e7\u00e3o. Quanto \u00e0 pauta, ele diz que, por princ\u00edpio, o grupo prefere n\u00e3o personalizar o tema das manifesta\u00e7\u00f5es, e que a democracia ser\u00e1 o foco.<\/p>\n<p class=\"postParagraph_post-paragraph__juWZN\">Abduch v\u00ea como principais alvos dos pr\u00f3ximos protestos o governo Lula e os abusos do Supremo. &#8220;Est\u00e3o calando, de maneira totalmente arbitr\u00e1ria, a maior voz da direita do pa\u00eds&#8221;, diz. &#8220;A ideia de ir para as ruas \u00e9 para defender o Estado Democr\u00e1tico de Direito, defender as nossas institui\u00e7\u00f5es e defender a nossa democracia&#8221;, acrescenta.<\/p>\n<\/div>\n<p><br \/>\n<br \/>Fonte: <a href=\"https:\/\/www.gazetadopovo.com.br\/republica\/manifestacoes-de-agosto-e-setembro-terao-foco-em-fora-moraes\/\">Revista Oeste<\/a><\/p>\n","protected":false},"excerpt":{"rendered":"<p>Manifesta\u00e7\u00f5es previstas para agosto e setembro devem marcar um novo est\u00e1gio da mobiliza\u00e7\u00e3o da direita brasileira, com a consolida\u00e7\u00e3o de um foco \u00fanico: o impeachment do ministro Alexandre de Moraes, do Supremo Tribunal Federal (STF). O tema, que ganhou protagonismo in\u00e9dito nos protestos do \u00faltimo domingo (20), passa agora a ser tratado como bandeira central [&hellip;]<\/p>\n","protected":false},"author":5,"featured_media":31391,"comment_status":"open","ping_status":"open","sticky":false,"template":"","format":"standard","meta":{"_seopress_robots_primary_cat":"","_seopress_titles_title":"","_seopress_titles_desc":"","_seopress_robots_index":"","footnotes":""},"categories":[1],"tags":[],"class_list":["post-31390","post","type-post","status-publish","format-standard","has-post-thumbnail","hentry","category-ultimas-noticias"],"_links":{"self":[{"href":"https:\/\/mussicom.com\/noticias\/wp-json\/wp\/v2\/posts\/31390","targetHints":{"allow":["GET"]}}],"collection":[{"href":"https:\/\/mussicom.com\/noticias\/wp-json\/wp\/v2\/posts"}],"about":[{"href":"https:\/\/mussicom.com\/noticias\/wp-json\/wp\/v2\/types\/post"}],"author":[{"embeddable":true,"href":"https:\/\/mussicom.com\/noticias\/wp-json\/wp\/v2\/users\/5"}],"replies":[{"embeddable":true,"href":"https:\/\/mussicom.com\/noticias\/wp-json\/wp\/v2\/comments?post=31390"}],"version-history":[{"count":0,"href":"https:\/\/mussicom.com\/noticias\/wp-json\/wp\/v2\/posts\/31390\/revisions"}],"wp:featuredmedia":[{"embeddable":true,"href":"https:\/\/mussicom.com\/noticias\/wp-json\/wp\/v2\/media\/31391"}],"wp:attachment":[{"href":"https:\/\/mussicom.com\/noticias\/wp-json\/wp\/v2\/media?parent=31390"}],"wp:term":[{"taxonomy":"category","embeddable":true,"href":"https:\/\/mussicom.com\/noticias\/wp-json\/wp\/v2\/categories?post=31390"},{"taxonomy":"post_tag","embeddable":true,"href":"https:\/\/mussicom.com\/noticias\/wp-json\/wp\/v2\/tags?post=31390"}],"curies":[{"name":"wp","href":"https:\/\/api.w.org\/{rel}","templated":true}]}}