{"id":31337,"date":"2025-07-22T19:05:39","date_gmt":"2025-07-22T22:05:39","guid":{"rendered":"https:\/\/mussicom.com\/trump-diz-que-presidente-do-fed-deixara-cargo-em-oito-meses\/"},"modified":"2025-07-22T19:05:39","modified_gmt":"2025-07-22T22:05:39","slug":"trump-diz-que-presidente-do-fed-deixara-cargo-em-oito-meses","status":"publish","type":"post","link":"https:\/\/mussicom.com\/noticias\/trump-diz-que-presidente-do-fed-deixara-cargo-em-oito-meses\/","title":{"rendered":"Trump diz que presidente do Fed deixar\u00e1 cargo em oito meses"},"content":{"rendered":"<p> <br \/>\n<\/p>\n<div>\n<p class=\"postParagraph_post-paragraph__juWZN\">O presidente dos Estados Unidos, Donald Trump, disse nesta ter\u00e7a-feira (22) que o presidente do Federal Reserve (Fed, o banco central americano), Jerome Powell, atua com \u201cmotiva\u00e7\u00e3o pol\u00edtica\u201d, mas deixar\u00e1 o cargo em oito meses.<\/p>\n<p class=\"postParagraph_post-paragraph__juWZN\">\u201cAcho que ele fez um p\u00e9ssimo trabalho, mas de qualquer forma, sair\u00e1 em breve. Em oito meses, ele sair\u00e1\u201d, disse Trump a jornalistas durante uma reuni\u00e3o na Casa Branca com o presidente das Filipinas, Ferdinand Marcos Jr., segundo informa\u00e7\u00f5es da ag\u00eancia Reuters.<\/p>\n<p class=\"postParagraph_post-paragraph__juWZN\">N\u00e3o est\u00e1 claro por que o presidente deu esse prazo: o mandato de Powell vai at\u00e9 15 de maio, e o per\u00edodo de oito meses mencionado por Trump iria at\u00e9 meados de mar\u00e7o. O presidente do Fed tem reafirmado que cumprir\u00e1 seu mandato at\u00e9 o fim.<\/p>\n<p class=\"postParagraph_post-paragraph__juWZN\">\u201cNossa economia est\u00e1 t\u00e3o forte agora, superando tudo. Estamos batendo recordes\u201d, disse Trump nesta ter\u00e7a-feira. \u201cMas sabe de uma coisa? As pessoas n\u00e3o conseguem comprar uma casa porque esse cara [Powell] \u00e9 um idiota. Ele mant\u00e9m os juros muito altos e provavelmente faz isso por motivos pol\u00edticos.\u201d<\/p>\n<p class=\"postParagraph_post-paragraph__juWZN\">Especialistas do mercado financeiro projetam que a taxa b\u00e1sica de juros americana ser\u00e1 mantida na faixa atual de 4,25% a 4,50% na reuni\u00e3o do Fed da semana que vem.<\/p>\n<p class=\"postParagraph_post-paragraph-innerHtml__Q5vwc\">Antes das declara\u00e7\u00f5es desta ter\u00e7a-feira, Trump j\u00e1 vinha pressionando Powell e numa reuni\u00e3o em maio com o presidente do Fed lhe disse que a decis\u00e3o da institui\u00e7\u00e3o de n\u00e3o baixar a taxa de juros \u00e9 um \u201cerro\u201d. O republicano cogitou demitir Powell, mas depois desconversou sobre o assunto.<\/p>\n<\/div>\n<p><br \/>\n<br \/>Fonte: <a href=\"https:\/\/www.gazetadopovo.com.br\/mundo\/trump-presidente-fed-deixara-cargo-oito-meses\/\">Revista Oeste<\/a><\/p>\n","protected":false},"excerpt":{"rendered":"<p>O presidente dos Estados Unidos, Donald Trump, disse nesta ter\u00e7a-feira (22) que o presidente do Federal Reserve (Fed, o banco central americano), Jerome Powell, atua com \u201cmotiva\u00e7\u00e3o pol\u00edtica\u201d, mas deixar\u00e1 o cargo em oito meses. \u201cAcho que ele fez um p\u00e9ssimo trabalho, mas de qualquer forma, sair\u00e1 em breve. Em oito meses, ele sair\u00e1\u201d, disse [&hellip;]<\/p>\n","protected":false},"author":5,"featured_media":31338,"comment_status":"open","ping_status":"open","sticky":false,"template":"","format":"standard","meta":{"_seopress_robots_primary_cat":"","_seopress_titles_title":"","_seopress_titles_desc":"","_seopress_robots_index":"","footnotes":""},"categories":[48],"tags":[],"class_list":["post-31337","post","type-post","status-publish","format-standard","has-post-thumbnail","hentry","category-internacional"],"_links":{"self":[{"href":"https:\/\/mussicom.com\/noticias\/wp-json\/wp\/v2\/posts\/31337","targetHints":{"allow":["GET"]}}],"collection":[{"href":"https:\/\/mussicom.com\/noticias\/wp-json\/wp\/v2\/posts"}],"about":[{"href":"https:\/\/mussicom.com\/noticias\/wp-json\/wp\/v2\/types\/post"}],"author":[{"embeddable":true,"href":"https:\/\/mussicom.com\/noticias\/wp-json\/wp\/v2\/users\/5"}],"replies":[{"embeddable":true,"href":"https:\/\/mussicom.com\/noticias\/wp-json\/wp\/v2\/comments?post=31337"}],"version-history":[{"count":0,"href":"https:\/\/mussicom.com\/noticias\/wp-json\/wp\/v2\/posts\/31337\/revisions"}],"wp:featuredmedia":[{"embeddable":true,"href":"https:\/\/mussicom.com\/noticias\/wp-json\/wp\/v2\/media\/31338"}],"wp:attachment":[{"href":"https:\/\/mussicom.com\/noticias\/wp-json\/wp\/v2\/media?parent=31337"}],"wp:term":[{"taxonomy":"category","embeddable":true,"href":"https:\/\/mussicom.com\/noticias\/wp-json\/wp\/v2\/categories?post=31337"},{"taxonomy":"post_tag","embeddable":true,"href":"https:\/\/mussicom.com\/noticias\/wp-json\/wp\/v2\/tags?post=31337"}],"curies":[{"name":"wp","href":"https:\/\/api.w.org\/{rel}","templated":true}]}}