{"id":31306,"date":"2025-07-22T17:23:50","date_gmt":"2025-07-22T20:23:50","guid":{"rendered":"https:\/\/mussicom.com\/bolsonaro-enfrenta-a-caneta-de-moraes\/"},"modified":"2025-07-22T17:23:50","modified_gmt":"2025-07-22T20:23:50","slug":"bolsonaro-enfrenta-a-caneta-de-moraes","status":"publish","type":"post","link":"https:\/\/mussicom.com\/noticias\/bolsonaro-enfrenta-a-caneta-de-moraes\/","title":{"rendered":"Bolsonaro enfrenta a caneta de Moraes"},"content":{"rendered":"<p> <br \/>\n<\/p>\n<div>\n<p class=\"postParagraph_post-paragraph__juWZN\">O ministro Alexandre de Moraes, do Supremo Tribunal Federal (STF), refor\u00e7ou e ampliou, nesta semana, as medidas cautelares impostas ao ex-presidente Jair Bolsonaro (PL), determinando que o pol\u00edtico est\u00e1 proibido de conceder entrevistas que possam ser veiculadas ou retransmitidas por qualquer meio, inclusive por terceiros nas redes sociais. A decis\u00e3o gerou forte rea\u00e7\u00e3o no meio jur\u00eddico e provocou uma rara diverg\u00eancia p\u00fablica dentro da Suprema Corte.<\/p>\n<p class=\"postParagraph_post-paragraph-innerHtml__Q5vwc\">No podcast <em>15 Minutos<\/em>, da <strong>Gazeta do Povo<\/strong>, os jornalistas Rosana Bittencourt e Frederico Junkert analisaram a decis\u00e3o e destacaram o voto do ministro Luiz Fux, que se manifestou contra a extens\u00e3o da proibi\u00e7\u00e3o. Para Fux, a medida representa uma poss\u00edvel viola\u00e7\u00e3o \u00e0 cl\u00e1usula p\u00e9trea da Constitui\u00e7\u00e3o que garante a liberdade de express\u00e3o e de imprensa.<\/p>\n<p><em>&#8220;Parte das medidas cautelares impostas, consistente no impedimento pr\u00e9vio e abstrato de utiliza\u00e7\u00e3o dos meios de comunica\u00e7\u00e3o, confronta-se com a liberdade de express\u00e3o&#8221;, <\/em>declarou Fux em seu voto.<\/p>\n<p class=\"postParagraph_post-paragraph__juWZN\">A controv\u00e9rsia surgiu ap\u00f3s a defesa de Bolsonaro anunciar uma entrevista ao portal Metr\u00f3poles. A d\u00favida inicial era se a proibi\u00e7\u00e3o de usar redes sociais incluiria tamb\u00e9m entrevistas concedidas a ve\u00edculos de comunica\u00e7\u00e3o. Moraes ent\u00e3o emitiu novo despacho, deixando claro que qualquer forma de transmiss\u00e3o ou retransmiss\u00e3o de conte\u00fado vinculado ao ex-presidente est\u00e1 vetada \u2014 inclusive por terceiros \u2014 sob risco de pris\u00e3o por descumprimento.<\/p>\n<p class=\"postParagraph_post-paragraph__juWZN\">Segundo Moraes, a proibi\u00e7\u00e3o busca impedir que Bolsonaro use a m\u00eddia para &#8220;burlar&#8221; as restri\u00e7\u00f5es judiciais. &#8220;Inclui, obviamente, as transmiss\u00f5es, retransmiss\u00f5es ou veicula\u00e7\u00e3o de \u00e1udios, v\u00eddeos ou transcri\u00e7\u00f5es de entrevistas&#8221;, diz o texto da decis\u00e3o.<\/p>\n<h3 class=\"postParagraph_post-paragraph__juWZN postParagraph_type-tag-h3__xSAn9\"> Fux: Liberdade de express\u00e3o sob amea\u00e7a<\/h3>\n<p class=\"postParagraph_post-paragraph__juWZN\">O ministro Fux apresentou voto contr\u00e1rio \u00e0 decis\u00e3o, alegando aus\u00eancia de elementos concretos que justifiquem a gravidade das medidas. Ele argumentou que n\u00e3o h\u00e1 provas de que Bolsonaro esteja tentando fugir do pa\u00eds ou atrapalhar as investiga\u00e7\u00f5es. Ainda segundo Fux, a decis\u00e3o pode configurar censura antecipada e inconstitucional.<\/p>\n<p class=\"postParagraph_post-paragraph-innerHtml__Q5vwc\">O magistrado citou precedentes do pr\u00f3prio STF, incluindo decis\u00f5es do ministro Celso de Mello, para sustentar que o poder cautelar da Justi\u00e7a n\u00e3o pode se transformar em mecanismo de repress\u00e3o da liberdade de express\u00e3o. Fux ressaltou que o exerc\u00edcio do direito de cr\u00edtica \u00e9 essencial ao regime democr\u00e1tico.<\/p>\n<p><em>&#8220;N\u00e3o cabe ao Estado definir previamente o que pode ou n\u00e3o ser dito por indiv\u00edduos ou jornalistas&#8221;,<\/em> apontou Fux, ao lembrar o papel institucional da imprensa.<\/p>\n<h3 class=\"postParagraph_post-paragraph__juWZN postParagraph_type-tag-h3__xSAn9\">Compara\u00e7\u00f5es com o caso Lula<\/h3>\n<p class=\"postParagraph_post-paragraph-innerHtml__Q5vwc\">O caso gerou compara\u00e7\u00f5es com epis\u00f3dios de 2018 e 2019, quando o ent\u00e3o ex-presidente Luiz In\u00e1cio Lula da Silva, mesmo condenado e preso, concedeu entrevistas autorizadas pelo STF. Entre elas, uma famosa entrevista \u00e0 <em>Folha de S.Paulo<\/em>, liberada por Ricardo Lewandowski, que tamb\u00e9m reconheceu o direito de liberdade de imprensa mesmo para r\u00e9us e custodiados.<\/p>\n<p class=\"postParagraph_post-paragraph-innerHtml__Q5vwc\">O pr\u00f3prio Lewandowski, hoje ministro da Justi\u00e7a, argumentou \u00e0 \u00e9poca que impedir entrevistas de presos equivaleria a censura pr\u00e9via e violaria princ\u00edpios constitucionais. Ele citou exemplos de criminosos comuns \u2014 como Fernandinho Beira-Mar e Suzane von Richthofen \u2014 que tamb\u00e9m concederam entrevistas \u00e0 m\u00eddia.<\/p>\n<p><em>\u201cN\u00e3o \u00e9 cr\u00edvel que uma entrevista com um ex-presidente ofere\u00e7a mais risco ao sistema carcer\u00e1rio do que entrevistas com condenados por tr\u00e1fico ou homic\u00eddio\u201d<\/em>, escreveu Lewandowski em 2018.<\/p>\n<h3 class=\"postParagraph_post-paragraph__juWZN postParagraph_type-tag-h3__xSAn9\">Defesa de Bolsonaro: declara\u00e7\u00e3o p\u00fablica, n\u00e3o entrevista<\/h3>\n<p class=\"postParagraph_post-paragraph-innerHtml__Q5vwc\">No momento, a defesa de Jair Bolsonaro tem at\u00e9 o fim do prazo fixado por Moraes para explicar se ele violou a cautelar ao fazer uma declara\u00e7\u00e3o p\u00fablica \u00e0 imprensa ap\u00f3s reuni\u00e3o com deputados da oposi\u00e7\u00e3o na C\u00e2mara. Bolsonaro disse:<br \/><em>\u201cN\u00e3o roubei, n\u00e3o desviei recurso p\u00fablico, n\u00e3o matei ningu\u00e9m. O que est\u00e3o fazendo \u00e9 covardia. Vamos enfrentar tudo e todos.\u201d<\/em><\/p>\n<p class=\"postParagraph_post-paragraph-innerHtml__Q5vwc\">Segundo o podcast, a expectativa \u00e9 que os advogados aleguem que n\u00e3o se tratou de uma entrevista, mas sim de uma fala espont\u00e2nea captada por jornalistas, o que n\u00e3o violaria tecnicamente a medida. Ainda assim, Moraes poder\u00e1 interpretar o gesto como tentativa de burlar sua ordem \u2014 o que pode resultar em pris\u00e3o preventiva.<\/p>\n<h2 class=\"postParagraph_post-paragraph__juWZN postParagraph_type-tag-h2__TtFkT\">Clima de tens\u00e3o institucional<\/h2>\n<p class=\"postParagraph_post-paragraph__juWZN\">A decis\u00e3o de Moraes, a rea\u00e7\u00e3o de Fux e a compara\u00e7\u00e3o com o caso Lula alimentam o debate sobre os limites da atua\u00e7\u00e3o do STF em rela\u00e7\u00e3o a figuras p\u00fablicas e a liberdade de express\u00e3o. A crescente tens\u00e3o no Supremo pode sinalizar novos embates institucionais nas pr\u00f3ximas semanas.<\/p>\n<p class=\"postParagraph_post-paragraph__juWZN\">A Gazeta do Povo continuar\u00e1 acompanhando o caso.<\/p>\n<\/div>\n<p><br \/>\n<br \/>Fonte: <a href=\"https:\/\/www.gazetadopovo.com.br\/republica\/liberdade-de-expressao-censura-bolsonaro-redes-sociais-entrevistas\/\">Revista Oeste<\/a><\/p>\n","protected":false},"excerpt":{"rendered":"<p>O ministro Alexandre de Moraes, do Supremo Tribunal Federal (STF), refor\u00e7ou e ampliou, nesta semana, as medidas cautelares impostas ao ex-presidente Jair Bolsonaro (PL), determinando que o pol\u00edtico est\u00e1 proibido de conceder entrevistas que possam ser veiculadas ou retransmitidas por qualquer meio, inclusive por terceiros nas redes sociais. A decis\u00e3o gerou forte rea\u00e7\u00e3o no meio [&hellip;]<\/p>\n","protected":false},"author":5,"featured_media":25852,"comment_status":"open","ping_status":"open","sticky":false,"template":"","format":"standard","meta":{"_seopress_robots_primary_cat":"","_seopress_titles_title":"","_seopress_titles_desc":"","_seopress_robots_index":"","footnotes":""},"categories":[1],"tags":[],"class_list":["post-31306","post","type-post","status-publish","format-standard","has-post-thumbnail","hentry","category-ultimas-noticias"],"_links":{"self":[{"href":"https:\/\/mussicom.com\/noticias\/wp-json\/wp\/v2\/posts\/31306","targetHints":{"allow":["GET"]}}],"collection":[{"href":"https:\/\/mussicom.com\/noticias\/wp-json\/wp\/v2\/posts"}],"about":[{"href":"https:\/\/mussicom.com\/noticias\/wp-json\/wp\/v2\/types\/post"}],"author":[{"embeddable":true,"href":"https:\/\/mussicom.com\/noticias\/wp-json\/wp\/v2\/users\/5"}],"replies":[{"embeddable":true,"href":"https:\/\/mussicom.com\/noticias\/wp-json\/wp\/v2\/comments?post=31306"}],"version-history":[{"count":0,"href":"https:\/\/mussicom.com\/noticias\/wp-json\/wp\/v2\/posts\/31306\/revisions"}],"wp:featuredmedia":[{"embeddable":true,"href":"https:\/\/mussicom.com\/noticias\/wp-json\/wp\/v2\/media\/25852"}],"wp:attachment":[{"href":"https:\/\/mussicom.com\/noticias\/wp-json\/wp\/v2\/media?parent=31306"}],"wp:term":[{"taxonomy":"category","embeddable":true,"href":"https:\/\/mussicom.com\/noticias\/wp-json\/wp\/v2\/categories?post=31306"},{"taxonomy":"post_tag","embeddable":true,"href":"https:\/\/mussicom.com\/noticias\/wp-json\/wp\/v2\/tags?post=31306"}],"curies":[{"name":"wp","href":"https:\/\/api.w.org\/{rel}","templated":true}]}}