{"id":31107,"date":"2025-07-22T03:08:15","date_gmt":"2025-07-22T06:08:15","guid":{"rendered":"https:\/\/mussicom.com\/fux-contraria-moraes-e-vota-contra-restricoes-a-bolsonaro\/"},"modified":"2025-07-22T03:08:15","modified_gmt":"2025-07-22T06:08:15","slug":"fux-contraria-moraes-e-vota-contra-restricoes-a-bolsonaro","status":"publish","type":"post","link":"https:\/\/mussicom.com\/noticias\/fux-contraria-moraes-e-vota-contra-restricoes-a-bolsonaro\/","title":{"rendered":"Fux contraria Moraes e vota contra restri\u00e7\u00f5es a Bolsonaro"},"content":{"rendered":"<p> <br \/>\n<\/p>\n<div>\n<p class=\"postParagraph_post-paragraph-innerHtml__Q5vwc\">O ministro Luiz Fux, do Supremo Tribunal Federal (STF), divergiu na noite desta segunda-feira (21) do ministro Alexandre de Moraes e votou contra as medidas cautelares impostas ao ex-presidente Jair Bolsonaro (PL). Ele destacou que a Pol\u00edcia Federal e a Procuradoria-Geral da Rep\u00fablica (PGR) n\u00e3o apresentaram novas provas que justifiquem as restri\u00e7\u00f5es aplicadas e entendeu que as acusa\u00e7\u00f5es baseiam-se apenas no argumento de &#8220;poss\u00edvel pr\u00e1tica de il\u00edcitos&#8221;.<\/p>\n<p class=\"postParagraph_post-paragraph-innerHtml__Q5vwc\">Apesar do voto de Fux, a Primeira Turma do STF validou a ordem de Moraes contra Bolsonaro por 4 votos a 1. Os ministros Cristiano Zanin, C\u00e1rmen L\u00facia e Fl\u00e1vio Dino acompanharam o entendimento do relator. Com isso, o ex-presidente deve cumprir as determina\u00e7\u00f5es, sob risco de pris\u00e3o imediata.<\/p>\n<p class=\"postParagraph_post-paragraph__juWZN\">Fux ressaltou que \u201cas medidas de coer\u00e7\u00e3o e de restri\u00e7\u00e3o devem obedecer ao princ\u00edpio da proporcionalidade\u201d, destacando que o ex-mandat\u00e1rio tem \u201cdomic\u00edlio certo e passaporte retido\u201d registrados na a\u00e7\u00e3o penal sobre a suposta tentativa de golpe de Estado em 2022, na qual \u00e9 r\u00e9u.<\/p>\n<div class=\"postViewMore_post-view-more-container___5wai\" data-mrf-recirculation=\"Post - Veja tamb\u00e9m\">\n<p class=\"gp-styles-module-size-small-afeYRa gp-styles-module-font-family2-afeYRa gp-styles-module-color-secondary-afeYRa gp-styles-module-weight-bold-afeYRa\">VEJA TAMB\u00c9M:<\/p>\n<ul class=\"postViewMore_post-view-more-list__CU_CE\">\n<li class=\"postViewMore_post-view-more-item__2MzRb\"><span class=\"postViewMore_post-view-more-link-icon___stPC\"><svg xmlns=\"http:\/\/www.w3.org\/2000\/svg\" width=\"16\" height=\"16\" viewbox=\"0 0 16 16\"><rect width=\"16\" height=\"16\" fill=\"none\"\/><g transform=\"translate(3 3)\"><path d=\"M22.5,15l3.4,3.4-3.4,3.4\" transform=\"translate(-15.896 -11.793)\" fill=\"none\" stroke=\"#717171\" stroke-linecap=\"round\" stroke-width=\"1.4\"\/><path d=\"M6,6v4.2a2.452,2.452,0,0,0,2.5,2.4H16\" transform=\"translate(-6 -6)\" fill=\"none\" stroke=\"#717171\" stroke-linecap=\"round\" stroke-width=\"1.4\"\/><\/g><\/svg><\/span><span class=\"postViewMore_post-view-more-link-text__hO_kM\">Moraes d\u00e1 24h para defesa de Bolsonaro explicar postagens nas redes e alerta sobre pris\u00e3o<\/span><\/li>\n<\/ul>\n<\/div>\n<p class=\"postParagraph_post-paragraph__juWZN\">No \u00faltimo dia 18, Moraes determinou a Bolsonaro o uso de tornozeleira eletr\u00f4nica; recolhimento domiciliar entre 19h e 6h e nos finais de semana; proibi\u00e7\u00e3o do uso de redes sociais e veicula\u00e7\u00e3o de entrevistas; proibi\u00e7\u00e3o de se comunicar com embaixadores estrangeiros e de se aproximar de embaixadas; proibi\u00e7\u00e3o de se comunicar com outros investigados, inclusive com o pr\u00f3prio filho, o deputado licenciado Eduardo Bolsonaro (PL-SP).<\/p>\n<p class=\"postParagraph_post-paragraph__juWZN\">\u201cDeveras, mesmo para a imposi\u00e7\u00e3o de cautelares penais diversas da pris\u00e3o, \u00e9 indispens\u00e1vel a demonstra\u00e7\u00e3o concreta da necessidade da medida para a aplica\u00e7\u00e3o da lei penal e sua consequente adequa\u00e7\u00e3o aos fins pretendidos\u201d, escreveu Fux. Ele afirmou que parte das medidas cautelares consistem no \u201cimpedimento pr\u00e9vio e abstrato de utiliza\u00e7\u00e3o dos meios de comunica\u00e7\u00e3o\u201d, o que \u201cconfronta-se com a cl\u00e1usula p\u00e9trea da liberdade de express\u00e3o\u201d.<\/p>\n<p class=\"postParagraph_post-paragraph__juWZN\">Para Fux, a amplitude das medidas determinadas por Moraes \u201crestringe desproporcionalmente direitos fundamentais, como a liberdade de ir e vir e a liberdade de express\u00e3o e comunica\u00e7\u00e3o, sem que tenha havido a demonstra\u00e7\u00e3o contempor\u00e2nea, concreta e individualizada dos requisitos que legalmente autorizariam a imposi\u00e7\u00e3o dessas cautelares\u201d.<\/p>\n<p class=\"postParagraph_post-paragraph__juWZN\">Eduardo \u00e9 investigado por articular san\u00e7\u00f5es do governo dos Estados Unidos contra autoridades brasileiras. No inc\u00edo de julho, o presidente americano, Donald Trump, anunciou a taxa\u00e7\u00e3o de 50% sobre produtos brasileiros. Al\u00e9m de apontar raz\u00f5es comerciais, o republicano tamb\u00e9m criticou o julgamento do STF contra Bolsonaro e as decis\u00f5es de Moraes contra plataformas digitais.<\/p>\n<p class=\"postParagraph_post-paragraph__juWZN\">Em meio ao impasse, a PF e a PGR defenderam a aplica\u00e7\u00e3o das restri\u00e7\u00f5es contra o ex-presidente. Na decis\u00e3o, Moraes afirmou que Eduardo e Bolsonaro tentam &#8220;submeter o funcionamento do Supremo Tribunal Federal ao crivo de outro Estado estrangeiro, por meio de atos hostis derivados de negocia\u00e7\u00f5es esp\u00farias e criminosas com patente obstru\u00e7\u00e3o \u00e0 Justi\u00e7a e clara finalidade de coagir essa Corte no julgamento&#8221; sobre o suposto plano de golpe.<\/p>\n<h2 class=\"postParagraph_post-paragraph__juWZN postParagraph_type-tag-h2__TtFkT\">Fux rebate argumentos de Moraes sobre tarifa\u00e7o e amea\u00e7a ao STF<\/h2>\n<p class=\"postParagraph_post-paragraph__juWZN\">O magistrado cita que o \u201cfundamento nuclear\u201d da ordem de Moraes \u00e9 a alega\u00e7\u00e3o de que o STF e seus integrantes \u201cpoderiam ser pass\u00edveis de influ\u00eancia por amea\u00e7as de alhures\u201d. Fux destacou que, apesar do entendimento do colega, a Corte \u201ctem demonstrado de forma inequ\u00edvoca a sua independ\u00eancia e a sua impermeabilidade \u00e0s press\u00f5es dos setores que manifestam desagrado com as suas decis\u00f5es\u201d.<\/p>\n<p class=\"postParagraph_post-paragraph__juWZN\">Fux refor\u00e7ou que as quest\u00f5es econ\u00f4micas apontadas pela PF no pedido contra o ex-presidente devem ser solucionadas no \u00e2mbito pol\u00edtico e diplom\u00e1tico. No pedido enviado a Moraes, a PF alega que Eduardo e Bolsonaro buscam \u201ccriar entraves econ\u00f4micos nas rela\u00e7\u00f5es comerciais\u201d entre os Estados Unidos e o Brasil para impedir o prosseguimento da a\u00e7\u00e3o penal do golpe.<\/p>\n<p class=\"postParagraph_post-paragraph__juWZN\">&#8220;Tais quest\u00f5es econ\u00f4micas devem ser resolvidas nos \u00e2mbitos pol\u00edticos e diplom\u00e1ticos pr\u00f3prios, como vem procedendo Sua Excel\u00eancia o Presidente da Rep\u00fablica, coadjuvado pelo Congresso Nacional&#8221;, disse Fux.<\/p>\n<h2 class=\"postParagraph_post-paragraph__juWZN postParagraph_type-tag-h2__TtFkT\">Ministro cita precedentes do pr\u00f3prio STF para defender liberdade de express\u00e3o<\/h2>\n<p class=\"postParagraph_post-paragraph__juWZN\">No voto, Fux se colocou contr\u00e1rio \u00e0 proibi\u00e7\u00e3o imposta a Bolsonaro de se manifestar nas redes e na imprensa citando precedentes do ministro aposentado Celso de Mello. \u201cO exerc\u00edcio da jurisdi\u00e7\u00e3o cautelar por magistrados e Tribunais n\u00e3o pode converter-se em pr\u00e1tica judicial inibit\u00f3ria, [\u2026] da liberdade constitucional de express\u00e3o e de comunica\u00e7\u00e3o, sob pena de o poder geral de cautela atribu\u00eddo ao Judici\u00e1rio transformar-se, inconstitucionalmente, em inadmiss\u00edvel censura estatal\u201d \u2013 o trecho \u00e9 de uma decis\u00e3o de 2015, de Celso de Mello, reproduzida por Fux no voto.<\/p>\n<p class=\"postParagraph_post-paragraph__juWZN\">\u201cA liberdade de manifesta\u00e7\u00e3o do pensamento, que representa um dos fundamentos em que se apoia a pr\u00f3pria no\u00e7\u00e3o de Estado Democr\u00e1tico de Direito, n\u00e3o pode ser restringida, ainda que em sede jurisdicional, pela pr\u00e1tica da censura estatal, sempre ileg\u00edtima e impregnada de car\u00e1ter proteiforme\u201d, diz outra decis\u00e3o de Celso de Mello citada por Fux.<\/p>\n<\/div>\n<p><br \/>\n<br \/>Fonte: <a href=\"https:\/\/www.gazetadopovo.com.br\/republica\/fux-diverge-de-moraes-e-vota-contra-restricoes-impostas-a-bolsonaro\/\">Revista Oeste<\/a><\/p>\n","protected":false},"excerpt":{"rendered":"<p>O ministro Luiz Fux, do Supremo Tribunal Federal (STF), divergiu na noite desta segunda-feira (21) do ministro Alexandre de Moraes e votou contra as medidas cautelares impostas ao ex-presidente Jair Bolsonaro (PL). Ele destacou que a Pol\u00edcia Federal e a Procuradoria-Geral da Rep\u00fablica (PGR) n\u00e3o apresentaram novas provas que justifiquem as restri\u00e7\u00f5es aplicadas e entendeu [&hellip;]<\/p>\n","protected":false},"author":5,"featured_media":31108,"comment_status":"open","ping_status":"open","sticky":false,"template":"","format":"standard","meta":{"_seopress_robots_primary_cat":"","_seopress_titles_title":"","_seopress_titles_desc":"","_seopress_robots_index":"","footnotes":""},"categories":[1],"tags":[],"class_list":["post-31107","post","type-post","status-publish","format-standard","has-post-thumbnail","hentry","category-ultimas-noticias"],"_links":{"self":[{"href":"https:\/\/mussicom.com\/noticias\/wp-json\/wp\/v2\/posts\/31107","targetHints":{"allow":["GET"]}}],"collection":[{"href":"https:\/\/mussicom.com\/noticias\/wp-json\/wp\/v2\/posts"}],"about":[{"href":"https:\/\/mussicom.com\/noticias\/wp-json\/wp\/v2\/types\/post"}],"author":[{"embeddable":true,"href":"https:\/\/mussicom.com\/noticias\/wp-json\/wp\/v2\/users\/5"}],"replies":[{"embeddable":true,"href":"https:\/\/mussicom.com\/noticias\/wp-json\/wp\/v2\/comments?post=31107"}],"version-history":[{"count":0,"href":"https:\/\/mussicom.com\/noticias\/wp-json\/wp\/v2\/posts\/31107\/revisions"}],"wp:featuredmedia":[{"embeddable":true,"href":"https:\/\/mussicom.com\/noticias\/wp-json\/wp\/v2\/media\/31108"}],"wp:attachment":[{"href":"https:\/\/mussicom.com\/noticias\/wp-json\/wp\/v2\/media?parent=31107"}],"wp:term":[{"taxonomy":"category","embeddable":true,"href":"https:\/\/mussicom.com\/noticias\/wp-json\/wp\/v2\/categories?post=31107"},{"taxonomy":"post_tag","embeddable":true,"href":"https:\/\/mussicom.com\/noticias\/wp-json\/wp\/v2\/tags?post=31107"}],"curies":[{"name":"wp","href":"https:\/\/api.w.org\/{rel}","templated":true}]}}