{"id":31079,"date":"2025-07-22T00:45:44","date_gmt":"2025-07-22T03:45:44","guid":{"rendered":"https:\/\/mussicom.com\/trump-publica-video-de-ia-que-mostra-obama-sendo-preso\/"},"modified":"2025-07-22T00:45:44","modified_gmt":"2025-07-22T03:45:44","slug":"trump-publica-video-de-ia-que-mostra-obama-sendo-preso","status":"publish","type":"post","link":"https:\/\/mussicom.com\/noticias\/trump-publica-video-de-ia-que-mostra-obama-sendo-preso\/","title":{"rendered":"Trump publica v\u00eddeo de IA que mostra Obama sendo preso"},"content":{"rendered":"<p> <br \/>\n<\/p>\n<div>\n<p class=\"postParagraph_post-paragraph__juWZN\">O presidente americano, Donald Trump, publicou na noite de domingo (20) na rede Truth Social um v\u00eddeo de Intelig\u00eancia Artificial que mostra o ex-mandat\u00e1rio Barack Obama (2009-2017), da oposi\u00e7\u00e3o democrata, sendo preso por agentes do FBI.<\/p>\n<p class=\"postParagraph_post-paragraph__juWZN\">O v\u00eddeo de um minuto e meio come\u00e7a com imagens reais de Obama e outros democratas, como a deputada Nancy Pelosi e o ex-presidente Joe Biden, falando que \u201cningu\u00e9m est\u00e1 acima da lei\u201d.<\/p>\n<p class=\"postParagraph_post-paragraph__juWZN\">Em seguida, j\u00e1 com imagens produzidas por computador e ao som da can\u00e7\u00e3o \u201cYMCA\u201d, do Village People, uma \u201cconversa\u201d entre Trump e Obama no Sal\u00e3o Oval da Casa Branca \u00e9 interrompida por agentes do FBI, que prendem o antecessor do primeiro mandato do republicano.<\/p>\n<p class=\"postParagraph_post-paragraph-innerHtml__Q5vwc\">Depois, Obama aparece no v\u00eddeo desconsolado dentro de uma cela, trajando o tradicional uniforme laranja de pris\u00f5es dos Estados Unidos. Clique aqui para ver. Obama n\u00e3o se pronunciou sobre o v\u00eddeo ainda.<\/p>\n<p class=\"postParagraph_post-paragraph__juWZN\">Embora o v\u00eddeo n\u00e3o tenha sido acompanhado de nenhum texto, Trump parece ter feito refer\u00eancia a alega\u00e7\u00f5es da diretora de Intelig\u00eancia Nacional, Tulsi Gabbard, que afirmou que integrantes do governo de Obama \u201cfabricaram informa\u00e7\u00f5es\u201d de que a R\u00fassia teria interferido na elei\u00e7\u00e3o presidencial de 2016, quando o republicano bateu a democrata Hillary Clinton.<\/p>\n<p class=\"postParagraph_post-paragraph__juWZN\">Na semana passada, Gabbard afirmou em um memorando que entregaria informa\u00e7\u00f5es ao Departamento de Justi\u00e7a (DOJ, na sigla em ingl\u00eas) para poss\u00edveis investiga\u00e7\u00f5es criminais. Os democratas negaram a acusa\u00e7\u00e3o e disseram que o encaminhamento tem motiva\u00e7\u00f5es pol\u00edticas.<\/p>\n<\/div>\n<p><br \/>\n<br \/>Fonte: <a href=\"https:\/\/www.gazetadopovo.com.br\/mundo\/trump-publica-video-de-ia-que-mostra-obama-sendo-preso\/\">Revista Oeste<\/a><\/p>\n","protected":false},"excerpt":{"rendered":"<p>O presidente americano, Donald Trump, publicou na noite de domingo (20) na rede Truth Social um v\u00eddeo de Intelig\u00eancia Artificial que mostra o ex-mandat\u00e1rio Barack Obama (2009-2017), da oposi\u00e7\u00e3o democrata, sendo preso por agentes do FBI. O v\u00eddeo de um minuto e meio come\u00e7a com imagens reais de Obama e outros democratas, como a deputada [&hellip;]<\/p>\n","protected":false},"author":5,"featured_media":31080,"comment_status":"open","ping_status":"open","sticky":false,"template":"","format":"standard","meta":{"_seopress_robots_primary_cat":"","_seopress_titles_title":"","_seopress_titles_desc":"","_seopress_robots_index":"","footnotes":""},"categories":[48],"tags":[],"class_list":["post-31079","post","type-post","status-publish","format-standard","has-post-thumbnail","hentry","category-internacional"],"_links":{"self":[{"href":"https:\/\/mussicom.com\/noticias\/wp-json\/wp\/v2\/posts\/31079","targetHints":{"allow":["GET"]}}],"collection":[{"href":"https:\/\/mussicom.com\/noticias\/wp-json\/wp\/v2\/posts"}],"about":[{"href":"https:\/\/mussicom.com\/noticias\/wp-json\/wp\/v2\/types\/post"}],"author":[{"embeddable":true,"href":"https:\/\/mussicom.com\/noticias\/wp-json\/wp\/v2\/users\/5"}],"replies":[{"embeddable":true,"href":"https:\/\/mussicom.com\/noticias\/wp-json\/wp\/v2\/comments?post=31079"}],"version-history":[{"count":0,"href":"https:\/\/mussicom.com\/noticias\/wp-json\/wp\/v2\/posts\/31079\/revisions"}],"wp:featuredmedia":[{"embeddable":true,"href":"https:\/\/mussicom.com\/noticias\/wp-json\/wp\/v2\/media\/31080"}],"wp:attachment":[{"href":"https:\/\/mussicom.com\/noticias\/wp-json\/wp\/v2\/media?parent=31079"}],"wp:term":[{"taxonomy":"category","embeddable":true,"href":"https:\/\/mussicom.com\/noticias\/wp-json\/wp\/v2\/categories?post=31079"},{"taxonomy":"post_tag","embeddable":true,"href":"https:\/\/mussicom.com\/noticias\/wp-json\/wp\/v2\/tags?post=31079"}],"curies":[{"name":"wp","href":"https:\/\/api.w.org\/{rel}","templated":true}]}}