{"id":31024,"date":"2025-07-21T20:41:15","date_gmt":"2025-07-21T23:41:15","guid":{"rendered":"https:\/\/mussicom.com\/comissario-europeu-elogia-endurecimento-de-trump-com-putin\/"},"modified":"2025-07-21T20:41:15","modified_gmt":"2025-07-21T23:41:15","slug":"comissario-europeu-elogia-endurecimento-de-trump-com-putin","status":"publish","type":"post","link":"https:\/\/mussicom.com\/noticias\/comissario-europeu-elogia-endurecimento-de-trump-com-putin\/","title":{"rendered":"Comiss\u00e1rio europeu elogia endurecimento de Trump com Putin"},"content":{"rendered":"<p> <br \/>\n<\/p>\n<div>\n<p class=\"postParagraph_post-paragraph__juWZN\">O comiss\u00e1rio europeu de Defesa e Espa\u00e7o, Andrius Kubilius, afirmou nesta segunda-feira (21) que v\u00ea como um bom sinal o endurecimento da postura do presidente dos Estados Unidos, Donald Trump, em rela\u00e7\u00e3o ao ditador russo, Vladimir Putin, a quem o americano deu um ultimato para chegar a um acordo de paz com a Ucr\u00e2nia.<\/p>\n<p class=\"postParagraph_post-paragraph__juWZN\">\u201c\u00c9 uma evolu\u00e7\u00e3o positiva neste momento, especialmente porque agora h\u00e1 novas oportunidades para apoiar a Ucr\u00e2nia, que est\u00e1 sofrendo um aumento dos ataques russos com drones e m\u00edsseis\u201d, disse o alto funcion\u00e1rio da Uni\u00e3o Europeia em entrevista coletiva durante visita oficial de seis dias aos EUA.<\/p>\n<p class=\"postParagraph_post-paragraph-innerHtml__Q5vwc\">Kubilius parabenizou o acordo entre o governo Trump e a Otan para continuar o fornecimento de armas para a Ucr\u00e2nia, incluindo equipamentos de defesa antia\u00e9rea Patriot, anunciado pelo mandat\u00e1rio americano em 14 de julho.<\/p>\n<p class=\"postParagraph_post-paragraph-innerHtml__Q5vwc\">Antes, Trump havia optado por uma posi\u00e7\u00e3o negociadora com Putin, mas na \u00faltima semana mudou sua postura, frustrado com a recusa de Putin em parar os bombardeios contra a Ucr\u00e2nia, e amea\u00e7ou impor \u201ctarifas muito severas\u201d \u00e0 R\u00fassia e secund\u00e1rias se um acordo de paz com o vizinho n\u00e3o for fechado em um prazo de 50 dias.<\/p>\n<p class=\"postParagraph_post-paragraph__juWZN\">Para Kubilius, \u201c\u00e9 algo positivo que o presidente Trump tenha entendido que Putin diz uma coisa, mas faz outra\u201d, e declarou que isso \u201ctalvez a Europa tenha entendido antes, mas \u00e9 uma li\u00e7\u00e3o que levou tempo para o novo governo\u201d de Washington.<\/p>\n<p class=\"postParagraph_post-paragraph__juWZN\">\u201cO que acontecer\u00e1 depois desses 50 dias? N\u00e3o posso prever. Mas sei uma coisa: a \u00fanica coisa que Putin entende \u00e9 a for\u00e7a, todo o resto ele interpreta como fraqueza\u201d, advertiu.<\/p>\n<p class=\"postParagraph_post-paragraph__juWZN\">O comiss\u00e1rio destacou ainda o compromisso do bloco europeu com a defesa de Kiev e ressaltou o in\u00edcio dos novos empr\u00e9stimos milion\u00e1rios aprovados pela UE, que permitir\u00e3o aos Estados-membros e associados &#8211; como a Ucr\u00e2nia &#8211; solicitar cr\u00e9ditos para aquisi\u00e7\u00f5es conjuntas de material militar.<\/p>\n<p class=\"postParagraph_post-paragraph__juWZN\">Ele tamb\u00e9m ressaltou a reforma para acelerar as licen\u00e7as industriais para a defesa e reduzir a burocracia associada a esses processos.<\/p>\n<p class=\"postParagraph_post-paragraph__juWZN\">Kubilius enfatizou a import\u00e2ncia de priorizar e desenvolver capacidades de defesa estrat\u00e9gicas pr\u00f3prias diante de uma poss\u00edvel redu\u00e7\u00e3o da presen\u00e7a ou apoio americano no espa\u00e7o europeu.<\/p>\n<p class=\"postParagraph_post-paragraph__juWZN\">Entre os motivos da viagem aos EUA, est\u00e1 o di\u00e1logo com seus pares americanos sobre a poss\u00edvel retirada.<\/p>\n<p class=\"postParagraph_post-paragraph__juWZN\">\u201cEstamos nos preparando para assumir a responsabilidade sobre nossos pr\u00f3prios ombros. N\u00e3o sabemos o que os americanos decidir\u00e3o sobre manter ou retirar suas tropas, essa \u00e9 uma decis\u00e3o que lhes compete. Nossa responsabilidade \u00e9 estar prontos para assumir esse papel\u201d, disse \u00e0 imprensa.<\/p>\n<p class=\"postParagraph_post-paragraph__juWZN\">Kubilius revelou que a UE est\u00e1 impulsionando importantes projetos de forma aut\u00f4noma, entre eles \u201cnovos sistemas de comunica\u00e7\u00e3o via sat\u00e9lite segura e um novo sistema de observa\u00e7\u00e3o governamental para obter dados de alt\u00edssima precis\u00e3o do espa\u00e7o\u201d.<\/p>\n<p class=\"postParagraph_post-paragraph__juWZN\">\u201cDe qualquer forma, nossa perspectiva n\u00e3o muda de acordo com o que os americanos decidam: vamos continuar desenvolvendo nossas capacidades, e se os americanos permanecerem, melhor ainda, seremos mais fortes\u201d, concluiu.<\/p>\n<\/div>\n<p><br \/>\n<br \/>Fonte: <a href=\"https:\/\/www.gazetadopovo.com.br\/mundo\/comissario-europeu-elogia-endurecimento-trump-putin\/\">Revista Oeste<\/a><\/p>\n","protected":false},"excerpt":{"rendered":"<p>O comiss\u00e1rio europeu de Defesa e Espa\u00e7o, Andrius Kubilius, afirmou nesta segunda-feira (21) que v\u00ea como um bom sinal o endurecimento da postura do presidente dos Estados Unidos, Donald Trump, em rela\u00e7\u00e3o ao ditador russo, Vladimir Putin, a quem o americano deu um ultimato para chegar a um acordo de paz com a Ucr\u00e2nia. \u201c\u00c9 [&hellip;]<\/p>\n","protected":false},"author":5,"featured_media":31025,"comment_status":"open","ping_status":"open","sticky":false,"template":"","format":"standard","meta":{"_seopress_robots_primary_cat":"","_seopress_titles_title":"","_seopress_titles_desc":"","_seopress_robots_index":"","footnotes":""},"categories":[48],"tags":[],"class_list":["post-31024","post","type-post","status-publish","format-standard","has-post-thumbnail","hentry","category-internacional"],"_links":{"self":[{"href":"https:\/\/mussicom.com\/noticias\/wp-json\/wp\/v2\/posts\/31024","targetHints":{"allow":["GET"]}}],"collection":[{"href":"https:\/\/mussicom.com\/noticias\/wp-json\/wp\/v2\/posts"}],"about":[{"href":"https:\/\/mussicom.com\/noticias\/wp-json\/wp\/v2\/types\/post"}],"author":[{"embeddable":true,"href":"https:\/\/mussicom.com\/noticias\/wp-json\/wp\/v2\/users\/5"}],"replies":[{"embeddable":true,"href":"https:\/\/mussicom.com\/noticias\/wp-json\/wp\/v2\/comments?post=31024"}],"version-history":[{"count":0,"href":"https:\/\/mussicom.com\/noticias\/wp-json\/wp\/v2\/posts\/31024\/revisions"}],"wp:featuredmedia":[{"embeddable":true,"href":"https:\/\/mussicom.com\/noticias\/wp-json\/wp\/v2\/media\/31025"}],"wp:attachment":[{"href":"https:\/\/mussicom.com\/noticias\/wp-json\/wp\/v2\/media?parent=31024"}],"wp:term":[{"taxonomy":"category","embeddable":true,"href":"https:\/\/mussicom.com\/noticias\/wp-json\/wp\/v2\/categories?post=31024"},{"taxonomy":"post_tag","embeddable":true,"href":"https:\/\/mussicom.com\/noticias\/wp-json\/wp\/v2\/tags?post=31024"}],"curies":[{"name":"wp","href":"https:\/\/api.w.org\/{rel}","templated":true}]}}