{"id":30914,"date":"2025-07-21T13:56:15","date_gmt":"2025-07-21T16:56:15","guid":{"rendered":"https:\/\/mussicom.com\/parque-tecnologico-de-santos-recebe-etapa-de-pre-producao-das-oficinas-quero\/"},"modified":"2025-07-21T13:56:15","modified_gmt":"2025-07-21T16:56:15","slug":"parque-tecnologico-de-santos-recebe-etapa-de-pre-producao-das-oficinas-quero","status":"publish","type":"post","link":"https:\/\/mussicom.com\/noticias\/parque-tecnologico-de-santos-recebe-etapa-de-pre-producao-das-oficinas-quero\/","title":{"rendered":"Parque Tecnol\u00f3gico de Santos recebe etapa de pr\u00e9-produ\u00e7\u00e3o das Oficinas Quer\u00f4"},"content":{"rendered":"<p> <br \/>\n<\/p>\n<div id=\"texto\">\n<p>O Parque Tecnol\u00f3gico de Santos est\u00e1 servindo como cen\u00e1rio para um momento importante na forma\u00e7\u00e3o de jovens talentos da regi\u00e3o. At\u00e9 1\u00ba de agosto, o espa\u00e7o recebe atividades de pr\u00e9-produ\u00e7\u00e3o dos document\u00e1rios das Oficinas Quer\u00f4 1\u00ba Ano, iniciativa que capacita anualmente 40 jovens, de 16 a 20 anos, em situa\u00e7\u00e3o de vulnerabilidade social, por meio do audiovisual.<\/p>\n<p>\u00a0<\/p>\n<p>As atividades ocorrem no Laborat\u00f3rio de Inform\u00e1tica, onde os participantes desenvolvem pesquisas, produzem roteiros, documentos t\u00e9cnicos e planilhas \u2014 preparando-se para a etapa de grava\u00e7\u00e3o de tr\u00eas document\u00e1rios que ser\u00e3o lan\u00e7ados ainda este ano: Mulheres Desfeminilizadas, Samaricity (sobre o bairro Samarit\u00e1, em S\u00e3o Vicente) e Vov\u00f3 do Rap.<\/p>\n<p>\u00a0<\/p>\n<p>A parceria reafirma o papel do equipamento como um espa\u00e7o de conex\u00e3o entre diferentes express\u00f5es do conhecimento e da inova\u00e7\u00e3o. &#8220;O Parque Tecnol\u00f3gico \u00e9, antes de tudo, um hub de conhecimento. Embora estejamos fortemente ligados \u00e0 tecnologia e \u00e0 inova\u00e7\u00e3o, temos plena consci\u00eancia de que educa\u00e7\u00e3o, cultura e audiovisual tamb\u00e9m s\u00e3o \u00e1reas estrat\u00e9gicas para o desenvolvimento humano e social. Por isso, estamos sempre de portas abertas para projetos transformadores como o Quer\u00f4, que d\u00e3o voz \u00e0 juventude da nossa regi\u00e3o&#8221;, destacou Eduardo Bittencourt, presidente do parque.<\/p>\n<p>\u00a0<\/p>\n<p>A presen\u00e7a do projeto no espa\u00e7o fortalece a ideia de um parque acess\u00edvel \u00e0 Cidade e \u00e0s suas m\u00faltiplas voca\u00e7\u00f5es, n\u00e3o apenas como ambiente de pesquisa e inova\u00e7\u00e3o tecnol\u00f3gica, mas tamb\u00e9m como local de forma\u00e7\u00e3o, inclus\u00e3o e produ\u00e7\u00e3o criativa.<\/p>\n<p>\u00a0<\/p>\n<p>Mais informa\u00e7\u00f5es sobre o Parque Tecnol\u00f3gico no site https:\/\/fpts.org.br ou no Instagram www.instagram.com\/parquetecsantos.<\/p>\n<p>\u00a0<\/p>\n<p><strong>INSTITUTO<\/strong><\/p>\n<p>Com mais de 19 anos de atua\u00e7\u00e3o, o Instituto Quer\u00f4 \u00e9 reconhecido por democratizar o acesso \u00e0 cultura e estimular as transforma\u00e7\u00f5es pessoal e profissional de jovens da periferia por meio do cinema. At\u00e9 hoje, a institui\u00e7\u00e3o j\u00e1 realizou mais de 400 obras audiovisuais, conquistando 121 pr\u00eamios em festivais e promovendo o acesso gratuito \u00e0s produ\u00e7\u00f5es na plataforma Quer\u00f4 Play. Mais detalhes no site https:\/\/institutoquero.org.\u00a0<\/p>\n<\/p><\/div>\n<p><script async defer crossorigin=\"anonymous\" src=\"https:\/\/connect.facebook.net\/pt_BR\/sdk.js#xfbml=1&#038;version=v12.0&#038;appId=&#038;autoLogAppEvents=1\" nonce=\"ou0fI1lo\"><\/script><script async src=\"\/\/www.instagram.com\/embed.js\"><\/script><br \/>\n<br \/><br \/>\n<br \/>Fonte: <a href=\"https:\/\/www.bs9.com.br\/litoral\/parque-tecnologico-de-santos-recebe-etapa-de-pre-producao-das-oficinas\/33383\/\">BS9<\/a><\/p>\n","protected":false},"excerpt":{"rendered":"<p>O Parque Tecnol\u00f3gico de Santos est\u00e1 servindo como cen\u00e1rio para um momento importante na forma\u00e7\u00e3o de jovens talentos da regi\u00e3o. At\u00e9 1\u00ba de agosto, o espa\u00e7o recebe atividades de pr\u00e9-produ\u00e7\u00e3o dos document\u00e1rios das Oficinas Quer\u00f4 1\u00ba Ano, iniciativa que capacita anualmente 40 jovens, de 16 a 20 anos, em situa\u00e7\u00e3o de vulnerabilidade social, por meio [&hellip;]<\/p>\n","protected":false},"author":5,"featured_media":30915,"comment_status":"open","ping_status":"open","sticky":false,"template":"","format":"standard","meta":{"_seopress_robots_primary_cat":"","_seopress_titles_title":"","_seopress_titles_desc":"","_seopress_robots_index":"","footnotes":""},"categories":[52],"tags":[],"class_list":["post-30914","post","type-post","status-publish","format-standard","has-post-thumbnail","hentry","category-santoseregiao"],"_links":{"self":[{"href":"https:\/\/mussicom.com\/noticias\/wp-json\/wp\/v2\/posts\/30914","targetHints":{"allow":["GET"]}}],"collection":[{"href":"https:\/\/mussicom.com\/noticias\/wp-json\/wp\/v2\/posts"}],"about":[{"href":"https:\/\/mussicom.com\/noticias\/wp-json\/wp\/v2\/types\/post"}],"author":[{"embeddable":true,"href":"https:\/\/mussicom.com\/noticias\/wp-json\/wp\/v2\/users\/5"}],"replies":[{"embeddable":true,"href":"https:\/\/mussicom.com\/noticias\/wp-json\/wp\/v2\/comments?post=30914"}],"version-history":[{"count":0,"href":"https:\/\/mussicom.com\/noticias\/wp-json\/wp\/v2\/posts\/30914\/revisions"}],"wp:featuredmedia":[{"embeddable":true,"href":"https:\/\/mussicom.com\/noticias\/wp-json\/wp\/v2\/media\/30915"}],"wp:attachment":[{"href":"https:\/\/mussicom.com\/noticias\/wp-json\/wp\/v2\/media?parent=30914"}],"wp:term":[{"taxonomy":"category","embeddable":true,"href":"https:\/\/mussicom.com\/noticias\/wp-json\/wp\/v2\/categories?post=30914"},{"taxonomy":"post_tag","embeddable":true,"href":"https:\/\/mussicom.com\/noticias\/wp-json\/wp\/v2\/tags?post=30914"}],"curies":[{"name":"wp","href":"https:\/\/api.w.org\/{rel}","templated":true}]}}