{"id":30769,"date":"2025-07-20T15:12:13","date_gmt":"2025-07-20T18:12:13","guid":{"rendered":"https:\/\/mussicom.com\/de-cena-cortada-a-voz-de-headpool-em-deadpool-wolverine\/"},"modified":"2025-07-20T15:12:13","modified_gmt":"2025-07-20T18:12:13","slug":"de-cena-cortada-a-voz-de-headpool-em-deadpool-wolverine","status":"publish","type":"post","link":"https:\/\/mussicom.com\/noticias\/de-cena-cortada-a-voz-de-headpool-em-deadpool-wolverine\/","title":{"rendered":"de cena cortada \u00e0 voz de Headpool em Deadpool &#038; Wolverine"},"content":{"rendered":"<p> <br \/>\n<\/p>\n<div>\n<p>O ator\u00a0<strong>Nathan Fillion<\/strong>\u00a0conquistou um espa\u00e7o de destaque no universo dos super-her\u00f3is, acumulando participa\u00e7\u00f5es em diversas produ\u00e7\u00f5es da\u00a0<strong>Marvel<\/strong>\u00a0e da\u00a0<strong>DC<\/strong>. Em\u00a0<em><strong>Deadpool &amp; Wolverine<\/strong><\/em>\u00a0(2024), <strong>Fillion<\/strong> deu voz a <strong>Headpool<\/strong>, uma das variantes do anti-her\u00f3i, ap\u00f3s anos de tentativas de integrar o elenco da franquia estrelada por\u00a0<strong>Ryan Reynolds<\/strong>.<\/p>\n<p>A trajet\u00f3ria de <strong>Fillion<\/strong> com <strong><em>Deadpool<\/em><\/strong> come\u00e7ou ainda em 2016, quando gravou uma participa\u00e7\u00e3o especial para o primeiro filme da franquia. Na \u00e9poca, conciliando as grava\u00e7\u00f5es da s\u00e9rie\u00a0<strong><em>Castle<\/em><\/strong>, ele interpretou um funcion\u00e1rio de uma boate, mas sua cena acabou sendo cortada da vers\u00e3o final. O momento pode ser encontrado apenas nos extras do lan\u00e7amento digital do longa.<\/p>\n<h4><strong>Persist\u00eancia e parceria com Ryan Reynolds<\/strong><\/h4>\n<p>Mesmo com a cena exclu\u00edda, a rela\u00e7\u00e3o profissional entre <strong>Nathan Fillion<\/strong> e <strong>Ryan Reynolds<\/strong> se manteve pr\u00f3xima. <strong>Reynolds<\/strong>, tamb\u00e9m produtor e roteirista dos filmes do\u00a0<strong>Deadpool<\/strong>, continuou tentando incluir <strong>Fillion<\/strong> nas sequ\u00eancias. Durante a produ\u00e7\u00e3o de\u00a0<em><strong>Deadpool 2<\/strong><\/em>, o ator foi convidado a fazer um teste para outro papel, mas novamente o projeto n\u00e3o avan\u00e7ou para ele.<\/p>\n<p>A oportunidade definitiva surgiu em\u00a0<em><strong>Deadpool &amp; Wolverine<\/strong><\/em>. Segundo <strong>Fillion<\/strong>, o convite para dublar <strong>Headpool<\/strong> veio diretamente de <strong>Reynolds<\/strong>, que o abordou de maneira descontra\u00edda, pedindo um \u201cfavor\u201d. O processo de grava\u00e7\u00e3o foi adaptado \u00e0 pandemia, com <strong>Fillion<\/strong> registrando suas falas em um est\u00fadio improvisado em casa, o que acabou sendo aprovado pela equipe de produ\u00e7\u00e3o pela qualidade do material entregue.<\/p>\n<h4><strong>Headpool e o multiverso de Deadpool<\/strong><\/h4>\n<p>No terceiro filme da franquia,\u00a0<strong>Headpool<\/strong> aparece como parte do Corpora\u00e7\u00e3o Deadpool, um grupo formado por diferentes vers\u00f5es do personagem. A cena re\u00fane diversas variantes em uma batalha \u00e9pica ao lado de <strong>Wolverine<\/strong>, interpretado por\u00a0<strong>Hugh Jackman<\/strong>. O personagem de <strong>Fillion<\/strong>, uma cabe\u00e7a zumbi flutuante, se destaca pelo humor caracter\u00edstico e pelas intera\u00e7\u00f5es inusitadas durante o confronto.<\/p>\n<p>A participa\u00e7\u00e3o de Fillion em\u00a0<strong>Deadpool &amp; Wolverine<\/strong>\u00a0marca n\u00e3o apenas a realiza\u00e7\u00e3o de um desejo antigo do ator, mas tamb\u00e9m refor\u00e7a sua versatilidade em universos de super-her\u00f3is. Al\u00e9m de <strong>Headpool<\/strong>, ele j\u00e1 havia interpretado personagens na trilogia <em><strong>Guardi\u00f5es da Gal\u00e1xia<\/strong><\/em>\u00a0e, mais recentemente, assumiu o papel de <strong>Guy Gardner<\/strong>, o <strong>Lanterna Verde<\/strong>, no novo filme do\u00a0<strong>Superman<\/strong>.<\/p>\n<h4><strong>Curiosidades da carreira de Nathan Fillion<\/strong><\/h4>\n<p><strong>Nathan Fillion<\/strong> \u00e9 um dos poucos atores a transitar entre os universos cinematogr\u00e1ficos da\u00a0<strong>Marvel<\/strong>\u00a0e da\u00a0<strong>DC<\/strong>. Seu curr\u00edculo inclui participa\u00e7\u00f5es como dublador em anima\u00e7\u00f5es, pap\u00e9is em <em>live-action<\/em> e at\u00e9 mesmo cenas deletadas que se tornaram itens de colecionador para f\u00e3s. Sua presen\u00e7a em\u00a0<em><strong>Deadpool &amp; Wolverine<\/strong><\/em>\u00a0representa a consolida\u00e7\u00e3o de uma parceria de longa data com <strong>Ryan Reynolds<\/strong> e a realiza\u00e7\u00e3o de um ciclo iniciado quase uma d\u00e9cada antes.<\/p>\n<p>A hist\u00f3ria de <strong>Fillion<\/strong> com <strong><em>Deadpool<\/em><\/strong> demonstra como a persist\u00eancia e o networking podem abrir portas em Hollywood, mesmo quando os primeiros convites n\u00e3o se concretizam. Agora, como <strong>Headpool<\/strong>, ele deixa sua marca definitiva em uma das franquias mais populares do cinema de super-her\u00f3is.<\/p>\n<p><strong>LEIA TAMB\u00c9M:<\/strong>As 10 final girls mais lend\u00e1rias do terror, segundo a Rolling Stone Brasil<\/p>\n<blockquote class=\"amdb-polls\" contenteditable=\"false\" data-sid=\"\/polls\/14\/embed\/\">\n<p>Qual foi o melhor filme de 2025 at\u00e9 agora? Vote no seu favorito!<\/p>\n<ul>\n<li>Anora<\/li>\n<li>Conclave<\/li>\n<li>Flow<\/li>\n<li>O Brutalista<\/li>\n<li>Mickey 17<\/li>\n<li>Vit\u00f3ria<\/li>\n<li>Pecadores<\/li>\n<li>Thunderbolts*<\/li>\n<li>Homem com H<\/li>\n<li>Karat\u00ea Kid: Lendas<\/li>\n<li>Premoni\u00e7\u00e3o 6: La\u00e7os de Sangue<\/li>\n<li>Miss\u00e3o: Imposs\u00edvel &#8211; O Acerto Final<\/li>\n<li>Como Treinar o Seu Drag\u00e3o<\/li>\n<li>Exterm\u00ednio: A Evolu\u00e7\u00e3o<\/li>\n<li>F1: O Filme<\/li>\n<li>Jurassic World: Recome\u00e7o<\/li>\n<li>Superman<\/li>\n<li>Eu Sei o que Voc\u00eas Fizeram no Ver\u00e3o Passado<\/li>\n<li>Cazuza, Boas Novas<\/li>\n<li>Cloud \u2013 Nuvem de Vingan\u00e7a<\/li>\n<\/ul>\n<\/blockquote>\n<\/div>\n<p><br \/>\n<br \/>Fonte: <a href=\"https:\/\/rollingstone.com.br\/cinema\/nathan-fillion-de-cena-cortada-a-voz-de-headpool-em-deadpool-wolverine\/\">rollingstone.com.br<\/a><\/p>\n","protected":false},"excerpt":{"rendered":"<p>O ator\u00a0Nathan Fillion\u00a0conquistou um espa\u00e7o de destaque no universo dos super-her\u00f3is, acumulando participa\u00e7\u00f5es em diversas produ\u00e7\u00f5es da\u00a0Marvel\u00a0e da\u00a0DC. Em\u00a0Deadpool &amp; Wolverine\u00a0(2024), Fillion deu voz a Headpool, uma das variantes do anti-her\u00f3i, ap\u00f3s anos de tentativas de integrar o elenco da franquia estrelada por\u00a0Ryan Reynolds. A trajet\u00f3ria de Fillion com Deadpool come\u00e7ou ainda em 2016, quando [&hellip;]<\/p>\n","protected":false},"author":5,"featured_media":30770,"comment_status":"open","ping_status":"open","sticky":false,"template":"","format":"standard","meta":{"_seopress_robots_primary_cat":"","_seopress_titles_title":"","_seopress_titles_desc":"","_seopress_robots_index":"","footnotes":""},"categories":[51],"tags":[],"class_list":["post-30769","post","type-post","status-publish","format-standard","has-post-thumbnail","hentry","category-musica"],"_links":{"self":[{"href":"https:\/\/mussicom.com\/noticias\/wp-json\/wp\/v2\/posts\/30769","targetHints":{"allow":["GET"]}}],"collection":[{"href":"https:\/\/mussicom.com\/noticias\/wp-json\/wp\/v2\/posts"}],"about":[{"href":"https:\/\/mussicom.com\/noticias\/wp-json\/wp\/v2\/types\/post"}],"author":[{"embeddable":true,"href":"https:\/\/mussicom.com\/noticias\/wp-json\/wp\/v2\/users\/5"}],"replies":[{"embeddable":true,"href":"https:\/\/mussicom.com\/noticias\/wp-json\/wp\/v2\/comments?post=30769"}],"version-history":[{"count":0,"href":"https:\/\/mussicom.com\/noticias\/wp-json\/wp\/v2\/posts\/30769\/revisions"}],"wp:featuredmedia":[{"embeddable":true,"href":"https:\/\/mussicom.com\/noticias\/wp-json\/wp\/v2\/media\/30770"}],"wp:attachment":[{"href":"https:\/\/mussicom.com\/noticias\/wp-json\/wp\/v2\/media?parent=30769"}],"wp:term":[{"taxonomy":"category","embeddable":true,"href":"https:\/\/mussicom.com\/noticias\/wp-json\/wp\/v2\/categories?post=30769"},{"taxonomy":"post_tag","embeddable":true,"href":"https:\/\/mussicom.com\/noticias\/wp-json\/wp\/v2\/tags?post=30769"}],"curies":[{"name":"wp","href":"https:\/\/api.w.org\/{rel}","templated":true}]}}