{"id":30546,"date":"2025-07-19T07:48:57","date_gmt":"2025-07-19T10:48:57","guid":{"rendered":"https:\/\/mussicom.com\/forca-tarefa-desmonta-construcoes-irregulares-em-area-ambiental-de-santos\/"},"modified":"2025-07-19T07:48:57","modified_gmt":"2025-07-19T10:48:57","slug":"forca-tarefa-desmonta-construcoes-irregulares-em-area-ambiental-de-santos","status":"publish","type":"post","link":"https:\/\/mussicom.com\/noticias\/forca-tarefa-desmonta-construcoes-irregulares-em-area-ambiental-de-santos\/","title":{"rendered":"For\u00e7a-tarefa desmonta constru\u00e7\u00f5es irregulares em \u00e1rea ambiental de Santos"},"content":{"rendered":"<p> <br \/>\n<\/p>\n<div id=\"texto\">\n<p>For\u00e7a-tarefa desmontou, nesta quinta-feira (17), a segunda de tr\u00eas constru\u00e7\u00f5es irregulares identificadas em \u00e1rea de preserva\u00e7\u00e3o ambiental permanente no Vale do Quilombo, \u00c1rea Continental de Santos. A a\u00e7\u00e3o segue determina\u00e7\u00e3o judicial do Tribunal de Justi\u00e7a (TJ-SP) e ser\u00e1 seguida por recupera\u00e7\u00e3o da \u00e1rea.<\/p>\n<p>\u00a0<\/p>\n<p>Na opera\u00e7\u00e3o, foram retiradas mais de 5,4 toneladas de res\u00edduos s\u00f3lidos do local, sendo que, no \u00faltimo dia 10, quando os trabalhos come\u00e7aram, haviam sido retiradas 3,5 toneladas. Todo o material foi encaminhado \u00e0 Empresa Terrestre Ambiental Ltda.<\/p>\n<p>\u00a0<\/p>\n<p>A for\u00e7a-tarefa \u00e9 formada por representantes das secretarias de Meio Ambiente, Desenvolvimento Urbano e Sustentabilidade (Semam) e das Prefeituras Regionais (Sepref), al\u00e9m da Pol\u00edcia Militar Ambiental, Guarda Civil Municipal (GCM) e Terra Santos. As pessoas que ocupavam as duas casas desfeitas sa\u00edram de maneira volunt\u00e1ria antes do come\u00e7o dos trabalhos.<\/p>\n<p>\u00a0<\/p>\n<p>Os locais, al\u00e9m de estarem em \u00e1rea de prote\u00e7\u00e3o ambiental, foram erguidos de maneira prec\u00e1ria em terreno impr\u00f3prio, de manguezal, trazendo riscos n\u00e3o s\u00f3 para o meio ambiente, mas tamb\u00e9m para quem os habitava.\u00a0<\/p>\n<p>\u00a0<\/p>\n<p>&#8220;A a\u00e7\u00e3o \u00e9 importante, primeiro para prevenir as ocupa\u00e7\u00f5es irregulares e, em segundo lugar, para preservar as \u00e1reas protegidas, neste caso o manguezal, ber\u00e7\u00e1rio do mar territorial. Ocupando uma \u00e1rea sens\u00edvel como essa, afeta-se inclusive o mar, porque algumas esp\u00e9cies entram no manguezal para realizar a reprodu\u00e7\u00e3o&#8221;, explica o coordenador do Grupo T\u00e9cnico de Trabalho (GTT) de Controle de Ocupa\u00e7\u00f5es Irregulares e Habita\u00e7\u00f5es Subnormais, Ailton Valido dos Santos.<\/p>\n<p>\u00a0<\/p>\n<p><strong>IMPACTO AMBIENTAL<\/strong><\/p>\n<p>De acordo com o fiscal ambiental Marcos Paulo Fornazieiro, o impacto em \u00e1rea de mangue vai al\u00e9m da preserva\u00e7\u00e3o das esp\u00e9cies que procriam no local. Import\u00e2ncia ecol\u00f3gica tamb\u00e9m para as quest\u00f5es das mudan\u00e7as clim\u00e1ticas, porque \u00e9 uma barreira natural para a subida da mar\u00e9 e as oscila\u00e7\u00f5es do n\u00edvel do mar, funcionando como uma esp\u00e9cie de esponja para a quest\u00e3o das inunda\u00e7\u00f5es, por exemplo&#8221;.\u00a0<\/p>\n<p>\u00a0<\/p>\n<p>A demoli\u00e7\u00e3o dos locais \u00e9 necess\u00e1ria para que n\u00e3o sejam ocupados novamente. A remo\u00e7\u00e3o da terceira casa deve ocorrer nas pr\u00f3ximas semanas.\u00a0<\/p>\n<p>\u00a0<\/p>\n<p>Os pr\u00f3ximos passos incluem a remo\u00e7\u00e3o integral dos res\u00edduos remanescentes e a realiza\u00e7\u00e3o de estudos ambientais para definir o melhor m\u00e9todo de recupera\u00e7\u00e3o da \u00e1rea degradada.<\/p>\n<\/p><\/div>\n<p><script async defer crossorigin=\"anonymous\" src=\"https:\/\/connect.facebook.net\/pt_BR\/sdk.js#xfbml=1&#038;version=v12.0&#038;appId=&#038;autoLogAppEvents=1\" nonce=\"ou0fI1lo\"><\/script><br \/>\n<br \/><br \/>\n<br \/>Fonte: <a href=\"https:\/\/www.bs9.com.br\/litoral\/forca-tarefa-desmonta-construcoes-irregulares-em-area-ambiental-de\/33330\/\">BS9<\/a><\/p>\n","protected":false},"excerpt":{"rendered":"<p>For\u00e7a-tarefa desmontou, nesta quinta-feira (17), a segunda de tr\u00eas constru\u00e7\u00f5es irregulares identificadas em \u00e1rea de preserva\u00e7\u00e3o ambiental permanente no Vale do Quilombo, \u00c1rea Continental de Santos. A a\u00e7\u00e3o segue determina\u00e7\u00e3o judicial do Tribunal de Justi\u00e7a (TJ-SP) e ser\u00e1 seguida por recupera\u00e7\u00e3o da \u00e1rea. \u00a0 Na opera\u00e7\u00e3o, foram retiradas mais de 5,4 toneladas de res\u00edduos s\u00f3lidos [&hellip;]<\/p>\n","protected":false},"author":5,"featured_media":30547,"comment_status":"open","ping_status":"open","sticky":false,"template":"","format":"standard","meta":{"_seopress_robots_primary_cat":"","_seopress_titles_title":"","_seopress_titles_desc":"","_seopress_robots_index":"","footnotes":""},"categories":[52],"tags":[],"class_list":["post-30546","post","type-post","status-publish","format-standard","has-post-thumbnail","hentry","category-santoseregiao"],"_links":{"self":[{"href":"https:\/\/mussicom.com\/noticias\/wp-json\/wp\/v2\/posts\/30546","targetHints":{"allow":["GET"]}}],"collection":[{"href":"https:\/\/mussicom.com\/noticias\/wp-json\/wp\/v2\/posts"}],"about":[{"href":"https:\/\/mussicom.com\/noticias\/wp-json\/wp\/v2\/types\/post"}],"author":[{"embeddable":true,"href":"https:\/\/mussicom.com\/noticias\/wp-json\/wp\/v2\/users\/5"}],"replies":[{"embeddable":true,"href":"https:\/\/mussicom.com\/noticias\/wp-json\/wp\/v2\/comments?post=30546"}],"version-history":[{"count":0,"href":"https:\/\/mussicom.com\/noticias\/wp-json\/wp\/v2\/posts\/30546\/revisions"}],"wp:featuredmedia":[{"embeddable":true,"href":"https:\/\/mussicom.com\/noticias\/wp-json\/wp\/v2\/media\/30547"}],"wp:attachment":[{"href":"https:\/\/mussicom.com\/noticias\/wp-json\/wp\/v2\/media?parent=30546"}],"wp:term":[{"taxonomy":"category","embeddable":true,"href":"https:\/\/mussicom.com\/noticias\/wp-json\/wp\/v2\/categories?post=30546"},{"taxonomy":"post_tag","embeddable":true,"href":"https:\/\/mussicom.com\/noticias\/wp-json\/wp\/v2\/tags?post=30546"}],"curies":[{"name":"wp","href":"https:\/\/api.w.org\/{rel}","templated":true}]}}