{"id":30477,"date":"2025-07-19T01:40:10","date_gmt":"2025-07-19T04:40:10","guid":{"rendered":"https:\/\/mussicom.com\/eduardo-bolsonaro-celebra-sancao-dos-eua-a-moraes-veja-outros\/"},"modified":"2025-07-19T01:40:10","modified_gmt":"2025-07-19T04:40:10","slug":"eduardo-bolsonaro-celebra-sancao-dos-eua-a-moraes-veja-outros","status":"publish","type":"post","link":"https:\/\/mussicom.com\/noticias\/eduardo-bolsonaro-celebra-sancao-dos-eua-a-moraes-veja-outros\/","title":{"rendered":"Eduardo Bolsonaro celebra san\u00e7\u00e3o dos EUA a Moraes; veja outros"},"content":{"rendered":"<p> <br \/>\n<\/p>\n<div>\n<p class=\"postParagraph_post-paragraph__juWZN\">Ap\u00f3s os Estados Unidos anunciarem nesta sexta-feira (18) uma san\u00e7\u00e3o que pro\u00edbe o ministro Alexandre de Moraes, do Supremo Tribunal Federal (STF), seus familiares e tamb\u00e9m outras autoridades ainda n\u00e3o reveladas de entrarem no pa\u00eds, diversas rea\u00e7\u00f5es come\u00e7aram a aparecer nas redes sociais.<\/p>\n<p class=\"postParagraph_post-paragraph__juWZN\">O deputado licenciado Eduardo Bolsonaro celebrou a decis\u00e3o. Em uma postagem na rede social X, ele agradeceu ao presidente americano Donald Trump e a Marco Rubio. E disse que esse \u00e9 &#8220;o custo Moraes para quem sustenta o regime&#8221;: ser impedido de ver seus familiares que est\u00e3o nos EUA &#8211; os quais podem ter seus vistos cassados -, assim como ele foi proibido de ver seu pai, Jair Bolsonaro, por ordem de Alexandre de Moraes proferida hoje mais cedo. Ao final, avisou: &#8220;Tem muito mais (san\u00e7\u00f5es) por vir!&#8221;<\/p>\n<p class=\"postParagraph_post-paragraph__juWZN\">J\u00e1 o jornalista Paulo Figueiredo, aliado de Eduardo nos EUA junto \u00e0 Casa Branca, divulgou, em sua conta no X, uma suposta lista com outros nomes que tamb\u00e9m teriam seus vistos cancelados. Segundo ele, al\u00e9m de Moraes e seus familiares, constam na lista da san\u00e7\u00e3o o Procurador-Geral da Rep\u00fablica (PGR), Paulo Gonet; os ministros do STF Lu\u00eds Roberto Barroso, Cristiano Zanin, Carmen L\u00facia, Luiz Fux, Fl\u00e1vio Dino e Gilmar Mendes; e, junto a eles, tamb\u00e9m os seus familiares. Ao final do v\u00eddeo, Paulo ainda diz que as san\u00e7\u00f5es que est\u00e3o por vir s\u00e3o muito mais terr\u00edveis que a Lei Magnitsky e pede &#8220;cautela&#8221; e &#8220;responsabilidade&#8221; \u00e0s autoridades brasileiras, pois &#8220;n\u00e3o h\u00e1 um cen\u00e1rio em que elas saiam vencedoras&#8221;.<\/p>\n<p class=\"postParagraph_post-paragraph__juWZN\">O advogado e professor de direito constitucional Andre Marsiglia tamb\u00e9m comentou o ocorrido. Em seu perfil no X, ele afirmou que talvez Moraes &#8220;n\u00e3o ligue&#8221; para o cancelamento dos vistos, mas disse que &#8220;um ministro do STF impedido de entrar em uma democracia por seu autoritarismo \u00e9 fato internacionalmente relevante e refor\u00e7a a imagem do Brasil como um polo de censura&#8221;.<\/p>\n<p class=\"postParagraph_post-paragraph__juWZN\">Outras autoridades, como os deputados Nikolas Ferreira (PL-MG), Marcel van Hattemm (Novo-RS) e Carol de Toni (PL-SC) compartilharam a not\u00edcia em suas redes sociais, mas n\u00e3o chegaram a comentar.<\/p>\n<\/div>\n<p><br \/>\n<br \/>Fonte: <a href=\"https:\/\/www.gazetadopovo.com.br\/republica\/eduardo-bolsonaro-reacoes-sancoes-eua-moraes\/\">Revista Oeste<\/a><\/p>\n","protected":false},"excerpt":{"rendered":"<p>Ap\u00f3s os Estados Unidos anunciarem nesta sexta-feira (18) uma san\u00e7\u00e3o que pro\u00edbe o ministro Alexandre de Moraes, do Supremo Tribunal Federal (STF), seus familiares e tamb\u00e9m outras autoridades ainda n\u00e3o reveladas de entrarem no pa\u00eds, diversas rea\u00e7\u00f5es come\u00e7aram a aparecer nas redes sociais. O deputado licenciado Eduardo Bolsonaro celebrou a decis\u00e3o. Em uma postagem na [&hellip;]<\/p>\n","protected":false},"author":5,"featured_media":30478,"comment_status":"open","ping_status":"open","sticky":false,"template":"","format":"standard","meta":{"_seopress_robots_primary_cat":"","_seopress_titles_title":"","_seopress_titles_desc":"","_seopress_robots_index":"","footnotes":""},"categories":[1],"tags":[],"class_list":["post-30477","post","type-post","status-publish","format-standard","has-post-thumbnail","hentry","category-ultimas-noticias"],"_links":{"self":[{"href":"https:\/\/mussicom.com\/noticias\/wp-json\/wp\/v2\/posts\/30477","targetHints":{"allow":["GET"]}}],"collection":[{"href":"https:\/\/mussicom.com\/noticias\/wp-json\/wp\/v2\/posts"}],"about":[{"href":"https:\/\/mussicom.com\/noticias\/wp-json\/wp\/v2\/types\/post"}],"author":[{"embeddable":true,"href":"https:\/\/mussicom.com\/noticias\/wp-json\/wp\/v2\/users\/5"}],"replies":[{"embeddable":true,"href":"https:\/\/mussicom.com\/noticias\/wp-json\/wp\/v2\/comments?post=30477"}],"version-history":[{"count":0,"href":"https:\/\/mussicom.com\/noticias\/wp-json\/wp\/v2\/posts\/30477\/revisions"}],"wp:featuredmedia":[{"embeddable":true,"href":"https:\/\/mussicom.com\/noticias\/wp-json\/wp\/v2\/media\/30478"}],"wp:attachment":[{"href":"https:\/\/mussicom.com\/noticias\/wp-json\/wp\/v2\/media?parent=30477"}],"wp:term":[{"taxonomy":"category","embeddable":true,"href":"https:\/\/mussicom.com\/noticias\/wp-json\/wp\/v2\/categories?post=30477"},{"taxonomy":"post_tag","embeddable":true,"href":"https:\/\/mussicom.com\/noticias\/wp-json\/wp\/v2\/tags?post=30477"}],"curies":[{"name":"wp","href":"https:\/\/api.w.org\/{rel}","templated":true}]}}