{"id":30373,"date":"2025-07-18T19:12:18","date_gmt":"2025-07-18T22:12:18","guid":{"rendered":"https:\/\/mussicom.com\/assessor-de-trump-critica-operacao-da-pf-contra-bolsonaro\/"},"modified":"2025-07-18T19:12:18","modified_gmt":"2025-07-18T22:12:18","slug":"assessor-de-trump-critica-operacao-da-pf-contra-bolsonaro","status":"publish","type":"post","link":"https:\/\/mussicom.com\/noticias\/assessor-de-trump-critica-operacao-da-pf-contra-bolsonaro\/","title":{"rendered":"Assessor de Trump critica opera\u00e7\u00e3o da PF contra Bolsonaro"},"content":{"rendered":"<p> <br \/>\n<\/p>\n<div>\n<p class=\"postParagraph_post-paragraph-innerHtml__Q5vwc\">Um assessor do presidente dos Estados Unidos, Donald Trump, criticou nesta sexta-feira (18) a opera\u00e7\u00e3o da Pol\u00edcia Federal (PF) contra o ex-mandat\u00e1rio brasileiro Jair Bolsonaro.<\/p>\n<p class=\"postParagraph_post-paragraph__juWZN\">\u201cJair Bolsonaro \u00e9 um bom homem que foi um grande l\u00edder para o povo brasileiro. A esquerda tentou de tudo para det\u00ea-lo, inclusive tentou assassin\u00e1-lo h\u00e1 muitos anos. Agora, eles est\u00e3o tentando prend\u00ea-lo, usando o mesmo manual que a esquerda usou contra o presidente Trump aqui\u201d, escreveu no X Alex Bruesewitz, assessor do presidente americano.<\/p>\n<p class=\"postParagraph_post-paragraph__juWZN\">\u201cIsso \u00e9 antidemocr\u00e1tico e abre um precedente terr\u00edvel! Todo l\u00edder deveria se manifestar contra esse grave abuso de poder!\u201d, acrescentou.<\/p>\n<p class=\"postParagraph_post-paragraph__juWZN\">Numa postagem anterior, Bruesewitz afirmou que \u201co que [o ministro do STF] Alexandre de Moraes e o Supremo Tribunal Federal est\u00e3o fazendo com o presidente Bolsonaro \u00e9 perverso e errado\u201d.<\/p>\n<p class=\"postParagraph_post-paragraph__juWZN\">\u201cEsse n\u00edvel de instrumentaliza\u00e7\u00e3o do governo contra um oponente pol\u00edtico \u00e9 t\u00e3o ruim quanto o que tentaram fazer com o presidente Trump!\u201d, escreveu.<\/p>\n<p class=\"postParagraph_post-paragraph__juWZN\">Mais cedo, Bolsonaro foi alvo de mandados de busca e apreens\u00e3o em sua resid\u00eancia e na sede do PL em Bras\u00edlia. Os mandados foram emitidos por Moraes, que determinou tamb\u00e9m a imposi\u00e7\u00e3o de medidas cautelares.<\/p>\n<p class=\"postParagraph_post-paragraph-innerHtml__Q5vwc\">A opera\u00e7\u00e3o contra Bolsonaro foi motivada, segundo Moraes, por conta da atua\u00e7\u00e3o do deputado federal licenciado Eduardo Bolsonaro (PL-SP), filho do ex-presidente, nos Estados Unidos para articular san\u00e7\u00f5es contra autoridades brasileiras. A decis\u00e3o que autorizou a a\u00e7\u00e3o foi colocada para vota\u00e7\u00e3o dos demais ministros da Primeira Turma do STF, que formaram maioria para confirmar as medidas cautelares.<\/p>\n<p class=\"postParagraph_post-paragraph__juWZN\">Entre as medidas cautelares impostas por Moraes, est\u00e3o o uso de tornozeleira eletr\u00f4nica, recolhimento noturno das 19h \u00e0s 7h e proibi\u00e7\u00e3o do uso de redes sociais, de contato com embaixadores e diplomatas estrangeiros, aliados investigados e de se aproximar de embaixadas.<\/p>\n<p class=\"postParagraph_post-paragraph-innerHtml__Q5vwc\">Na quinta-feira (17), Trump publicou uma carta a Bolsonaro na sua rede social, a Truth Social, na qual afirmou que o julgamento contra o ex-presidente brasileiro no STF, por suposta tentativa de golpe de Estado ap\u00f3s a elei\u00e7\u00e3o de 2022, deveria ser encerrado.<\/p>\n<p class=\"postParagraph_post-paragraph__juWZN\">Em carta enviada ao presidente Luiz In\u00e1cio Lula da Silva no \u00faltimo dia 9, Trump anunciou que pretende impor uma sobretaxa de 50% na importa\u00e7\u00e3o de produtos brasileiros a partir de agosto e alegou que Bolsonaro \u00e9 v\u00edtima de persegui\u00e7\u00e3o judicial no julgamento no STF.<\/p>\n<p class=\"postParagraph_post-paragraph__juWZN\">Tamb\u00e9m afirmou que decis\u00f5es \u201csecretas e ilegais\u201d de Moraes relativas a big techs americanas representaram ataques \u00e0 liberdade de express\u00e3o de cidad\u00e3os americanos e que o Brasil adota pr\u00e1ticas comerciais injustas contra os Estados Unidos.<\/p>\n<\/div>\n<p><br \/>\n<br \/>Fonte: <a href=\"https:\/\/www.gazetadopovo.com.br\/mundo\/assessor-de-trump-critica-operacao-da-pf-contra-bolsonaro\/\">Revista Oeste<\/a><\/p>\n","protected":false},"excerpt":{"rendered":"<p>Um assessor do presidente dos Estados Unidos, Donald Trump, criticou nesta sexta-feira (18) a opera\u00e7\u00e3o da Pol\u00edcia Federal (PF) contra o ex-mandat\u00e1rio brasileiro Jair Bolsonaro. \u201cJair Bolsonaro \u00e9 um bom homem que foi um grande l\u00edder para o povo brasileiro. A esquerda tentou de tudo para det\u00ea-lo, inclusive tentou assassin\u00e1-lo h\u00e1 muitos anos. Agora, eles [&hellip;]<\/p>\n","protected":false},"author":5,"featured_media":30374,"comment_status":"open","ping_status":"open","sticky":false,"template":"","format":"standard","meta":{"_seopress_robots_primary_cat":"","_seopress_titles_title":"","_seopress_titles_desc":"","_seopress_robots_index":"","footnotes":""},"categories":[48],"tags":[],"class_list":["post-30373","post","type-post","status-publish","format-standard","has-post-thumbnail","hentry","category-internacional"],"_links":{"self":[{"href":"https:\/\/mussicom.com\/noticias\/wp-json\/wp\/v2\/posts\/30373","targetHints":{"allow":["GET"]}}],"collection":[{"href":"https:\/\/mussicom.com\/noticias\/wp-json\/wp\/v2\/posts"}],"about":[{"href":"https:\/\/mussicom.com\/noticias\/wp-json\/wp\/v2\/types\/post"}],"author":[{"embeddable":true,"href":"https:\/\/mussicom.com\/noticias\/wp-json\/wp\/v2\/users\/5"}],"replies":[{"embeddable":true,"href":"https:\/\/mussicom.com\/noticias\/wp-json\/wp\/v2\/comments?post=30373"}],"version-history":[{"count":0,"href":"https:\/\/mussicom.com\/noticias\/wp-json\/wp\/v2\/posts\/30373\/revisions"}],"wp:featuredmedia":[{"embeddable":true,"href":"https:\/\/mussicom.com\/noticias\/wp-json\/wp\/v2\/media\/30374"}],"wp:attachment":[{"href":"https:\/\/mussicom.com\/noticias\/wp-json\/wp\/v2\/media?parent=30373"}],"wp:term":[{"taxonomy":"category","embeddable":true,"href":"https:\/\/mussicom.com\/noticias\/wp-json\/wp\/v2\/categories?post=30373"},{"taxonomy":"post_tag","embeddable":true,"href":"https:\/\/mussicom.com\/noticias\/wp-json\/wp\/v2\/tags?post=30373"}],"curies":[{"name":"wp","href":"https:\/\/api.w.org\/{rel}","templated":true}]}}