{"id":30347,"date":"2025-07-18T17:28:54","date_gmt":"2025-07-18T20:28:54","guid":{"rendered":"https:\/\/mussicom.com\/moraes-impoe-restricoes-a-bolsonaro-com-base-em-posts-e-falas\/"},"modified":"2025-07-18T17:28:54","modified_gmt":"2025-07-18T20:28:54","slug":"moraes-impoe-restricoes-a-bolsonaro-com-base-em-posts-e-falas","status":"publish","type":"post","link":"https:\/\/mussicom.com\/noticias\/moraes-impoe-restricoes-a-bolsonaro-com-base-em-posts-e-falas\/","title":{"rendered":"Moraes imp\u00f5e restri\u00e7\u00f5es a Bolsonaro com base em posts e falas"},"content":{"rendered":"<p> <br \/>\n<\/p>\n<div>\n<p class=\"postParagraph_post-paragraph-innerHtml__Q5vwc\">A decis\u00e3o de Alexandre de Moraes, do STF, que imp\u00f4s medidas cautelares a Jair Bolsonaro, foi baseada principalmente em publica\u00e7\u00f5es nas redes sociais e em entrevistas do ex-presidente e de seu filho, o deputado federal Eduardo Bolsonaro (PL-SP).<\/p>\n<p class=\"postParagraph_post-paragraph__juWZN\">A Procuradoria-Geral da Rep\u00fablica (PGR) e a Pol\u00edcia Federal (PF) solicitaram as medidas no contexto de uma investiga\u00e7\u00e3o iniciada contra Eduardo, que apura crimes como coa\u00e7\u00e3o no curso do processo, obstru\u00e7\u00e3o de investiga\u00e7\u00e3o de organiza\u00e7\u00e3o criminosa e tentativa de aboli\u00e7\u00e3o violenta do Estado Democr\u00e1tico de Direito. Posteriormente, a investiga\u00e7\u00e3o foi estendida a Jair Bolsonaro por sua suposta participa\u00e7\u00e3o nos mesmos delitos.<\/p>\n<p class=\"postParagraph_post-paragraph__juWZN\">Moraes acatou os argumentos da PGR e da PF de que certas falas e comportamentos constitu\u00edram &#8220;atos execut\u00f3rios&#8221; e &#8220;confiss\u00f5es&#8221; de crimes, e imp\u00f4s restri\u00e7\u00f5es ao ex-presidente, como o uso de tornozeleira eletr\u00f4nica e a proibi\u00e7\u00e3o de usar redes sociais.<\/p>\n<p class=\"postParagraph_post-paragraph-innerHtml__Q5vwc\">A decis\u00e3o, por\u00e9m, n\u00e3o detalha quais foram os fatos espec\u00edficos que levariam \u00e0 &#8220;concreta possibilidade de fuga&#8221;. O termo &#8220;fuga&#8221; aparece duas vezes no documento (leia na \u00edntegra em PDF).<\/p>\n<p class=\"postParagraph_post-paragraph__juWZN\">Veja abaixo o que embasou a decis\u00e3o.<\/p>\n<div class=\"postViewMore_post-view-more-container___5wai\" data-mrf-recirculation=\"Post - Veja tamb\u00e9m\">\n<p class=\"gp-styles-module-size-small-afeYRa gp-styles-module-font-family2-afeYRa gp-styles-module-color-secondary-afeYRa gp-styles-module-weight-bold-afeYRa\">VEJA TAMB\u00c9M:<\/p>\n<ul class=\"postViewMore_post-view-more-list__CU_CE\">\n<li class=\"postViewMore_post-view-more-item__2MzRb\">\n<div class=\"postViewMore_post-view-more-image__5gUSe\"><picture class=\"imageDefault_image-container__XGd8_\"><\/picture><\/div>\n<p>Advogado contesta tornozeleira eletr\u00f4nica em Bolsonaro: \u201cDecis\u00e3o ilegal\u201d<\/li>\n<li class=\"postViewMore_post-view-more-item__2MzRb\">\n<div class=\"postViewMore_post-view-more-image__5gUSe\"><picture class=\"imageDefault_image-container__XGd8_\"><img decoding=\"async\" class=\"imageDefault_image-item__lU2Dk\" src=\"https:\/\/media.gazetadopovo.com.br\/2025\/07\/18150239\/filipe-barros-foto-mario-agra-camara-380x214.jpg.webp\" alt=\"Filipe Barros\" width=\"72\" height=\"72\"\/><\/picture><\/div>\n<p>Filipe Barros acionar\u00e1 organismos internacionais por medidas cautelares contra Bolsonaro<\/li>\n<\/ul>\n<\/div>\n<h2 class=\"postParagraph_post-paragraph__juWZN postParagraph_type-tag-h2__TtFkT\">1. Postagens de Eduardo tinham &#8220;tom intimidat\u00f3rio&#8221;, segundo PGR<\/h2>\n<p class=\"postParagraph_post-paragraph__juWZN\">O ponto de partida, segundo a decis\u00e3o, foram as declara\u00e7\u00f5es de Eduardo Bolsonaro. A PGR salientou que, desde o in\u00edcio do ano, Eduardo Bolsonaro vinha, &#8220;reiterada e publicamente, afirmando que est\u00e1 se dedicando a conseguir do governo dos Estados Unidos a imposi\u00e7\u00e3o de san\u00e7\u00f5es&#8221; contra integrantes do STF, da PGR e da Pol\u00edcia Federal.<\/p>\n<p class=\"postParagraph_post-paragraph__juWZN\">Cabe lembrar que, em mar\u00e7o, o pr\u00f3prio STF havia negado uma a\u00e7\u00e3o do Partido dos Trabalhadores que pedia a imposi\u00e7\u00e3o de medidas cautelares contra o deputado federal, sob os mesmos argumentos, ap\u00f3s pedido de arquivamento da PGR na \u00e9poca.<\/p>\n<p class=\"postParagraph_post-paragraph-innerHtml__Q5vwc\">Na decis\u00e3o desta sexta-feira, por\u00e9m, Moraes enfatizou que essas manifesta\u00e7\u00f5es se intensificaram com o avan\u00e7o da a\u00e7\u00e3o penal da suposta tentativa de golpe de Estado, na qual Jair Bolsonaro \u00e9 r\u00e9u.\u00a0<\/p>\n<p class=\"postParagraph_post-paragraph__juWZN\">As publica\u00e7\u00f5es, sobretudo em redes sociais e entrevistas, teriam, segundo a PGR, um &#8220;manifesto tom intimidat\u00f3rio&#8221; para os agentes p\u00fablicos envolvidos, visando uma &#8220;provid\u00eancia impr\u00f3pria contra o que o sr. Eduardo Bolsonaro parece crer ser uma prov\u00e1vel condena\u00e7\u00e3o&#8221;. Alega-se que ele buscava &#8220;embara\u00e7ar o andamento do julgamento t\u00e9cnico&#8221; e &#8220;perturbar os trabalhos t\u00e9cnicos&#8221; mediante a &#8220;intimida\u00e7\u00e3o de autoridades&#8221;, inclusive com &#8220;not\u00edcias falsas e amea\u00e7as&#8221;.<\/p>\n<p class=\"postParagraph_post-paragraph__juWZN\">Moraes, ent\u00e3o, elenca uma s\u00e9rie de postagens no perfil de Eduardo no X. Em uma delas, o deputado diz que Moraes &#8220;invade a jurisdi\u00e7\u00e3o dos EUA ao impor censura e bloqueio a empresas e pessoas que vivem nos EUA&#8221;. Em outra publica\u00e7\u00e3o, ele diz que estar\u00e1 ao vivo em um programa falando sobre san\u00e7\u00f5es contra Moraes; e em outra, afirma que san\u00e7\u00f5es vindas dos EUA, \u201cdevido \u00e0s viola\u00e7\u00f5es de direitos humanos\u201d, \u201cs\u00e3o a \u00fanica esperan\u00e7a de se resgatar as liberdades no Brasil\u201d.<\/p>\n<p class=\"postParagraph_post-paragraph__juWZN\">O ministro tamb\u00e9m incluiu na decis\u00e3o prints de entrevistas de Eduardo. Um deles aparece com a tarja: \u201cEduardo Bolsonaro diz esperar san\u00e7\u00f5es dos EUA a Moraes\u201d.<\/p>\n<p class=\"postParagraph_post-paragraph__juWZN\">Para Moraes, o \u00e1pice das &#8220;condutas execut\u00f3rias&#8221; de Eduardo passou a ocorrer a partir de 7 de julho de 2025, depois que o presidente americano, Donald Trump, postou uma declara\u00e7\u00e3o de apoio a Jair Bolsonaro em sua rede social. O magistrado cita, ent\u00e3o, um v\u00eddeo no Instagram em que o deputado diz que a nota de Trump n\u00e3o seria \u201ca \u00fanica novidade vinda dos Estados Unidos\u201d sobre o tema da persegui\u00e7\u00e3o no Brasil.<\/p>\n<p class=\"postParagraph_post-paragraph__juWZN\">O ministro interpretou que essa atua\u00e7\u00e3o visava &#8220;submeter o funcionamento do Supremo Tribunal Federal ao crivo de outro Estado&#8221;, caracterizando um &#8220;atentado \u00e0 soberania nacional&#8221;.<\/p>\n<div class=\"postViewMore_post-view-more-container___5wai\" data-mrf-recirculation=\"Post - Veja tamb\u00e9m\">\n<p class=\"gp-styles-module-size-small-afeYRa gp-styles-module-font-family2-afeYRa gp-styles-module-color-secondary-afeYRa gp-styles-module-weight-bold-afeYRa\">VEJA TAMB\u00c9M:<\/p>\n<ul class=\"postViewMore_post-view-more-list__CU_CE\">\n<li class=\"postViewMore_post-view-more-item__2MzRb\">\n<div class=\"postViewMore_post-view-more-image__5gUSe\"><picture class=\"imageDefault_image-container__XGd8_\"><img decoding=\"async\" class=\"imageDefault_image-item__lU2Dk\" src=\"https:\/\/media.gazetadopovo.com.br\/2025\/07\/18131222\/flavio-dino-foto-gustavo-moreno-stf-380x214.jpg.webp\" alt=\"Fl\u00e1vio Dino\" width=\"72\" height=\"72\"\/><\/picture><\/div>\n<p>Dino diz que Trump sequestra a economia e exige \u201cresgate\u201d do STF para arquivar a\u00e7\u00e3o contra Bolsonaro<\/li>\n<li class=\"postViewMore_post-view-more-item__2MzRb\">\n<div class=\"postViewMore_post-view-more-image__5gUSe\"><picture class=\"imageDefault_image-container__XGd8_\"><img decoding=\"async\" class=\"imageDefault_image-item__lU2Dk\" src=\"https:\/\/media.gazetadopovo.com.br\/2025\/07\/18144130\/8575869732c105976cd8b42290dcb21f5f012f9d-380x214.jpg.webp\" alt=\"\" width=\"72\" height=\"72\"\/><\/picture><\/div>\n<p>Michelle deve assumir papel de porta-voz de Bolsonaro, afirma Damares Alves<\/li>\n<\/ul>\n<\/div>\n<h2 class=\"postParagraph_post-paragraph__juWZN postParagraph_type-tag-h2__TtFkT\">2. O &#8220;alinhamento&#8221; e o aporte financeiro de Jair Bolsonaro<\/h2>\n<p class=\"postParagraph_post-paragraph-innerHtml__Q5vwc\">Moraes afirma que Jair Bolsonaro estaria &#8220;alinhado\u201d com o filho na pr\u00e1tica de \u201catos il\u00edcitos\u201d. Um dos pontos mais destacados pela investiga\u00e7\u00e3o \u00e9 o aux\u00edlio financeiro prestado pelo ex-presidente. Jair Bolsonaro j\u00e1 tinha dito \u00e0 PF que repassou<strong> <\/strong>R$ 2 milh\u00f5es a Eduardo via PIX, para que ele pudesse se manter nos Estados Unidos com a fam\u00edlia.\u00a0<\/p>\n<p class=\"postParagraph_post-paragraph__juWZN\">Moraes tamb\u00e9m mencionou o fato de Bolsonaro ter compartilhado e agradecido a mensagem de apoio de Trump em 7 de julho e tamb\u00e9m uma declara\u00e7\u00e3o em que o ex-presidente teria confirmado que se reuniu com Ricardo Pita, conselheiro s\u00eanior do Departamento de Estado dos Estados Unidos para o Hemisf\u00e9rio Ocidental, em maio. Moraes destacou que, ao anunciar o encontro em suas redes sociais, Bolsonaro declarou que \u201co alerta foi dado, e n\u00e3o h\u00e1 mais espa\u00e7o para omiss\u00f5es\u201d.<\/p>\n<h2 class=\"postParagraph_post-paragraph__juWZN postParagraph_type-tag-h2__TtFkT\">3. Carta do tarifa\u00e7o de Trump \u00e9 &#8220;atentat\u00f3ria \u00e0 soberania&#8221;<\/h2>\n<p class=\"postParagraph_post-paragraph__juWZN\">Moraes tamb\u00e9m cita a carta de Trump, em que ele anunciou as tarifas de 50% aos produtos brasileiros a partir de 1\u00ba de agosto, classificando-a como \u201catentat\u00f3ria \u00e0 soberania nacional e com claras e expressas amea\u00e7as ao Poder Judici\u00e1rio brasileiro\u201d.<\/p>\n<p class=\"postParagraph_post-paragraph__juWZN\">O magistrado lembra que o deputado Eduardo Bolsonaro agradeceu ao presidente americano e pleiteou a aplica\u00e7\u00e3o da Lei Magnitsky contra autoridades brasileiras. A norma dos EUA prev\u00ea a possibilidade de san\u00e7\u00f5es contra autoridades estrangeiras. Em uma das postagens anexadas \u00e0 decis\u00e3o, Eduardo disse que a carta de Trump \u201capenas confirma o sucesso na transmiss\u00e3o daquilo que viemos apresentando com seriedade e responsabilidade\u201d.<\/p>\n<h2 class=\"postParagraph_post-paragraph__juWZN postParagraph_type-tag-h2__TtFkT\">4. A suposta &#8220;confiss\u00e3o&#8221; que teria selado o caso<\/h2>\n<p class=\"postParagraph_post-paragraph-innerHtml__Q5vwc\">Mas o ponto que a decis\u00e3o destaca como uma &#8220;confiss\u00e3o&#8221; \u00e9 uma entrevista coletiva concedida por Jair Bolsonaro em 17 de julho de 2025. Segundo Moraes, ele &#8220;condicionou o fim da &#8216;taxa\u00e7\u00e3o\/san\u00e7\u00e3o&#8217; \u00e0 sua pr\u00f3pria anistia&#8221; e teria declarado: &#8220;se [Eduardo] voltar, est\u00e1 preso&#8221;.\u00a0<\/p>\n<p class=\"postParagraph_post-paragraph__juWZN\">Essa fala foi interpretada pelo magistrado como uma &#8220;consciente e volunt\u00e1ria atua\u00e7\u00e3o criminosa na extors\u00e3o que se pretende contra a Justi\u00e7a brasileira&#8221; e um dos motivos para a &#8220;concreta possibilidade de fuga do r\u00e9u&#8221;.<\/p>\n<p class=\"postParagraph_post-paragraph__juWZN\">A frase de Bolsonaro, destacada de uma mat\u00e9ria do portal g1, foi: \u201cVamos supor que Trump queira anistia. \u00c9 muito? \u00c9 muito, se ele pedir isso? A anistia \u00e9 algo privativo do parlamento. N\u00e3o tem que ningu\u00e9m ficar amea\u00e7ando tornar inconstitucional\u201d.<\/p>\n<p class=\"postParagraph_post-paragraph__juWZN\">Por fim, Moraes cita uma mat\u00e9ria da CNN Brasil que afirma que Eduardo Bolsonaro estaria tratando de san\u00e7\u00f5es a Moraes e Paulo Gonet, procurador-geral da Rep\u00fablica (PGR), com autoridades dos EUA.<\/p>\n<p class=\"postParagraph_post-paragraph__juWZN\">O magistrado conclui que essas a\u00e7\u00f5es, de Eduardo e Jair Bolsonaro, s\u00e3o &#8220;claros e expressos atos execut\u00f3rios e flagrantes confiss\u00f5es da pr\u00e1tica dos atos criminosos&#8221;, em especial coa\u00e7\u00e3o no curso do processo, obstru\u00e7\u00e3o de investiga\u00e7\u00e3o e atentado \u00e0 soberania. O objetivo seria o &#8220;arquivamento\/extin\u00e7\u00e3o&#8221; da a\u00e7\u00e3o penal contra Jair Bolsonaro.<\/p>\n<p class=\"postParagraph_post-paragraph__juWZN\">\u201cAs postagens de JAIR MESSIAS BOLSONARO evidenciam as condutas de embara\u00e7ar a a\u00e7\u00e3o penal que tramita nesta SUPREMA CORTE, bem como solicitar junto a Chefe de Estado de na\u00e7\u00e3o estrangeira medidas visando interferir ilicitamente no regular curso do processo judicial, de modo a resultar em press\u00e3o social em face das autoridades brasileiras, com flagrante atentado \u00e0 soberania nacional\u201d, diz Moraes.<\/p>\n<p class=\"postParagraph_post-paragraph__juWZN\">Com base nessas interpreta\u00e7\u00f5es das falas e postagens, Alexandre de Moraes determinou medidas cautelares consideradas por aliados de Bolsonaro e advogados como sem precedentes e de car\u00e1ter pol\u00edtico: proibi\u00e7\u00e3o de sair da comarca com uso de tornozeleira eletr\u00f4nica, recolhimento domiciliar, proibi\u00e7\u00e3o de se aproximar de embaixadas, de ter contato com autoridades estrangeiras e outros investigados, al\u00e9m da proibi\u00e7\u00e3o total de utiliza\u00e7\u00e3o de redes sociais, e busca e apreens\u00e3o de celulares, computadores e documentos.<\/p>\n<p class=\"postParagraph_post-paragraph__juWZN\">A maioria da Primeira Turma do STF referendou as medidas impostas por Moraes ao ex-presidente.<\/p>\n<\/div>\n<p><br \/>\n<br \/>Fonte: <a href=\"https:\/\/www.gazetadopovo.com.br\/republica\/moraes-usa-declaracoes-para-justificar-medidas-contra-bolsonaro-e-nao-detalha-risco-de-fuga\/\">Revista Oeste<\/a><\/p>\n","protected":false},"excerpt":{"rendered":"<p>A decis\u00e3o de Alexandre de Moraes, do STF, que imp\u00f4s medidas cautelares a Jair Bolsonaro, foi baseada principalmente em publica\u00e7\u00f5es nas redes sociais e em entrevistas do ex-presidente e de seu filho, o deputado federal Eduardo Bolsonaro (PL-SP). A Procuradoria-Geral da Rep\u00fablica (PGR) e a Pol\u00edcia Federal (PF) solicitaram as medidas no contexto de uma [&hellip;]<\/p>\n","protected":false},"author":5,"featured_media":30348,"comment_status":"open","ping_status":"open","sticky":false,"template":"","format":"standard","meta":{"_seopress_robots_primary_cat":"","_seopress_titles_title":"","_seopress_titles_desc":"","_seopress_robots_index":"","footnotes":""},"categories":[1],"tags":[],"class_list":["post-30347","post","type-post","status-publish","format-standard","has-post-thumbnail","hentry","category-ultimas-noticias"],"_links":{"self":[{"href":"https:\/\/mussicom.com\/noticias\/wp-json\/wp\/v2\/posts\/30347","targetHints":{"allow":["GET"]}}],"collection":[{"href":"https:\/\/mussicom.com\/noticias\/wp-json\/wp\/v2\/posts"}],"about":[{"href":"https:\/\/mussicom.com\/noticias\/wp-json\/wp\/v2\/types\/post"}],"author":[{"embeddable":true,"href":"https:\/\/mussicom.com\/noticias\/wp-json\/wp\/v2\/users\/5"}],"replies":[{"embeddable":true,"href":"https:\/\/mussicom.com\/noticias\/wp-json\/wp\/v2\/comments?post=30347"}],"version-history":[{"count":0,"href":"https:\/\/mussicom.com\/noticias\/wp-json\/wp\/v2\/posts\/30347\/revisions"}],"wp:featuredmedia":[{"embeddable":true,"href":"https:\/\/mussicom.com\/noticias\/wp-json\/wp\/v2\/media\/30348"}],"wp:attachment":[{"href":"https:\/\/mussicom.com\/noticias\/wp-json\/wp\/v2\/media?parent=30347"}],"wp:term":[{"taxonomy":"category","embeddable":true,"href":"https:\/\/mussicom.com\/noticias\/wp-json\/wp\/v2\/categories?post=30347"},{"taxonomy":"post_tag","embeddable":true,"href":"https:\/\/mussicom.com\/noticias\/wp-json\/wp\/v2\/tags?post=30347"}],"curies":[{"name":"wp","href":"https:\/\/api.w.org\/{rel}","templated":true}]}}