{"id":30212,"date":"2025-07-18T07:17:36","date_gmt":"2025-07-18T10:17:36","guid":{"rendered":"https:\/\/mussicom.com\/lula-reforca-critica-a-trump-e-diz-que-vai-taxar-big-techs\/"},"modified":"2025-07-18T07:17:36","modified_gmt":"2025-07-18T10:17:36","slug":"lula-reforca-critica-a-trump-e-diz-que-vai-taxar-big-techs","status":"publish","type":"post","link":"https:\/\/mussicom.com\/noticias\/lula-reforca-critica-a-trump-e-diz-que-vai-taxar-big-techs\/","title":{"rendered":"Lula refor\u00e7a cr\u00edtica a Trump e diz que vai taxar big techs"},"content":{"rendered":"<p> <br \/>\n<\/p>\n<div>\n<p class=\"postParagraph_post-paragraph-innerHtml__Q5vwc\">O presidente Luiz In\u00e1cio Lula da Silva (PT) amea\u00e7ou taxar empresas de tecnologia dos Estados Unidos que operam no Brasil como uma retalia\u00e7\u00e3o ao tarifa\u00e7o imposto por Donald Trump aos produtos importados do pa\u00eds. A nova cr\u00edtica foi feita nesta quinta (17) em meio \u00e0 tentativa de negocia\u00e7\u00e3o liderada pelo vice-presidente Geraldo Alckmin (PSB) com autoridades norte-americanas.<\/p>\n<p class=\"postParagraph_post-paragraph__juWZN\">Lula refor\u00e7ou que o Brasil \u00e9 um pa\u00eds soberano que n\u00e3o aceita que \u201cningu\u00e9m se meta nos nossos problemas internos\u201d e nem a amea\u00e7a de Trump de taxa\u00e7\u00e3o \u201cse n\u00e3o liberar Bolsonaro\u201d. Uma das justificativas do presidente dos Estados Unidos foi de que a Justi\u00e7a brasileira faz uma \u201cca\u00e7a \u00e0s bruxas\u201d no processo da suposta tentativa de golpe de Estado.<\/p>\n<p class=\"postParagraph_post-paragraph__juWZN\">\u201cEle [Trump] disse que n\u00e3o queria que as empresas fossem cobradas no Brasil. O mundo tem que saber que esse pa\u00eds \u00e9 soberano porque o povo tem orgulho. E a gente vai comprar imposto das empresas americanas digitais\u201d, afirmou Lula em um evento da Uni\u00e3o Nacional dos Estudantes (UNE) em Goi\u00e2nia.<\/p>\n<div class=\"postViewMore_post-view-more-container___5wai\" data-mrf-recirculation=\"Post - Veja tamb\u00e9m\">\n<p class=\"gp-styles-module-size-small-afeYRa gp-styles-module-font-family2-afeYRa gp-styles-module-color-secondary-afeYRa gp-styles-module-weight-bold-afeYRa\">VEJA TAMB\u00c9M:<\/p>\n<ul class=\"postViewMore_post-view-more-list__CU_CE\">\n<li class=\"postViewMore_post-view-more-item__2MzRb\">\n<div class=\"postViewMore_post-view-more-image__5gUSe\"><picture class=\"imageDefault_image-container__XGd8_\"><\/picture><\/div>\n<p>Regula\u00e7\u00e3o das redes pelo STF turbina investiga\u00e7\u00e3o comercial dos EUA sobre o Brasil<\/li>\n<\/ul>\n<\/div>\n<p class=\"postParagraph_post-paragraph__juWZN\">Segundo Lula, Trump ignorou a rela\u00e7\u00e3o diplom\u00e1tica de 201 anos com os Estados Unidos ao divulgar a taxa\u00e7\u00e3o, al\u00e9m do d\u00e9ficit comercial do Brasil de US$ 410 bilh\u00f5es em 15 anos. O petista ainda refor\u00e7ou que Bolsonaro responde ao processo junto de \u201cgenerais quatro estrelas presos\u201d.<\/p>\n<p class=\"postParagraph_post-paragraph__juWZN\">\u201cTentaram dar um golpe e com insinua\u00e7\u00f5es de que tinha que matar Lula, Moraes e meu vice. N\u00e3o tiveram coragem de fazer. Essa gente vai ser julgada e quem esta julgando eles s\u00e3o os ministros\u201d, afirmou.<\/p>\n<p class=\"postParagraph_post-paragraph__juWZN\">Lula ainda chamou Bolsonaro de \u201cpatriota falso\u201d que, na vis\u00e3o dele, \u201cfica abra\u00e7ado na bandeira americana\u201d ao supostamente pedir ajuda aos Estados Unidos para interferir no processo a que responde no Supremo Tribunal Federal (STF).<\/p>\n<p class=\"postParagraph_post-paragraph__juWZN\">&#8220;[Bolsonaro] manda o filho dele para os Estados Unidos, &#8216;vai l\u00e1 pedir pro Trump me absolver, vai l\u00e1, vai l\u00e1 pedir, vai&#8217;. E fica abra\u00e7ado na bandeira americana, esse patriota falso. N\u00f3s vamos tomar a bandeira verde e amarela. A bandeira verde e amarela vai voltar a ser do povo brasileiro&#8221;, disparou.<\/p>\n<p class=\"postParagraph_post-paragraph-innerHtml__Q5vwc\">Al\u00e9m das cr\u00edticas a Trump e a Bolsonaro, Lula afirmou \u00e0 <em>CNN Internacional<\/em> que Trump n\u00e3o foi eleito \u201cpara ser o imperador do mundo\u201d, numa cita\u00e7\u00e3o que tem sido comum ao se referir ao seu hom\u00f3logo norte-americano. O petista afirmou, em outras declara\u00e7\u00f5es recentes, que o mundo n\u00e3o quer um &#8220;imperador&#8221;, e que Trump foi eleito para presidir os Estados Unidos, e n\u00e3o outros pa\u00edses.<\/p>\n<\/div>\n<p><br \/>\n<br \/>Fonte: <a href=\"https:\/\/www.gazetadopovo.com.br\/republica\/lula-taxar-big-techs-nao-quer-ser-imperador-do-mundo\/\">Revista Oeste<\/a><\/p>\n","protected":false},"excerpt":{"rendered":"<p>O presidente Luiz In\u00e1cio Lula da Silva (PT) amea\u00e7ou taxar empresas de tecnologia dos Estados Unidos que operam no Brasil como uma retalia\u00e7\u00e3o ao tarifa\u00e7o imposto por Donald Trump aos produtos importados do pa\u00eds. A nova cr\u00edtica foi feita nesta quinta (17) em meio \u00e0 tentativa de negocia\u00e7\u00e3o liderada pelo vice-presidente Geraldo Alckmin (PSB) com [&hellip;]<\/p>\n","protected":false},"author":5,"featured_media":30213,"comment_status":"open","ping_status":"open","sticky":false,"template":"","format":"standard","meta":{"_seopress_robots_primary_cat":"","_seopress_titles_title":"","_seopress_titles_desc":"","_seopress_robots_index":"","footnotes":""},"categories":[1],"tags":[],"class_list":["post-30212","post","type-post","status-publish","format-standard","has-post-thumbnail","hentry","category-ultimas-noticias"],"_links":{"self":[{"href":"https:\/\/mussicom.com\/noticias\/wp-json\/wp\/v2\/posts\/30212","targetHints":{"allow":["GET"]}}],"collection":[{"href":"https:\/\/mussicom.com\/noticias\/wp-json\/wp\/v2\/posts"}],"about":[{"href":"https:\/\/mussicom.com\/noticias\/wp-json\/wp\/v2\/types\/post"}],"author":[{"embeddable":true,"href":"https:\/\/mussicom.com\/noticias\/wp-json\/wp\/v2\/users\/5"}],"replies":[{"embeddable":true,"href":"https:\/\/mussicom.com\/noticias\/wp-json\/wp\/v2\/comments?post=30212"}],"version-history":[{"count":0,"href":"https:\/\/mussicom.com\/noticias\/wp-json\/wp\/v2\/posts\/30212\/revisions"}],"wp:featuredmedia":[{"embeddable":true,"href":"https:\/\/mussicom.com\/noticias\/wp-json\/wp\/v2\/media\/30213"}],"wp:attachment":[{"href":"https:\/\/mussicom.com\/noticias\/wp-json\/wp\/v2\/media?parent=30212"}],"wp:term":[{"taxonomy":"category","embeddable":true,"href":"https:\/\/mussicom.com\/noticias\/wp-json\/wp\/v2\/categories?post=30212"},{"taxonomy":"post_tag","embeddable":true,"href":"https:\/\/mussicom.com\/noticias\/wp-json\/wp\/v2\/tags?post=30212"}],"curies":[{"name":"wp","href":"https:\/\/api.w.org\/{rel}","templated":true}]}}