{"id":30192,"date":"2025-07-18T05:22:19","date_gmt":"2025-07-18T08:22:19","guid":{"rendered":"https:\/\/mussicom.com\/abrasel-defende-retorno-do-horario-de-verao-como-alternativa-a-sobrecarga-do-sistema-eletrico\/"},"modified":"2025-07-18T05:22:19","modified_gmt":"2025-07-18T08:22:19","slug":"abrasel-defende-retorno-do-horario-de-verao-como-alternativa-a-sobrecarga-do-sistema-eletrico","status":"publish","type":"post","link":"https:\/\/mussicom.com\/noticias\/abrasel-defende-retorno-do-horario-de-verao-como-alternativa-a-sobrecarga-do-sistema-eletrico\/","title":{"rendered":"Abrasel defende retorno do hor\u00e1rio de ver\u00e3o como alternativa \u00e0 sobrecarga do sistema el\u00e9trico"},"content":{"rendered":"<p> <br \/>\n<\/p>\n<div id=\"\">&#13;<\/p>\n<p>O uso da energia solar tem crescido no Brasil e hojej\u00e1 representa cerca de 22% da matriz energ\u00e9tica no pa\u00eds. Entretanto, sua indisponibilidade no hor\u00e1rio de pico da demanda do consumo de energia el\u00e9trica (entre 18h e 21h), pode gerar uma sobrecarga extra no sistema de energia el\u00e9trica, elevando o risco de apag\u00f5es.\u00a0<\/p>\n<p>&#13;<br \/>\n&#13;<\/p>\n<p>\u00a0<\/p>\n<p>&#13;<br \/>\n&#13;<\/p>\n<p>Isto por que, para atender \u00e0 demanda do hor\u00e1rio de pico (que j\u00e1 n\u00e3o conta mais com a energia solar), as hidrel\u00e9tricas precisam operar com capacidade m\u00e1xima, mesmo que os reservat\u00f3rios estejam com abastecimento comprometido.\u00a0<\/p>\n<p>&#13;<br \/>\n&#13;<\/p>\n<p>\u00a0<\/p>\n<p>&#13;<br \/>\n&#13;<\/p>\n<p>Esse cen\u00e1rio, segundo a Abrasel (Associa\u00e7\u00e3o Brasileira de Bares e Restaurantes), \u00e9 outro motivo para o governo federal considerar a retomada do hor\u00e1rio de ver\u00e3o, extinto desde 2019, uma vez que a ado\u00e7\u00e3o da medida pode ser uma alternativa para al\u00edvio do sistema el\u00e9trico.\u00a0<\/p>\n<p>&#13;<br \/>\n&#13;<\/p>\n<p>\u00a0<\/p>\n<p>&#13;<br \/>\n&#13;<\/p>\n<p>&#8220;O pa\u00eds precisa de solu\u00e7\u00f5es pr\u00e1ticas e de baixo custo, e o hor\u00e1rio de ver\u00e3o \u00e9 uma delas. Ele desloca o consumo para um per\u00edodo em que ainda h\u00e1 luz natural, reduz a sobrecarga no sistema e gera ganhos econ\u00f4micos e sociais relevantes. Com as hidrel\u00e9tricas sob press\u00e3o e a energia solar fora do hor\u00e1rio de pico, n\u00e3o adotar essa medida \u00e9 negligenciar a realidade energ\u00e9tica do Brasil hoje&#8221;, afirma Paulo Solmucci, presidente-executivo da Abrasel.\u00a0<\/p>\n<p>&#13;<br \/>\n&#13;<\/p>\n<p>\u00a0<\/p>\n<p>&#13;<br \/>\n&#13;<\/p>\n<p>Para al\u00e9m do impacto direto sobre o sistema el\u00e9trico, a Abrasel refor\u00e7a que o hor\u00e1rio de ver\u00e3o impulsiona a economia ao estender o per\u00edodo \u00fatil com luz natural, especialmente para bares, restaurantes e o com\u00e9rcio em geral. Estimativas do setor apontam que o movimento entre 18h e 21h pode crescer at\u00e9 50% durante o hor\u00e1rio de ver\u00e3o, com reflexos de 10% a 15% no faturamento mensal dos estabelecimentos.\u00a0<\/p>\n<p>&#13;<br \/>\n&#13;<\/p>\n<p>\u00a0<\/p>\n<p>&#13;<br \/>\n&#13;<\/p>\n<p>Al\u00e9m da melhora na economia dos bares e restaurantes, h\u00e1 dados que tamb\u00e9m indicam o impacto positivo no com\u00e9rcio em geral. Estimativas divulgadas no ano passado por associa\u00e7\u00f5es de lojistas no Rio de Janeiro e no Esp\u00edrito Santo, tamb\u00e9m apontaram aumento de 4% no faturamento das lojas de rua.\u00a0<\/p>\n<p>&#13;<br \/>\n&#13;<\/p>\n<p>\u00a0<\/p>\n<p>&#13;<br \/>\n&#13;<\/p>\n<p>A entidade tamb\u00e9m destaca os benef\u00edcios indiretos da medida: mais seguran\u00e7a p\u00fablica, maior circula\u00e7\u00e3o de pessoas, incentivo ao lazer e menor depend\u00eancia de fontes poluentes, como as termel\u00e9tricas. &#8220;O pa\u00eds precisa se antecipar aos problemas. J\u00e1 temos bandeira tarif\u00e1ria vermelha e risco de d\u00e9ficit de pot\u00eancia nos pr\u00f3ximos meses, segundo o Operador Nacional do Sistema El\u00e9trico. Ignorar a recomenda\u00e7\u00e3o t\u00e9cnica dos \u00f3rg\u00e3os competentes e o contexto atual seria um erro grave&#8221;, completa Solmucci<\/p>\n<p>&#13;<br \/>\n&#13;<\/p>\n<p>\u00a0<\/p>\n<p>&#13;<br \/>\n&#13;<\/p>\n<p>\u00a0<\/p>\n<p>&#13;<br \/>\n&#13;<\/p>\n<p>\u00a0<\/p>\n<p>&#13;<br \/>\n&#13;<\/p>\n<p>[email\u00a0protected].\u00a0<\/p>\n<p>&#13;\n\t\t\t\t\t\t\t\t\t<\/p><\/div>\n<p><script async defer crossorigin=\"anonymous\" src=\"https:\/\/connect.facebook.net\/pt_BR\/sdk.js#xfbml=1&#038;version=v12.0&#038;appId=&#038;autoLogAppEvents=1\" nonce=\"ou0fI1lo\"><\/script><br \/>\n<br \/><br \/>\n<br \/>Fonte: <a href=\"https:\/\/www.bs9.com.br\/brasil\/abrasel-defende-retorno-do-horario-de-verao-como-alternativa-a\/33307\/\">BS9<\/a><\/p>\n","protected":false},"excerpt":{"rendered":"<p>&#13; O uso da energia solar tem crescido no Brasil e hojej\u00e1 representa cerca de 22% da matriz energ\u00e9tica no pa\u00eds. Entretanto, sua indisponibilidade no hor\u00e1rio de pico da demanda do consumo de energia el\u00e9trica (entre 18h e 21h), pode gerar uma sobrecarga extra no sistema de energia el\u00e9trica, elevando o risco de apag\u00f5es.\u00a0 &#13; [&hellip;]<\/p>\n","protected":false},"author":5,"featured_media":30193,"comment_status":"open","ping_status":"open","sticky":false,"template":"","format":"standard","meta":{"_seopress_robots_primary_cat":"","_seopress_titles_title":"","_seopress_titles_desc":"","_seopress_robots_index":"","footnotes":""},"categories":[52],"tags":[],"class_list":["post-30192","post","type-post","status-publish","format-standard","has-post-thumbnail","hentry","category-santoseregiao"],"_links":{"self":[{"href":"https:\/\/mussicom.com\/noticias\/wp-json\/wp\/v2\/posts\/30192","targetHints":{"allow":["GET"]}}],"collection":[{"href":"https:\/\/mussicom.com\/noticias\/wp-json\/wp\/v2\/posts"}],"about":[{"href":"https:\/\/mussicom.com\/noticias\/wp-json\/wp\/v2\/types\/post"}],"author":[{"embeddable":true,"href":"https:\/\/mussicom.com\/noticias\/wp-json\/wp\/v2\/users\/5"}],"replies":[{"embeddable":true,"href":"https:\/\/mussicom.com\/noticias\/wp-json\/wp\/v2\/comments?post=30192"}],"version-history":[{"count":0,"href":"https:\/\/mussicom.com\/noticias\/wp-json\/wp\/v2\/posts\/30192\/revisions"}],"wp:featuredmedia":[{"embeddable":true,"href":"https:\/\/mussicom.com\/noticias\/wp-json\/wp\/v2\/media\/30193"}],"wp:attachment":[{"href":"https:\/\/mussicom.com\/noticias\/wp-json\/wp\/v2\/media?parent=30192"}],"wp:term":[{"taxonomy":"category","embeddable":true,"href":"https:\/\/mussicom.com\/noticias\/wp-json\/wp\/v2\/categories?post=30192"},{"taxonomy":"post_tag","embeddable":true,"href":"https:\/\/mussicom.com\/noticias\/wp-json\/wp\/v2\/tags?post=30192"}],"curies":[{"name":"wp","href":"https:\/\/api.w.org\/{rel}","templated":true}]}}