{"id":30101,"date":"2025-07-17T22:38:23","date_gmt":"2025-07-18T01:38:23","guid":{"rendered":"https:\/\/mussicom.com\/chuvas-favorecem-milho-no-sul-do-mexico\/"},"modified":"2025-07-17T22:38:23","modified_gmt":"2025-07-18T01:38:23","slug":"chuvas-favorecem-milho-no-sul-do-mexico","status":"publish","type":"post","link":"https:\/\/mussicom.com\/noticias\/chuvas-favorecem-milho-no-sul-do-mexico\/","title":{"rendered":"Chuvas favorecem milho no sul do M\u00e9xico"},"content":{"rendered":"<p> <br \/>\n<\/p>\n<div>\n<div class=\"row\">\n<div class=\"col-lg col-infos mt-0 mt-lg-0\">\n<div class=\"section-sub-title\">\n<p itemprop=\"description\">&#13;<br \/>\n                                Seca persiste no norte do M\u00e9xico&#13;\n                            <\/p>\n<\/p><\/div>\n<div class=\"container\">\n<div class=\"row\">\n<div class=\"col-lg p-0\">\n<div>\n<div class=\"block-news-main-infos mt-3 text-start\">\n<p>                                            <strong class=\"fn\" itemprop=\"author\" style=\"color: rgb(112, 112, 112); \">&#13;<br \/>\n                                                Agrolink&#13;<br \/>\n&#13;<br \/>\n                                                    &#8211; Seane Lennon&#13;<br \/>\n&#13;<br \/>\n                                            <\/strong><br \/>\n                                        <\/p>\n<p>                                            <abbr><time datetime=\"2025-07-17T16:20\" itemprop=\"datePublished dateModified\">Publicado em 17\/07\/2025 \u00e0s 16:20h.<\/time><\/abbr><br \/>\n                                            <\/p><\/div>\n<\/p><\/div>\n<\/p><\/div>\n<div class=\"col-lg p-0 text-lg-end\">\n<div>\n<div id=\"mdEnviarPagina\" class=\"modal fade\" role=\"dialog\">\n<div class=\"modal-dialog\">\n<div class=\"modal-content\">\n<div class=\"modal-body\">\n<p><strong>Estimado usu\u00e1rio.<\/strong><br \/>Preencha o formul\u00e1rio abaixo para remeter a p\u00e1gina.<\/p>\n<\/p><\/div>\n<\/p><\/div>\n<\/p><\/div>\n<\/div><\/div>\n<\/p><\/div>\n<\/p><\/div>\n<\/p><\/div>\n<\/p><\/div>\n<\/p><\/div>\n<div class=\"row justify-content-md-center mt-3\">\n<div class=\"col-lg-auto col-image block-news-main-image\">\n<p>                                <br \/>\n                                                <span class=\"publicity-photo d-block mt-1\">Foto: Divulga\u00e7\u00e3o<\/span><\/p><\/div>\n<\/p><\/div>\n<div class=\"section-description section-description-noticias mt-3\">\n<p style=\"text-align:justify\">As chuvas generalizadas que atingiram o territ\u00f3rio mexicano nas \u00faltimas semanas beneficiaram as lavouras de ver\u00e3o nas principais regi\u00f5es produtoras do pa\u00eds, conforme aponta o Weekly Weather and Crop Bulletin, divulgado nesta ter\u00e7a-feira (15) pelo Departamento de Agricultura dos Estados Unidos (USDA).&#13;\n<\/p>\n<p style=\"text-align:justify\">De acordo com o USDA, \u201cas safras de ver\u00e3o no cintur\u00e3o de milho do planalto sul e em todo o sudeste do M\u00e9xico foram favorecidas pelas precipita\u00e7\u00f5es ocorridas ao longo da semana\u201d. Nas principais \u00e1reas produtoras localizadas no planalto sul, os volumes de chuva oscilaram entre 10 e 50 mil\u00edmetros, com registros localmente superiores.&#13;\n<\/p>\n<p style=\"text-align:justify\">As precipita\u00e7\u00f5es intensas tamb\u00e9m avan\u00e7aram para o norte, alcan\u00e7ando regi\u00f5es ao longo e nas proximidades da costa do Pac\u00edfico, incluindo o estado de Sinaloa, uma das \u00e1reas de import\u00e2ncia agr\u00edcola no pa\u00eds.<\/p>\n<p style=\"text-align:justify\">Por outro lado, o relat\u00f3rio do USDA observou que \u201ccondi\u00e7\u00f5es um pouco mais secas predominaram em partes dos estados da Costa do Golfo, como Veracruz e Tamaulipas, o que foi favor\u00e1vel ap\u00f3s semanas de chuvas excessivas e inunda\u00e7\u00f5es locais\u201d.<\/p>\n<p style=\"text-align:justify\">Nas regi\u00f5es do norte do pa\u00eds, onde a seca persistente tem afetado o desenvolvimento agr\u00edcola, as chuvas foram mais escassas e isoladas. O USDA atribui esse padr\u00e3o \u00e0 irregularidade das precipita\u00e7\u00f5es associadas \u00e0 circula\u00e7\u00e3o das mon\u00e7\u00f5es norte-americanas.&#13;\n<\/p>\n<p style=\"text-align:justify\">O boletim tamb\u00e9m destacou que as temperaturas permaneceram pr\u00f3ximas da m\u00e9dia para o in\u00edcio de julho em quase todo o M\u00e9xico, com exce\u00e7\u00e3o do noroeste, onde os term\u00f4metros registraram at\u00e9 2\u00b0C acima da m\u00e9dia.<\/p>\n<\/p><\/div>\n<\/p><\/div>\n<p><script data-cfasync=\"false\">\n    !function (f, b, e, v, n, t, s) {\n        if (f.fbq) return; n = f.fbq = function () {\n            n.callMethod ?\n                n.callMethod.apply(n, arguments) : n.queue.push(arguments)\n        };\n        if (!f._fbq) f._fbq = n; n.push = n; n.loaded = !0; n.version = '2.0';\n        n.queue = []; t = b.createElement(e); t.async = !0;\n        t.src = v; s = b.getElementsByTagName(e)[0];\n        s.parentNode.insertBefore(t, s)\n    }(window, document, 'script',\n        'https:\/\/connect.facebook.net\/en_US\/fbevents.js');\n    fbq('init', '522546078623747');\n    fbq('track', 'PageView');\n<\/script><br \/>\n<br \/><br \/>\n<br \/>Fonte: <a href=\"https:\/\/www.agrolink.com.br\/noticias\/chuvas-favorecem-milho-no-sul-do-mexico_504044.html\">AGROLINK<\/a><\/p>\n","protected":false},"excerpt":{"rendered":"<p>&#13; Seca persiste no norte do M\u00e9xico&#13; &#13; Agrolink&#13; &#13; &#8211; Seane Lennon&#13; &#13; Publicado em 17\/07\/2025 \u00e0s 16:20h. Estimado usu\u00e1rio.Preencha o formul\u00e1rio abaixo para remeter a p\u00e1gina. Foto: Divulga\u00e7\u00e3o As chuvas generalizadas que atingiram o territ\u00f3rio mexicano nas \u00faltimas semanas beneficiaram as lavouras de ver\u00e3o nas principais regi\u00f5es produtoras do pa\u00eds, conforme aponta o [&hellip;]<\/p>\n","protected":false},"author":5,"featured_media":30102,"comment_status":"open","ping_status":"open","sticky":false,"template":"","format":"standard","meta":{"_seopress_robots_primary_cat":"","_seopress_titles_title":"","_seopress_titles_desc":"","_seopress_robots_index":"","footnotes":""},"categories":[53],"tags":[],"class_list":["post-30101","post","type-post","status-publish","format-standard","has-post-thumbnail","hentry","category-agronegocio"],"_links":{"self":[{"href":"https:\/\/mussicom.com\/noticias\/wp-json\/wp\/v2\/posts\/30101","targetHints":{"allow":["GET"]}}],"collection":[{"href":"https:\/\/mussicom.com\/noticias\/wp-json\/wp\/v2\/posts"}],"about":[{"href":"https:\/\/mussicom.com\/noticias\/wp-json\/wp\/v2\/types\/post"}],"author":[{"embeddable":true,"href":"https:\/\/mussicom.com\/noticias\/wp-json\/wp\/v2\/users\/5"}],"replies":[{"embeddable":true,"href":"https:\/\/mussicom.com\/noticias\/wp-json\/wp\/v2\/comments?post=30101"}],"version-history":[{"count":0,"href":"https:\/\/mussicom.com\/noticias\/wp-json\/wp\/v2\/posts\/30101\/revisions"}],"wp:featuredmedia":[{"embeddable":true,"href":"https:\/\/mussicom.com\/noticias\/wp-json\/wp\/v2\/media\/30102"}],"wp:attachment":[{"href":"https:\/\/mussicom.com\/noticias\/wp-json\/wp\/v2\/media?parent=30101"}],"wp:term":[{"taxonomy":"category","embeddable":true,"href":"https:\/\/mussicom.com\/noticias\/wp-json\/wp\/v2\/categories?post=30101"},{"taxonomy":"post_tag","embeddable":true,"href":"https:\/\/mussicom.com\/noticias\/wp-json\/wp\/v2\/tags?post=30101"}],"curies":[{"name":"wp","href":"https:\/\/api.w.org\/{rel}","templated":true}]}}