{"id":30072,"date":"2025-07-17T20:40:35","date_gmt":"2025-07-17T23:40:35","guid":{"rendered":"https:\/\/mussicom.com\/russia-rejeita-plano-europeu-para-forca-de-paz-na-ucrania\/"},"modified":"2025-07-17T20:40:35","modified_gmt":"2025-07-17T23:40:35","slug":"russia-rejeita-plano-europeu-para-forca-de-paz-na-ucrania","status":"publish","type":"post","link":"https:\/\/mussicom.com\/noticias\/russia-rejeita-plano-europeu-para-forca-de-paz-na-ucrania\/","title":{"rendered":"R\u00fassia rejeita plano europeu para for\u00e7a de paz na Ucr\u00e2nia"},"content":{"rendered":"<p> <br \/>\n<\/p>\n<div>\n<p class=\"postParagraph_post-paragraph__juWZN\">A R\u00fassia alegou nesta quinta-feira (17) que a Coaliz\u00e3o de Volunt\u00e1rios, a iniciativa europeia para uma for\u00e7a de paz que seria enviada \u00e0 Ucr\u00e2nia, \u00e9 um plano de interven\u00e7\u00e3o estrangeira \u201cabsolutamente inaceit\u00e1vel\u201d.<\/p>\n<p class=\"postParagraph_post-paragraph__juWZN\">\u201cDeclaramos repetidamente que o envio de unidades das for\u00e7as armadas de outros Estados para a Ucr\u00e2nia, independentemente de sua contribui\u00e7\u00e3o, \u00e9 absolutamente inaceit\u00e1vel\u201d, afirmou a porta-voz do Minist\u00e9rio das Rela\u00e7\u00f5es Exteriores da R\u00fassia, Maria Zakharova, em entrevista coletiva.<\/p>\n<p class=\"postParagraph_post-paragraph__juWZN\">A diplomata ressaltou que Moscou considerar\u00e1 essas for\u00e7as um \u201calvo militar leg\u00edtimo\u201d.<\/p>\n<p class=\"postParagraph_post-paragraph__juWZN\">A Coaliz\u00e3o de Volunt\u00e1rios, concebida por Reino Unido e Fran\u00e7a para apoiar a Ucr\u00e2nia ap\u00f3s um cessar-fogo, ter\u00e1 um quartel-general franco-brit\u00e2nico em Paris que passar\u00e1 para Londres ap\u00f3s 12 meses, anunciou na semana passada o governo brit\u00e2nico.<\/p>\n<p class=\"postParagraph_post-paragraph__juWZN\">Al\u00e9m desse quartel \u201coperacional multinacional\u201d, que \u201csupervisionar\u00e1 todos os preparativos t\u00e1ticos\u201d, quando chegar o momento de enviar as unidades internacionais para o territ\u00f3rio ucraniano, ser\u00e1 estabelecida \u201cuma c\u00e9lula de coordena\u00e7\u00e3o\u201d em Kiev, dirigida por um militar brit\u00e2nico.<\/p>\n<p class=\"postParagraph_post-paragraph__juWZN\">Ap\u00f3s o fim das hostilidades com a R\u00fassia, espera-se que a chamada For\u00e7a Multinacional Ucr\u00e2nia (MFU, na sigla em ingl\u00eas) apoie o pa\u00eds, dando suporte \u00e0s suas For\u00e7as Armadas por terra, mar e ar.<\/p>\n<p class=\"postParagraph_post-paragraph__juWZN\">Na coletiva desta quinta-feira, Zakharova tamb\u00e9m acusou os pa\u00edses ocidentais de estarem preparando a ex-rep\u00fablica sovi\u00e9tica da Mold\u00e1via para desempenhar o papel de uma \u201csegunda Ucr\u00e2nia\u201d.<\/p>\n<p class=\"postParagraph_post-paragraph__juWZN\">\u201cO Ocidente est\u00e1 tentando, por todos os meios, transformar a Mold\u00e1via em uma base militar da Otan para um poss\u00edvel confronto com a R\u00fassia\u201d, disse a porta-voz, ao comentar sobre a c\u00fapula Mold\u00e1via-UE, realizada no in\u00edcio deste m\u00eas.<\/p>\n<p class=\"postParagraph_post-paragraph__juWZN\">De acordo com a diplomata, as autoridades moldavas querem \u201cdesmantelar o status de neutralidade do pa\u00eds\u201d.<\/p>\n<p class=\"postParagraph_post-paragraph__juWZN\">\u201cMais uma vez, tudo est\u00e1 caminhando para a militariza\u00e7\u00e3o desse pa\u00eds em benef\u00edcio da Otan. Al\u00e9m disso, o pa\u00eds continua a se aproximar ativamente dos membros da Otan e exerc\u00edcios conjuntos est\u00e3o sendo realizados com o pessoal militar da Otan\u201d, acrescentou.<\/p>\n<\/div>\n<p><br \/>\n<br \/>Fonte: <a href=\"https:\/\/www.gazetadopovo.com.br\/mundo\/russia-considera-inaceitavel-plano-europeu-para-forca-de-paz-na-ucrania\/\">Revista Oeste<\/a><\/p>\n","protected":false},"excerpt":{"rendered":"<p>A R\u00fassia alegou nesta quinta-feira (17) que a Coaliz\u00e3o de Volunt\u00e1rios, a iniciativa europeia para uma for\u00e7a de paz que seria enviada \u00e0 Ucr\u00e2nia, \u00e9 um plano de interven\u00e7\u00e3o estrangeira \u201cabsolutamente inaceit\u00e1vel\u201d. \u201cDeclaramos repetidamente que o envio de unidades das for\u00e7as armadas de outros Estados para a Ucr\u00e2nia, independentemente de sua contribui\u00e7\u00e3o, \u00e9 absolutamente inaceit\u00e1vel\u201d, [&hellip;]<\/p>\n","protected":false},"author":5,"featured_media":30073,"comment_status":"open","ping_status":"open","sticky":false,"template":"","format":"standard","meta":{"_seopress_robots_primary_cat":"","_seopress_titles_title":"","_seopress_titles_desc":"","_seopress_robots_index":"","footnotes":""},"categories":[48],"tags":[],"class_list":["post-30072","post","type-post","status-publish","format-standard","has-post-thumbnail","hentry","category-internacional"],"_links":{"self":[{"href":"https:\/\/mussicom.com\/noticias\/wp-json\/wp\/v2\/posts\/30072","targetHints":{"allow":["GET"]}}],"collection":[{"href":"https:\/\/mussicom.com\/noticias\/wp-json\/wp\/v2\/posts"}],"about":[{"href":"https:\/\/mussicom.com\/noticias\/wp-json\/wp\/v2\/types\/post"}],"author":[{"embeddable":true,"href":"https:\/\/mussicom.com\/noticias\/wp-json\/wp\/v2\/users\/5"}],"replies":[{"embeddable":true,"href":"https:\/\/mussicom.com\/noticias\/wp-json\/wp\/v2\/comments?post=30072"}],"version-history":[{"count":0,"href":"https:\/\/mussicom.com\/noticias\/wp-json\/wp\/v2\/posts\/30072\/revisions"}],"wp:featuredmedia":[{"embeddable":true,"href":"https:\/\/mussicom.com\/noticias\/wp-json\/wp\/v2\/media\/30073"}],"wp:attachment":[{"href":"https:\/\/mussicom.com\/noticias\/wp-json\/wp\/v2\/media?parent=30072"}],"wp:term":[{"taxonomy":"category","embeddable":true,"href":"https:\/\/mussicom.com\/noticias\/wp-json\/wp\/v2\/categories?post=30072"},{"taxonomy":"post_tag","embeddable":true,"href":"https:\/\/mussicom.com\/noticias\/wp-json\/wp\/v2\/tags?post=30072"}],"curies":[{"name":"wp","href":"https:\/\/api.w.org\/{rel}","templated":true}]}}