{"id":30026,"date":"2025-07-17T18:03:19","date_gmt":"2025-07-17T21:03:19","guid":{"rendered":"https:\/\/mussicom.com\/deputados-pedem-derrubada-do-decreto-de-lula-que-regulamenta-reciprocidade\/"},"modified":"2025-07-17T18:03:19","modified_gmt":"2025-07-17T21:03:19","slug":"deputados-pedem-derrubada-do-decreto-de-lula-que-regulamenta-reciprocidade","status":"publish","type":"post","link":"https:\/\/mussicom.com\/noticias\/deputados-pedem-derrubada-do-decreto-de-lula-que-regulamenta-reciprocidade\/","title":{"rendered":"Deputados pedem derrubada do decreto de Lula que regulamenta reciprocidade"},"content":{"rendered":"<p> <br \/>\n<\/p>\n<div>\n<p class=\"postParagraph_post-paragraph-innerHtml__Q5vwc\">Um grupo de 13 deputados da oposi\u00e7\u00e3o protocolou nesta quarta (16) um Projeto de Decreto Legislativo (PDL) para derrubar o decreto do presidente Luiz In\u00e1cio Lula da Silva (PT) que regulamentou a chamada \u201cLei da Reciprocidade\u201d contra imposi\u00e7\u00e3o de medidas unilaterais ao Brasil por outros pa\u00edses.<\/p>\n<p class=\"postParagraph_post-paragraph__juWZN\">Os deputados \u2013 de maioria do PL, Podemos e Uni\u00e3o Brasil, este \u00faltimo que comp\u00f5e parcialmente a base governista \u2013 criticam alguns pontos do decreto, entre eles a quebra de patentes do setor farmac\u00eautico e uma poss\u00edvel \u201cinstrumentaliza\u00e7\u00e3o pol\u00edtico-ideol\u00f3gica\u201d dos grupos de trabalho que venham a ser criados para elaborar as contramedidas de reciprocidade.<\/p>\n<p class=\"postParagraph_post-paragraph__juWZN\">\u201cO Comit\u00ea previsto no Decreto \u00e9 dotado de amplas compet\u00eancias decis\u00f3rias, sem previs\u00e3o de mecanismos de controle, transpar\u00eancia, presta\u00e7\u00e3o de contas ou mesmo de participa\u00e7\u00e3o da sociedade civil e do setor produtivo. A centraliza\u00e7\u00e3o de poderes em um \u00f3rg\u00e3o sem fun\u00e7\u00e3o legislativa ou judici\u00e1ria agrava os riscos de abuso regulat\u00f3rio e distor\u00e7\u00f5es de finalidade, com poss\u00edvel instrumentaliza\u00e7\u00e3o pol\u00edtico-ideol\u00f3gica de medidas de natureza econ\u00f4mica\u201d, diz a justificativa do PDL proposto pela deputada Ros\u00e2ngela Moro (Uni\u00e3o-SP).<\/p>\n<div class=\"postViewMore_post-view-more-container___5wai\" data-mrf-recirculation=\"Post - Veja tamb\u00e9m\">\n<p class=\"gp-styles-module-size-small-afeYRa gp-styles-module-font-family2-afeYRa gp-styles-module-color-secondary-afeYRa gp-styles-module-weight-bold-afeYRa\">VEJA TAMB\u00c9M:<\/p>\n<ul class=\"postViewMore_post-view-more-list__CU_CE\">\n<li class=\"postViewMore_post-view-more-item__2MzRb\">\n<div class=\"postViewMore_post-view-more-image__5gUSe\"><picture class=\"imageDefault_image-container__XGd8_\"><\/picture><\/div>\n<p>Celso Amorim: investiga\u00e7\u00e3o dos EUA \u00e9 \u201cnegocia\u00e7\u00e3o com rev\u00f3lver na cabe\u00e7a\u201d<\/li>\n<\/ul>\n<\/div>\n<p class=\"postParagraph_post-paragraph__juWZN\">A deputada afirma que a cria\u00e7\u00e3o do Comit\u00ea Interministerial de Negocia\u00e7\u00e3o e Contramedidas, previsto no decreto de Lula, usurpa o Poder Legislativo ao ser dotado de \u201cpoderes normativos e executivos pr\u00f3prios, com atribui\u00e7\u00f5es que incluem a formula\u00e7\u00e3o, an\u00e1lise, delibera\u00e7\u00e3o e encaminhamento de medidas com efeitos jur\u00eddicos e comerciais relevantes\u201d.<\/p>\n<p class=\"postParagraph_post-paragraph__juWZN\">\u201cNo tocante \u00e0s medidas relacionadas \u00e0 propriedade intelectual, h\u00e1 clara afronta ao interesse nacional, uma vez que as consequ\u00eancias de contramedidas nessa seara podem e devem trazer consequ\u00eancias graves e duradouras\u201d, pontuou a parlamentar na proposta.<\/p>\n<p class=\"postParagraph_post-paragraph__juWZN\">Ros\u00e2ngela Moro afirma que isso pode levar a uma \u201cinseguran\u00e7a jur\u00eddica\u201d de \u201cgrave instabilidade regulat\u00f3ria e jur\u00eddica\u201d, com \u201crisco direto \u00e0 soberania tecnol\u00f3gica e ao desenvolvimento cient\u00edfico e econ\u00f4mico do Brasil\u201d, atingindo setores como farmac\u00eautico, de biotecnologia, software e tecnologia da informa\u00e7\u00e3o.<\/p>\n<p class=\"postParagraph_post-paragraph__juWZN\">\u201cN\u00e3o h\u00e1, em seu texto, autoriza\u00e7\u00e3o legislativa expressa para a cria\u00e7\u00e3o de comit\u00eas interministeriais com poder de delibera\u00e7\u00e3o vinculativa, tampouco delega\u00e7\u00e3o normativa para que tais \u00f3rg\u00e3os sejam investidos de compet\u00eancia decis\u00f3ria no processo de defini\u00e7\u00e3o e execu\u00e7\u00e3o de contramedidas comerciais\u201d, emendou citando o que seria uma \u201ccentraliza\u00e7\u00e3o\u201d das atribui\u00e7\u00f5es no Poder Executivo.<\/p>\n<p class=\"postParagraph_post-paragraph__juWZN\">O projeto da deputada \u00e9 assinado ainda por Bibo Nunes (PL\/RS), Eli\u00e9ser Gir\u00e3o (PL\/RN), Mauricio Marcon (Podemos\/RS), Ant\u00f4nio Nicoletti (Uni\u00e3o\/RR), Luiz Philippe de Orleans e Bragan\u00e7a (PL\/SP), Paulo Bilynskyj (PL\/SP), Rodrigo Valadares (Uni\u00e3o\/SE), Adilson Barroso (PL\/SP), Carlos Jordy (PL\/RJ), Evandro Gon\u00e7alves (PL\/RN), Zacharias Calil (Uni\u00e3o\/GO) e Daniel Freitas (PL\/SC).<\/p>\n<p class=\"postParagraph_post-paragraph-innerHtml__Q5vwc\">O texto do decreto, publicado no Di\u00e1rio Oficial da Uni\u00e3o (DOU) na \u00faltima ter\u00e7a (15), aponta que as contramedidas propostas ao comit\u00ea dever\u00e3o conter uma justificativa preliminar \u201cquanto \u00e0 excepcionalidade para ado\u00e7\u00e3o\u201d, como:<\/p>\n<ul class=\"postList_post-list-container__W0E4y postList_visual-type-unordered-list__M8U7t\">\n<li class=\"postList_post-list-item__34Ck1\">1- indica\u00e7\u00e3o das medidas unilaterais adotadas por outro pa\u00eds ou bloco econ\u00f4mico que impactem negativamente a competitividade internacional brasileira;<\/li>\n<li class=\"postList_post-list-item__34Ck1\">2- designa\u00e7\u00e3o dos setores econ\u00f4micos afetados no Brasil;<\/li>\n<li class=\"postList_post-list-item__34Ck1\">3 &#8211; estimativa do impacto econ\u00f4mico causado pelas a\u00e7\u00f5es, pol\u00edticas ou pr\u00e1ticas.<\/li>\n<\/ul>\n<p class=\"postParagraph_post-paragraph__juWZN\">O grupo poder\u00e1 autorizar, revisar ou suspender as contramedidas, adotando medidas provis\u00f3rias para casos urgentes enquanto o processo completo de an\u00e1lise e negocia\u00e7\u00e3o \u00e9 conduzido. Entre as poss\u00edveis rea\u00e7\u00f5es est\u00e3o o aumento de tarifas, restri\u00e7\u00f5es a produtos importados, congelamento de investimentos ou a suspens\u00e3o de obriga\u00e7\u00f5es previstas em tratados.<\/p>\n<\/div>\n<p><br \/>\n<br \/>Fonte: <a href=\"https:\/\/www.gazetadopovo.com.br\/republica\/deputados-derrubada-decreto-lula-reciprocidade\/\">Revista Oeste<\/a><\/p>\n","protected":false},"excerpt":{"rendered":"<p>Um grupo de 13 deputados da oposi\u00e7\u00e3o protocolou nesta quarta (16) um Projeto de Decreto Legislativo (PDL) para derrubar o decreto do presidente Luiz In\u00e1cio Lula da Silva (PT) que regulamentou a chamada \u201cLei da Reciprocidade\u201d contra imposi\u00e7\u00e3o de medidas unilaterais ao Brasil por outros pa\u00edses. Os deputados \u2013 de maioria do PL, Podemos e [&hellip;]<\/p>\n","protected":false},"author":5,"featured_media":30027,"comment_status":"open","ping_status":"open","sticky":false,"template":"","format":"standard","meta":{"_seopress_robots_primary_cat":"","_seopress_titles_title":"","_seopress_titles_desc":"","_seopress_robots_index":"","footnotes":""},"categories":[1],"tags":[],"class_list":["post-30026","post","type-post","status-publish","format-standard","has-post-thumbnail","hentry","category-ultimas-noticias"],"_links":{"self":[{"href":"https:\/\/mussicom.com\/noticias\/wp-json\/wp\/v2\/posts\/30026","targetHints":{"allow":["GET"]}}],"collection":[{"href":"https:\/\/mussicom.com\/noticias\/wp-json\/wp\/v2\/posts"}],"about":[{"href":"https:\/\/mussicom.com\/noticias\/wp-json\/wp\/v2\/types\/post"}],"author":[{"embeddable":true,"href":"https:\/\/mussicom.com\/noticias\/wp-json\/wp\/v2\/users\/5"}],"replies":[{"embeddable":true,"href":"https:\/\/mussicom.com\/noticias\/wp-json\/wp\/v2\/comments?post=30026"}],"version-history":[{"count":0,"href":"https:\/\/mussicom.com\/noticias\/wp-json\/wp\/v2\/posts\/30026\/revisions"}],"wp:featuredmedia":[{"embeddable":true,"href":"https:\/\/mussicom.com\/noticias\/wp-json\/wp\/v2\/media\/30027"}],"wp:attachment":[{"href":"https:\/\/mussicom.com\/noticias\/wp-json\/wp\/v2\/media?parent=30026"}],"wp:term":[{"taxonomy":"category","embeddable":true,"href":"https:\/\/mussicom.com\/noticias\/wp-json\/wp\/v2\/categories?post=30026"},{"taxonomy":"post_tag","embeddable":true,"href":"https:\/\/mussicom.com\/noticias\/wp-json\/wp\/v2\/tags?post=30026"}],"curies":[{"name":"wp","href":"https:\/\/api.w.org\/{rel}","templated":true}]}}