{"id":29959,"date":"2025-07-17T14:02:26","date_gmt":"2025-07-17T17:02:26","guid":{"rendered":"https:\/\/mussicom.com\/em-disputa-acirrada-paixao-caicara-e-campea-e-coroa-final-do-festival-de-quadrilhas-de-sao-vicente\/"},"modified":"2025-07-17T14:02:26","modified_gmt":"2025-07-17T17:02:26","slug":"em-disputa-acirrada-paixao-caicara-e-campea-e-coroa-final-do-festival-de-quadrilhas-de-sao-vicente","status":"publish","type":"post","link":"https:\/\/mussicom.com\/noticias\/em-disputa-acirrada-paixao-caicara-e-campea-e-coroa-final-do-festival-de-quadrilhas-de-sao-vicente\/","title":{"rendered":"Em disputa acirrada, Paix\u00e3o Cai\u00e7ara \u00e9 campe\u00e3 e coroa final do Festival de Quadrilhas de S\u00e3o Vicente"},"content":{"rendered":"<p> <br \/>\n<\/p>\n<div id=\"texto\">\n<p>Reconhecemos e respeitamos S\u00e3o Vicente como a capital das quadrilhas juninas do Estado&#8221;, a fala do presidente da Federa\u00e7\u00e3o das Quadrilhas Juninas do Estado de S\u00e3o Paulo (Fequajusp), Thiago Bal\u00e3o, refor\u00e7a bem o quanto o Munic\u00edpio e o festival representam um ao outro, como casal de noivos da tradicional festa. Com muita emo\u00e7\u00e3o e celebra\u00e7\u00e3o, nesta ter\u00e7a-feira (16), a Paix\u00e3o Cai\u00e7ara se consagrou campe\u00e3 do Festival de Quadrilhas Juninas 2025 na Primeira Cidade do Brasil. A divulga\u00e7\u00e3o dos resultados ocorreu no Espa\u00e7o Multicultural (Gonzaguinha).\u00a0<\/p>\n<p>\u00a0<\/p>\n<p>Com um enredo digno de primeiro lugar, o conjunto gabaritou todos os quesitos, totalizando 90 pontos, e conquistou tanto jurados quanto o p\u00fablico, em apresenta\u00e7\u00e3o realizada s\u00e1bado (12), no Gin\u00e1sio Poliesportivo Dondinho, no evento organizado pela Fequajusp com apoio da Prefeitura Municipal, por meio da Secretaria de Cultura (Secult).<\/p>\n<p>\u00a0<\/p>\n<p>Al\u00e9m da grande conquista, o grupo levou para casa os pr\u00eamios de Casal Destaque, com J\u00fanior e Lorrayne; Casal de Noivos, com Diego e Jacqueline; e o pr\u00eamio de Marcador, com Guilherme Prata.\u00a0<\/p>\n<p>\u00a0<\/p>\n<p>Com grande diversidade de enredos e uma verdadeira festa de propaga\u00e7\u00e3o cultural, o Festival de Quadrilhas Juninas contou com apresenta\u00e7\u00e3o das quadrilhas Corte Francesa e Tralal\u00e1 na sexta-feira (11). No s\u00e1bado (12), foi a vez de S\u00e3o Pedro, Tio Cris, Tia Valdelice e Tradi\u00e7\u00e3o. J\u00e1 no domingo (13), subiram ao sal\u00e3o as quadrilhas Tia Tania, Paix\u00e3o Cai\u00e7ara, Tia Bola e, encerrando o festival, Andy e Angel.<\/p>\n<p>\u00a0<\/p>\n<p>A apura\u00e7\u00e3o reuniu representantes de todas as quadrilhas envolvidas na disputa do t\u00edtulo. Ap\u00f3s bastante equil\u00edbrio, a diferen\u00e7a entre a vencedora Paix\u00e3o e a segunda colocada, Tradi\u00e7\u00e3o, foi de apenas 0,4 pontos; para a terceira, Tia Valdelice, foram 0,7 pontos, o que mostrou o equil\u00edbrio e a qualidade do evento, como ressaltado pelo presidente da Fequajusp, Thiago Bal\u00e3o, &#8220;Acredito que o trabalho tem evolu\u00eddo a cada ano. O n\u00edvel das apresenta\u00e7\u00f5es foi muito equilibrado, tanto para os jurados quanto para o p\u00fablico que assistiu aos eventos, indicando uma disputa acirrada. \u00c9 uma tend\u00eancia que isso se mantenha. Tudo isso \u00e9 fruto de muito apoio de patroc\u00ednios privados e do apoio da Prefeitura&#8221;.<\/p>\n<p>\u00a0<\/p>\n<p><strong>O p\u00f3dio foi composto pela:<\/strong><\/p>\n<p>Campe\u00e3: Paix\u00e3o Cai\u00e7ara<\/p>\n<p>2\u00b0: Tradi\u00e7\u00e3o<\/p>\n<p>3\u00b0: Tia Valdelice<\/p>\n<p>\u00a0<\/p>\n<p>Presidente da equipe campe\u00e3, Leandro Santos ressalta a luta para a conquista: &#8220;Ap\u00f3s tantos anos de dedica\u00e7\u00e3o, com momentos de quase vit\u00f3ria, empates e resultados apertados, com um d\u00e9cimo de diferen\u00e7a, conquistamos o primeiro lugar. Desempenho impec\u00e1vel, digno de a nota m\u00e1xima em todas as avalia\u00e7\u00f5es. Foi um trabalho conjunto de toda a equipe e comunidade. Este momento \u00e9 verdadeiramente especial para n\u00f3s&#8221;.<\/p>\n<p>\u00a0<\/p>\n<p>Para o presidente da Tradi\u00e7\u00e3o, Antonio Carlos, conhecido como &#8220;Chiquinho The Best&#8221;, \u00e9 tamb\u00e9m tradi\u00e7\u00e3o estar nos lugares mais altos: &#8220;N\u00f3s acumulamos tr\u00eas anos de participa\u00e7\u00e3o na competi\u00e7\u00e3o, com tr\u00eas anos consecutivos no p\u00f3dio, incluindo dois t\u00edtulos de campe\u00e3. Neste ano, conquistamos o segundo lugar. Somos gratos por essa conquista, pois o p\u00f3dio \u00e9 motivo de grande satisfa\u00e7\u00e3o para n\u00f3s&#8221;.<\/p>\n<p>\u00a0<\/p>\n<p>Fechando com chave de bronze, Vinicius Coffani, diretor da quadrilha Tia Valdelice, enaltece a participa\u00e7\u00e3o da equipe no p\u00f3dio: &#8220;Primeiramente, agradecemos imensamente. Para n\u00f3s, \u00e9 uma grande satisfa\u00e7\u00e3o. Levar nosso trabalho para a competi\u00e7\u00e3o j\u00e1 representa uma vit\u00f3ria significativa. Retornar ao p\u00f3dio ap\u00f3s dois anos \u00e9 motivo de orgulho, considerando que Tia Valdelice sempre apresentou um trabalho de excel\u00eancia, mas esteve afastada do p\u00f3dio por dois anos. Conquistar esse lugar neste ano, independentemente da coloca\u00e7\u00e3o, era nosso objetivo&#8221;.<\/p>\n<p>\u00a0<\/p>\n<p>Todo o evento contou com o apoio da Administra\u00e7\u00e3o P\u00fablica, atrav\u00e9s da Secretaria de Cultura (Secult), que tem investido na manuten\u00e7\u00e3o do legado de S\u00e3o Vicente com as quadrilhas, como ressaltado pelo secret\u00e1rio de Cultura, Alexandre Rodrigues: &#8220;Na nossa regi\u00e3o, acredito que nenhuma cidade valorize tanto os festejos juninos quanto S\u00e3o Vicente. Isso se reflete especialmente na tradi\u00e7\u00e3o das quadrilhas. As nossas, hoje, est\u00e3o entre as melhores do Estado, o que demonstra a for\u00e7a e a import\u00e2ncia dessa manifesta\u00e7\u00e3o cultural. Por isso, tanto a sociedade civil e as quadrilhas quanto a Prefeitura t\u00eam a responsabilidade de preservar essa tradi\u00e7\u00e3o, trabalhando para que o evento cres\u00e7a a cada ano e inspire o surgimento de novas quadrilhas no futuro&#8221;.<\/p>\n<\/p><\/div>\n<p><script async defer crossorigin=\"anonymous\" src=\"https:\/\/connect.facebook.net\/pt_BR\/sdk.js#xfbml=1&#038;version=v12.0&#038;appId=&#038;autoLogAppEvents=1\" nonce=\"ou0fI1lo\"><\/script><br \/>\n<br \/><br \/>\n<br \/>Fonte: <a href=\"https:\/\/www.bs9.com.br\/litoral\/em-disputa-acirrada-paixao-caicara-e-campea-e-coroa-final-do-festival\/33303\/\">BS9<\/a><\/p>\n","protected":false},"excerpt":{"rendered":"<p>Reconhecemos e respeitamos S\u00e3o Vicente como a capital das quadrilhas juninas do Estado&#8221;, a fala do presidente da Federa\u00e7\u00e3o das Quadrilhas Juninas do Estado de S\u00e3o Paulo (Fequajusp), Thiago Bal\u00e3o, refor\u00e7a bem o quanto o Munic\u00edpio e o festival representam um ao outro, como casal de noivos da tradicional festa. Com muita emo\u00e7\u00e3o e celebra\u00e7\u00e3o, [&hellip;]<\/p>\n","protected":false},"author":5,"featured_media":29960,"comment_status":"open","ping_status":"open","sticky":false,"template":"","format":"standard","meta":{"_seopress_robots_primary_cat":"","_seopress_titles_title":"","_seopress_titles_desc":"","_seopress_robots_index":"","footnotes":""},"categories":[52],"tags":[],"class_list":["post-29959","post","type-post","status-publish","format-standard","has-post-thumbnail","hentry","category-santoseregiao"],"_links":{"self":[{"href":"https:\/\/mussicom.com\/noticias\/wp-json\/wp\/v2\/posts\/29959","targetHints":{"allow":["GET"]}}],"collection":[{"href":"https:\/\/mussicom.com\/noticias\/wp-json\/wp\/v2\/posts"}],"about":[{"href":"https:\/\/mussicom.com\/noticias\/wp-json\/wp\/v2\/types\/post"}],"author":[{"embeddable":true,"href":"https:\/\/mussicom.com\/noticias\/wp-json\/wp\/v2\/users\/5"}],"replies":[{"embeddable":true,"href":"https:\/\/mussicom.com\/noticias\/wp-json\/wp\/v2\/comments?post=29959"}],"version-history":[{"count":0,"href":"https:\/\/mussicom.com\/noticias\/wp-json\/wp\/v2\/posts\/29959\/revisions"}],"wp:featuredmedia":[{"embeddable":true,"href":"https:\/\/mussicom.com\/noticias\/wp-json\/wp\/v2\/media\/29960"}],"wp:attachment":[{"href":"https:\/\/mussicom.com\/noticias\/wp-json\/wp\/v2\/media?parent=29959"}],"wp:term":[{"taxonomy":"category","embeddable":true,"href":"https:\/\/mussicom.com\/noticias\/wp-json\/wp\/v2\/categories?post=29959"},{"taxonomy":"post_tag","embeddable":true,"href":"https:\/\/mussicom.com\/noticias\/wp-json\/wp\/v2\/tags?post=29959"}],"curies":[{"name":"wp","href":"https:\/\/api.w.org\/{rel}","templated":true}]}}