{"id":29908,"date":"2025-07-17T10:51:19","date_gmt":"2025-07-17T13:51:19","guid":{"rendered":"https:\/\/mussicom.com\/rejeicao-a-lula-e-bolsonaro-para-concorrerem-em-2026-diminui\/"},"modified":"2025-07-17T10:51:19","modified_gmt":"2025-07-17T13:51:19","slug":"rejeicao-a-lula-e-bolsonaro-para-concorrerem-em-2026-diminui","status":"publish","type":"post","link":"https:\/\/mussicom.com\/noticias\/rejeicao-a-lula-e-bolsonaro-para-concorrerem-em-2026-diminui\/","title":{"rendered":"Rejei\u00e7\u00e3o a Lula e Bolsonaro para concorrerem em 2026 diminui"},"content":{"rendered":"<p> <br \/>\n<\/p>\n<div>\n<p class=\"postParagraph_post-paragraph-innerHtml__Q5vwc\">A nova rodada da pesquisa Quaest de inten\u00e7\u00f5es de voto para 2026 divulgada nesta quinta (17) mostra que diminuiu a rejei\u00e7\u00e3o ao presidente Luiz In\u00e1cio Lula da Silva (PT) e ao ex-presidente Jair Bolsonaro (PL) de concorrerem a um novo mandato. At\u00e9 o momento, apenas o petista pode se candidatar novamente, j\u00e1 que Bolsonaro segue ineleg\u00edvel pela Justi\u00e7a.<\/p>\n<p class=\"postParagraph_post-paragraph__juWZN\">Por outro lado, a maioria dos entrevistados pela Quaest ainda prefere que Lula e Bolsonaro abram m\u00e3o da candidatura para apoiar outro nome.<\/p>\n<p class=\"postParagraph_post-paragraph__juWZN\">No caso de Lula, que vem sinalizando fortemente que vai se candidatar a um quarto mandato, 38% apoiam a tentativa \u00e0 reelei\u00e7\u00e3o (eram 32% em maio), enquanto que 58% acham que ele n\u00e3o deveria disputar novamente (eram 66%).<\/p>\n<p class=\"postParagraph_post-paragraph__juWZN\">J\u00e1 para Bolsonaro, 28% acreditam que ele deve manter a candidatura mesmo ainda  ineleg\u00edvel pela Justi\u00e7a (eram 26% em maio). E 62% preferem que ele apoie outro candidato (eram 65%).<\/p>\n<div class=\"postViewMore_post-view-more-container___5wai\" data-mrf-recirculation=\"Post - Veja tamb\u00e9m\">\n<p class=\"gp-styles-module-size-small-afeYRa gp-styles-module-font-family2-afeYRa gp-styles-module-color-secondary-afeYRa gp-styles-module-weight-bold-afeYRa\">VEJA TAMB\u00c9M:<\/p>\n<ul class=\"postViewMore_post-view-more-list__CU_CE\">\n<li class=\"postViewMore_post-view-more-item__2MzRb\">\n<div class=\"postViewMore_post-view-more-image__5gUSe\"><picture class=\"imageDefault_image-container__XGd8_\"><\/picture><\/div>\n<p>Lula recupera inten\u00e7\u00f5es de voto para 2026, mas ainda empata tecnicamente com Tarc\u00edsio<\/li>\n<\/ul>\n<\/div>\n<p class=\"postParagraph_post-paragraph__juWZN\">A Quaest ouviu 2.004 pessoas entre os dias 10 e 14 de julho em 120 munic\u00edpios brasileiros. A margem de erro \u00e9 de 2 pontos percentuais para mais ou para menos, e o grau de confian\u00e7a \u00e9 de 95%.<\/p>\n<p class=\"postParagraph_post-paragraph__juWZN\">Embora mais da metade dos entrevistados diga que Bolsonaro deveria abrir m\u00e3o da candidatura para apoiar ou nome, os eleitores se dividem em quem deve concorrer como oposi\u00e7\u00e3o a Lula.<\/p>\n<p class=\"postParagraph_post-paragraph-innerHtml__Q5vwc\">Entre os eleitores dele pr\u00f3prio, a prefer\u00eancia maior \u00e9 por Michelle Bolsonaro (PL), com 33% da prefer\u00eancia, seguida pelo filho, o deputado federal licenciado Eduardo Bolsonaro (PL-SP), com 22%. J\u00e1 o candidato apontado como nome forte pela direita, Tarc\u00edsio de Freitas (Republicanos-SP), a prefer\u00eancia \u00e9 de 20%.<\/p>\n<p class=\"postParagraph_post-paragraph__juWZN\">Por outro lado, para os eleitores da direita que n\u00e3o votam necessariamente em Bolsonaro, Tarc\u00edsio \u00e9 o nome forte com 33% da prefer\u00eancia, seguido por Michelle (22%) e Ratinho J\u00fanior (PSD) e Eduardo Bolsonaro, com 9% cada.<\/p>\n<p class=\"postParagraph_post-paragraph__juWZN\">O cen\u00e1rio \u00e9 semelhante entre os eleitores sem um posicionamento pol\u00edtico espec\u00edfico entre Lula e Bolsonaro, com Tarc\u00edsio aparecendo com 10% da prefer\u00eancia. No entanto, neste cen\u00e1rio, Pablo Mar\u00e7al (PRTB), que concorreu ao governo de S\u00e3o Paulo no ano passado, tamb\u00e9m tem uma alta prefer\u00eancia (10%). J\u00e1 Michelle e Ratinho J\u00fanior aparecem com 9% cada.<\/p>\n<p class=\"postParagraph_post-paragraph__juWZN\">Em uma apura\u00e7\u00e3o geral de prefer\u00eancia da direita, Tarc\u00edsio tem 15%, Michelle 13%, Ratinho J\u00fanior 9% e Eduardo Bolsonaro com 8%, empatado com Pablo Mar\u00e7al.<\/p>\n<p class=\"postParagraph_post-paragraph-innerHtml__Q5vwc\">J\u00e1 um poss\u00edvel nome apoiado por Lula n\u00e3o foi apurado pela Quaest. Internamente e entre aliados, um nome forte seria o do ministro Fernando Haddad (PT), da Fazenda, que concorreu no lugar dele em 2018 \u2013 e perdeu para Bolsonaro naquele pleito.<\/p>\n<\/div>\n<p><br \/>\n<br \/>Fonte: <a href=\"https:\/\/www.gazetadopovo.com.br\/republica\/rejeicao-lula-bolsonaro-concorrerem-2026-diminui\/\">Revista Oeste<\/a><\/p>\n","protected":false},"excerpt":{"rendered":"<p>A nova rodada da pesquisa Quaest de inten\u00e7\u00f5es de voto para 2026 divulgada nesta quinta (17) mostra que diminuiu a rejei\u00e7\u00e3o ao presidente Luiz In\u00e1cio Lula da Silva (PT) e ao ex-presidente Jair Bolsonaro (PL) de concorrerem a um novo mandato. At\u00e9 o momento, apenas o petista pode se candidatar novamente, j\u00e1 que Bolsonaro segue [&hellip;]<\/p>\n","protected":false},"author":5,"featured_media":29909,"comment_status":"open","ping_status":"open","sticky":false,"template":"","format":"standard","meta":{"_seopress_robots_primary_cat":"","_seopress_titles_title":"","_seopress_titles_desc":"","_seopress_robots_index":"","footnotes":""},"categories":[1],"tags":[],"class_list":["post-29908","post","type-post","status-publish","format-standard","has-post-thumbnail","hentry","category-ultimas-noticias"],"_links":{"self":[{"href":"https:\/\/mussicom.com\/noticias\/wp-json\/wp\/v2\/posts\/29908","targetHints":{"allow":["GET"]}}],"collection":[{"href":"https:\/\/mussicom.com\/noticias\/wp-json\/wp\/v2\/posts"}],"about":[{"href":"https:\/\/mussicom.com\/noticias\/wp-json\/wp\/v2\/types\/post"}],"author":[{"embeddable":true,"href":"https:\/\/mussicom.com\/noticias\/wp-json\/wp\/v2\/users\/5"}],"replies":[{"embeddable":true,"href":"https:\/\/mussicom.com\/noticias\/wp-json\/wp\/v2\/comments?post=29908"}],"version-history":[{"count":0,"href":"https:\/\/mussicom.com\/noticias\/wp-json\/wp\/v2\/posts\/29908\/revisions"}],"wp:featuredmedia":[{"embeddable":true,"href":"https:\/\/mussicom.com\/noticias\/wp-json\/wp\/v2\/media\/29909"}],"wp:attachment":[{"href":"https:\/\/mussicom.com\/noticias\/wp-json\/wp\/v2\/media?parent=29908"}],"wp:term":[{"taxonomy":"category","embeddable":true,"href":"https:\/\/mussicom.com\/noticias\/wp-json\/wp\/v2\/categories?post=29908"},{"taxonomy":"post_tag","embeddable":true,"href":"https:\/\/mussicom.com\/noticias\/wp-json\/wp\/v2\/tags?post=29908"}],"curies":[{"name":"wp","href":"https:\/\/api.w.org\/{rel}","templated":true}]}}