{"id":29778,"date":"2025-07-16T20:42:14","date_gmt":"2025-07-16T23:42:14","guid":{"rendered":"https:\/\/mussicom.com\/energia-solar-comeca-a-abastecer-ame-de-praia-grande\/"},"modified":"2025-07-16T20:42:14","modified_gmt":"2025-07-16T23:42:14","slug":"energia-solar-comeca-a-abastecer-ame-de-praia-grande","status":"publish","type":"post","link":"https:\/\/mussicom.com\/noticias\/energia-solar-comeca-a-abastecer-ame-de-praia-grande\/","title":{"rendered":"Energia solar come\u00e7a a abastecer AME de Praia Grande"},"content":{"rendered":"<p> <br \/>\n<\/p>\n<div id=\"texto\">\n<p>Gerenciado pela Funda\u00e7\u00e3o do ABC em parceria com o Governo do Estado, o Ambulat\u00f3rio M\u00e9dico de Especialidades (AME) de Praia Grande acaba de concluir a instala\u00e7\u00e3o de um sistema de energia solar fotovoltaica para abastecer seus setores e reduzir custos com eletricidade em at\u00e9 70%. A iniciativa faz parte de um projeto de efici\u00eancia energ\u00e9tica desenvolvido junto \u00e0 CPFL, cujas tratativas tiveram in\u00edcio em setembro de 2022.<\/p>\n<p>\u00a0<\/p>\n<p>As placas solares foram recebidas em 4 de abril deste ano, devidamente verificadas e armazenadas para garantir a seguran\u00e7a antes da instala\u00e7\u00e3o. Os trabalhos come\u00e7aram no dia 16 do mesmo m\u00eas, com as primeiras estruturas sendo montadas nos setores vermelho e laranja, corredor da diretoria e recep\u00e7\u00e3o central. Durante o processo, foram realizadas trocas de telhas e manuten\u00e7\u00f5es no telhado para viabilizar a fixa\u00e7\u00e3o dos pain\u00e9is.<\/p>\n<p>\u00a0<\/p>\n<p>Entre os equipamentos instalados est\u00e1 o inversor solar, respons\u00e1vel por converter a energia gerada pelas placas \u2014 captada por c\u00e9lulas fotovoltaicas \u2014 em eletricidade pronta para uso nos setores da unidade de sa\u00fade. Um novo rel\u00f3gio h\u00edbrido foi colocado para registrar tanto o consumo fornecido pela CPFL quanto a energia gerada internamente.<\/p>\n<p>\u00a0<\/p>\n<p>O sistema teve sua instala\u00e7\u00e3o finalizada em 3 de maio, seguida de testes e libera\u00e7\u00f5es para opera\u00e7\u00e3o em todos os setores. Em 28 de maio, o AME deu in\u00edcio ao funcionamento oficial do sistema, passando a gerar parte significativa de sua energia de forma limpa e renov\u00e1vel.<\/p>\n<p>\u00a0<\/p>\n<p>&#8220;Com esse projeto, o AME de Praia Grande d\u00e1 um passo importante para garantir mais efici\u00eancia no uso dos recursos p\u00fablicos e para minimizar seu impacto ambiental, mostrando que sustentabilidade e cuidado com a sa\u00fade podem caminhar juntos&#8221;, garante C\u00e1ssio Lopes, diretor-geral do AME-PG.<\/p>\n<p>\u00a0<\/p>\n<p>FUNCIONAMENTO<\/p>\n<p>A opera\u00e7\u00e3o do sistema solar \u00e9 simples: as placas captam a luz do sol e a convertem em energia el\u00e9trica por meio de c\u00e9lulas fotovoltaicas. A eletricidade gerada abastece os setores do AME Praia Grande. Quando h\u00e1 produ\u00e7\u00e3o excedente, a energia \u00e9 injetada na rede el\u00e9trica, gerando cr\u00e9ditos que podem ser usados para reduzir futuras contas de luz.<\/p>\n<p>\u00a0<\/p>\n<p>Al\u00e9m da economia estimada em at\u00e9 70% no consumo de energia da rede, o projeto refor\u00e7a o compromisso com pr\u00e1ticas sustent\u00e1veis e a redu\u00e7\u00e3o das emiss\u00f5es de di\u00f3xido de carbono. O AME conta ainda com um aplicativo de monitoramento em tempo real, que exibe gera\u00e7\u00e3o e consumo de energia, cr\u00e9ditos acumulados e desempenho do sistema.<\/p>\n<\/p><\/div>\n<p><script async defer crossorigin=\"anonymous\" src=\"https:\/\/connect.facebook.net\/pt_BR\/sdk.js#xfbml=1&#038;version=v12.0&#038;appId=&#038;autoLogAppEvents=1\" nonce=\"ou0fI1lo\"><\/script><br \/>\n<br \/><br \/>\n<br \/>Fonte: <a href=\"https:\/\/www.bs9.com.br\/estado\/energia-solar-comeca-a-abastecer-ame-de-praia-grande\/33272\/\">BS9<\/a><\/p>\n","protected":false},"excerpt":{"rendered":"<p>Gerenciado pela Funda\u00e7\u00e3o do ABC em parceria com o Governo do Estado, o Ambulat\u00f3rio M\u00e9dico de Especialidades (AME) de Praia Grande acaba de concluir a instala\u00e7\u00e3o de um sistema de energia solar fotovoltaica para abastecer seus setores e reduzir custos com eletricidade em at\u00e9 70%. A iniciativa faz parte de um projeto de efici\u00eancia energ\u00e9tica [&hellip;]<\/p>\n","protected":false},"author":5,"featured_media":29779,"comment_status":"open","ping_status":"open","sticky":false,"template":"","format":"standard","meta":{"_seopress_robots_primary_cat":"","_seopress_titles_title":"","_seopress_titles_desc":"","_seopress_robots_index":"","footnotes":""},"categories":[52],"tags":[],"class_list":["post-29778","post","type-post","status-publish","format-standard","has-post-thumbnail","hentry","category-santoseregiao"],"_links":{"self":[{"href":"https:\/\/mussicom.com\/noticias\/wp-json\/wp\/v2\/posts\/29778","targetHints":{"allow":["GET"]}}],"collection":[{"href":"https:\/\/mussicom.com\/noticias\/wp-json\/wp\/v2\/posts"}],"about":[{"href":"https:\/\/mussicom.com\/noticias\/wp-json\/wp\/v2\/types\/post"}],"author":[{"embeddable":true,"href":"https:\/\/mussicom.com\/noticias\/wp-json\/wp\/v2\/users\/5"}],"replies":[{"embeddable":true,"href":"https:\/\/mussicom.com\/noticias\/wp-json\/wp\/v2\/comments?post=29778"}],"version-history":[{"count":0,"href":"https:\/\/mussicom.com\/noticias\/wp-json\/wp\/v2\/posts\/29778\/revisions"}],"wp:featuredmedia":[{"embeddable":true,"href":"https:\/\/mussicom.com\/noticias\/wp-json\/wp\/v2\/media\/29779"}],"wp:attachment":[{"href":"https:\/\/mussicom.com\/noticias\/wp-json\/wp\/v2\/media?parent=29778"}],"wp:term":[{"taxonomy":"category","embeddable":true,"href":"https:\/\/mussicom.com\/noticias\/wp-json\/wp\/v2\/categories?post=29778"},{"taxonomy":"post_tag","embeddable":true,"href":"https:\/\/mussicom.com\/noticias\/wp-json\/wp\/v2\/tags?post=29778"}],"curies":[{"name":"wp","href":"https:\/\/api.w.org\/{rel}","templated":true}]}}