{"id":29731,"date":"2025-07-16T17:16:49","date_gmt":"2025-07-16T20:16:49","guid":{"rendered":"https:\/\/mussicom.com\/palco-do-tomorrowland-pega-fogo-dias-antes-do-festival-comecar\/"},"modified":"2025-07-16T17:16:49","modified_gmt":"2025-07-16T20:16:49","slug":"palco-do-tomorrowland-pega-fogo-dias-antes-do-festival-comecar","status":"publish","type":"post","link":"https:\/\/mussicom.com\/noticias\/palco-do-tomorrowland-pega-fogo-dias-antes-do-festival-comecar\/","title":{"rendered":"Palco do Tomorrowland pega fogo dias antes do festival come\u00e7ar"},"content":{"rendered":"<p> <br \/>\n<\/p>\n<div>\n<p>O palco principal do <strong>Tomorrowland<\/strong>, um dos maiores festivais de m\u00fasica eletr\u00f4nica do mundo, foi consumido por um inc\u00eandio de grandes propor\u00e7\u00f5es nesta quarta-feira (16), em Boom, na B\u00e9lgica, a dois dias do in\u00edcio oficial do evento. Imagens impressionantes do fogo tomaram conta das redes sociais e, segundo a emissora local <em>VRT News<\/em>, a estrutura foi completamente destru\u00edda.<\/p>\n<p>At\u00e9 o momento, n\u00e3o h\u00e1 registro de feridos. Autoridades locais alertaram moradores da regi\u00e3o para manter portas e janelas fechadas devido \u00e0 fuma\u00e7a, que embora considerada inc\u00f4moda, n\u00e3o \u00e9 t\u00f3xica. O motivo do inc\u00eandio ainda est\u00e1 sob investiga\u00e7\u00e3o, mas relatos indicam que a origem pode estar ligada a testes de pirotecnia realizados no local, com algumas testemunhas relatando barulhos semelhantes aos de fogos de artif\u00edcio momentos antes das chamas se espalharem.<\/p>\n<p>O festival, que atrai milhares de pessoas de todo o mundo, tinha sua abertura marcada para sexta-feira (18). Apesar do susto, a organiza\u00e7\u00e3o informou por meio de comunicado nas redes sociais que o <strong>DreamVille<\/strong> \u2014 \u00e1rea de camping oficial do <strong>Tomorrowland<\/strong> \u2014 ser\u00e1 aberto nesta quinta-feira (17), conforme previsto. Al\u00e9m disso, as atividades da <strong>Global Journey<\/strong> nas cidades de Bruxelas e Antu\u00e9rpia tamb\u00e9m seguem mantidas.<\/p>\n<p>\u201cEstamos trabalhando intensamente para encontrar solu\u00e7\u00f5es para o fim de semana do festival\u201d, disse a produ\u00e7\u00e3o, sinalizando que as demais \u00e1reas do evento n\u00e3o foram afetadas. A equipe ainda n\u00e3o divulgou como pretende substituir ou reorganizar a estrutura do palco principal, um dos grandes atrativos visuais e sonoros do <strong>Tomorrowland<\/strong>, conhecido por sua cenografia extravagante e espet\u00e1culos com tecnologia de ponta.<\/p>\n<p>A expectativa agora gira em torno do plano emergencial que a produ\u00e7\u00e3o ir\u00e1 adotar para manter a experi\u00eancia do festival sem comprometer a seguran\u00e7a dos frequentadores.<\/p>\n<\/div>\n<p><br \/>\n<br \/>Fonte: <a href=\"https:\/\/rollingstone.com.br\/noticia\/palco-do-tomorrowland-pega-fogo-dias-antes-do-festival-comecar\/\">rollingstone.com.br<\/a><\/p>\n","protected":false},"excerpt":{"rendered":"<p>O palco principal do Tomorrowland, um dos maiores festivais de m\u00fasica eletr\u00f4nica do mundo, foi consumido por um inc\u00eandio de grandes propor\u00e7\u00f5es nesta quarta-feira (16), em Boom, na B\u00e9lgica, a dois dias do in\u00edcio oficial do evento. Imagens impressionantes do fogo tomaram conta das redes sociais e, segundo a emissora local VRT News, a estrutura [&hellip;]<\/p>\n","protected":false},"author":5,"featured_media":29732,"comment_status":"open","ping_status":"open","sticky":false,"template":"","format":"standard","meta":{"_seopress_robots_primary_cat":"","_seopress_titles_title":"","_seopress_titles_desc":"","_seopress_robots_index":"","footnotes":""},"categories":[51],"tags":[],"class_list":["post-29731","post","type-post","status-publish","format-standard","has-post-thumbnail","hentry","category-musica"],"_links":{"self":[{"href":"https:\/\/mussicom.com\/noticias\/wp-json\/wp\/v2\/posts\/29731","targetHints":{"allow":["GET"]}}],"collection":[{"href":"https:\/\/mussicom.com\/noticias\/wp-json\/wp\/v2\/posts"}],"about":[{"href":"https:\/\/mussicom.com\/noticias\/wp-json\/wp\/v2\/types\/post"}],"author":[{"embeddable":true,"href":"https:\/\/mussicom.com\/noticias\/wp-json\/wp\/v2\/users\/5"}],"replies":[{"embeddable":true,"href":"https:\/\/mussicom.com\/noticias\/wp-json\/wp\/v2\/comments?post=29731"}],"version-history":[{"count":0,"href":"https:\/\/mussicom.com\/noticias\/wp-json\/wp\/v2\/posts\/29731\/revisions"}],"wp:featuredmedia":[{"embeddable":true,"href":"https:\/\/mussicom.com\/noticias\/wp-json\/wp\/v2\/media\/29732"}],"wp:attachment":[{"href":"https:\/\/mussicom.com\/noticias\/wp-json\/wp\/v2\/media?parent=29731"}],"wp:term":[{"taxonomy":"category","embeddable":true,"href":"https:\/\/mussicom.com\/noticias\/wp-json\/wp\/v2\/categories?post=29731"},{"taxonomy":"post_tag","embeddable":true,"href":"https:\/\/mussicom.com\/noticias\/wp-json\/wp\/v2\/tags?post=29731"}],"curies":[{"name":"wp","href":"https:\/\/api.w.org\/{rel}","templated":true}]}}