{"id":29674,"date":"2025-07-16T13:26:16","date_gmt":"2025-07-16T16:26:16","guid":{"rendered":"https:\/\/mussicom.com\/governo-relata-a-trump-indignacao-com-tarifaco-e-se-diz-aberto-ao-dialogo\/"},"modified":"2025-07-16T13:26:16","modified_gmt":"2025-07-16T16:26:16","slug":"governo-relata-a-trump-indignacao-com-tarifaco-e-se-diz-aberto-ao-dialogo","status":"publish","type":"post","link":"https:\/\/mussicom.com\/noticias\/governo-relata-a-trump-indignacao-com-tarifaco-e-se-diz-aberto-ao-dialogo\/","title":{"rendered":"Governo relata a Trump \u201cindigna\u00e7\u00e3o\u201d com tarifa\u00e7o e se diz aberto ao di\u00e1logo"},"content":{"rendered":"<p> <br \/>\n<\/p>\n<div>\n<p class=\"postParagraph_post-paragraph__juWZN\">O governo do presidente Luiz In\u00e1cio Lula da Silva (PT) relatou oficialmente ao presidente Donald Trump, dos Estados Unidos, uma \u201cindigna\u00e7\u00e3o\u201d pelo tarifa\u00e7o de 50% imposto por ele na semana passada a partir do dia 1\u00ba de agosto. A manifesta\u00e7\u00e3o foi enviada na ter\u00e7a (15) ao Secret\u00e1rio de Comercio dos EUA Howard Lutnick e ao Representante de Com\u00e9rcio dos EUA, Jamieson Greer.<\/p>\n<p class=\"postParagraph_post-paragraph__juWZN\">O envio da carta havia sido citado pelo vice-presidente Geraldo Alckmin (PSB) e confirmado nesta quarta (16) atrav\u00e9s de uma nota do Minist\u00e9rio do Desenvolvimento, Ind\u00fastria e Com\u00e9rcio (MDIC), do qual ele \u00e9 titular, junto do ministro Mauro Vieira, das Rela\u00e7\u00f5es Exteriores.<\/p>\n<p class=\"postParagraph_post-paragraph__juWZN\">\u201cO Governo brasileiro manifesta sua indigna\u00e7\u00e3o com o an\u00fancio. [&#8230;] A imposi\u00e7\u00e3o das tarifas ter\u00e1 impacto muito negativo em setores importantes de ambas as economias, colocando em risco uma parceria econ\u00f4mica historicamente forte e profunda entre nossos pa\u00edses\u201d, disse a carta em refer\u00eancia aos 200 anos de relacionamento bilateral entre o Brasil e os Estados Unidos (veja na \u00edntegra mais abaixo).<\/p>\n<div class=\"postViewMore_post-view-more-container___5wai\" data-mrf-recirculation=\"Post - Veja tamb\u00e9m\">\n<p class=\"gp-styles-module-size-small-afeYRa gp-styles-module-font-family2-afeYRa gp-styles-module-color-secondary-afeYRa gp-styles-module-weight-bold-afeYRa\">VEJA TAMB\u00c9M:<\/p>\n<ul class=\"postViewMore_post-view-more-list__CU_CE\">\n<li class=\"postViewMore_post-view-more-item__2MzRb\">\n<div class=\"postViewMore_post-view-more-image__5gUSe\"><picture class=\"imageDefault_image-container__XGd8_\"><\/picture><\/div>\n<p>Embaixada dos EUA endossa posi\u00e7\u00e3o de Trump e chama STF de \u201cSupremo Tribunal de Moraes\u201d<\/li>\n<\/ul>\n<\/div>\n<p class=\"postParagraph_post-paragraph__juWZN\">Alckmin e Vieira afirmam, ainda, que o governo brasileiro est\u00e1 aberto ao di\u00e1logo para &#8220;negociar uma solu\u00e7\u00e3o mutuamente aceit\u00e1vel sobre os aspectos comerciais da agenda bilateral&#8221;.<\/p>\n<p class=\"postParagraph_post-paragraph__juWZN\">Na carta assinada com Vieira, Alckmin afirma que o governo vem tentando dialogar \u201cde boa-f\u00e9\u201d com as autoridades norte-americanas desde o primeiro tarifa\u00e7o de Trump, em abril, quando imp\u00f4s taxas rec\u00edprocas sobre v\u00e1rios pa\u00edses. Na \u00e9poca, o Brasil teve o a\u00e7o e o alum\u00ednio sobretaxados.<\/p>\n<p class=\"postParagraph_post-paragraph__juWZN\">Os dois ministros ainda pontuam que os Estados Unidos operam com um super\u00e1vit de US$ 410 bilh\u00f5es na balan\u00e7a comercial nos \u00faltimos 15 anos e que o Brasil buscou, em diversas ocasi\u00f5es, que o pa\u00eds norte-americano identificasse \u00e1reas espec\u00edficas de preocupa\u00e7\u00e3o.<\/p>\n<p class=\"postParagraph_post-paragraph__juWZN\">\u201cCom esse mesmo esp\u00edrito, o Governo brasileiro apresentou, em 16 de maio de 2025, minuta confidencial de proposta contendo \u00e1reas de negocia\u00e7\u00e3o nas quais poder\u00edamos explorar mais a fundo solu\u00e7\u00f5es mutuamente acordadas. O Governo brasileiro ainda aguarda a resposta dos EUA \u00e0 sua proposta\u201d, pontuou.<\/p>\n<p class=\"postParagraph_post-paragraph__juWZN\">Alckmin e Vieira afirmam que o Brasil est\u00e1 aberto ao di\u00e1logo com as autoridades norte-americanas para \u201cnegociar uma solu\u00e7\u00e3o mutuamente aceit\u00e1vel\u201d sobre a rela\u00e7\u00e3o comercial entre os dois pa\u00edses.<\/p>\n<p class=\"postParagraph_post-paragraph__juWZN\">\u201cCom o objetivo de preservar e aprofundar o relacionamento hist\u00f3rico entre os dois pa\u00edses e mitigar os impactos negativos da eleva\u00e7\u00e3o de tarifas em nosso com\u00e9rcio bilateral\u201d, completou.<\/p>\n<p class=\"postParagraph_post-paragraph-innerHtml__Q5vwc\">O tarifa\u00e7o de Trump ganhou mais um ingrediente nesta ter\u00e7a (15) com o an\u00fancio de uma investiga\u00e7\u00e3o do Brasil por pr\u00e1ticas consideradas &#8220;irrazo\u00e1veis ou discriminat\u00f3rias que oneram ou restringem o com\u00e9rcio dos Estados Unidos&#8221;. Entre elas est\u00e3o apura\u00e7\u00f5es sobre pirataria e meios digitais de pagamento, como o PIX.<\/p>\n<p class=\"postParagraph_post-paragraph__juWZN\">Veja abaixo a \u00edntegra da carta enviada pelo governo brasileiro aos Estados Unidos:<\/p>\n<p class=\"postParagraph_post-paragraph-innerHtml__Q5vwc\"><em>No contexto do an\u00fancio por parte do Governo norte-americano da imposi\u00e7\u00e3o de tarifas contra exporta\u00e7\u00f5es de produtos brasileiros para os EUA, o Vice-Presidente e Ministro do Desenvolvimento, Geraldo Alckmin, e o Ministro das Rela\u00e7\u00f5es Exteriores, Mauro Vieira, enviaram ontem, dia 15 de julho, carta ao Secret\u00e1rio de Comercio dos EUA Howard Lutnick e ao Representante de Com\u00e9rcio dos EUA, Jamieson Greer, nos seguintes termos:<\/em><\/p>\n<p class=\"postParagraph_post-paragraph-innerHtml__Q5vwc\"><em>1. O Governo brasileiro manifesta sua indigna\u00e7\u00e3o com o an\u00fancio, feito em 9 de julho, da imposi\u00e7\u00e3o de tarifas de importa\u00e7\u00e3o de 50% sobre todos os produtos exportados pelo Brasil para os Estados Unidos, a partir de 1\u00b0 de agosto. A imposi\u00e7\u00e3o das tarifas ter\u00e1 impacto muito negativo em setores importantes de ambas as economias, colocando em risco uma parceria econ\u00f4mica historicamente forte e profunda entre nossos pa\u00edses. Nos dois s\u00e9culos de relacionamento bilateral entre o Brasil e os Estados Unidos, o com\u00e9rcio provou ser um dos alicerces mais importantes da coopera\u00e7\u00e3o e da prosperidade entre as duas maiores economias das Am\u00e9ricas.<\/em><\/p>\n<p class=\"postParagraph_post-paragraph-innerHtml__Q5vwc\"><em>2 . Desde antes do an\u00fancio das tarifas rec\u00edprocas em 2 de abril de 2025, e de maneira cont\u00ednua desde ent\u00e3o, o Brasil tem dialogado de boa-f\u00e9 com as autoridades norte-americanas em busca de alternativas para aprimorar o com\u00e9rcio bilateral, apesar de o Brasil acumular com os Estados Unidos grandes d\u00e9ficits comerciais tanto em bens quanto em servi\u00e7os, que montam, nos \u00faltimos 15 anos, a quase US$ 410 bilh\u00f5es, segundo dados do governo dos Estados Unidos. Para fazer avan\u00e7ar essas negocia\u00e7\u00f5es, o Brasil solicitou, em diversas ocasi\u00f5es, que os EUA identificassem \u00e1reas espec\u00edficas de preocupa\u00e7\u00e3o para o governo norte-americano.<\/em><\/p>\n<p class=\"postParagraph_post-paragraph-innerHtml__Q5vwc\"><em>3. Com esse mesmo esp\u00edrito, o Governo brasileiro apresentou, em 16 de maio de 2025, minuta confidencial de proposta contendo \u00e1reas de negocia\u00e7\u00e3o nas quais poder\u00edamos explorar mais a fundo solu\u00e7\u00f5es mutuamente acordadas.<\/em><\/p>\n<p class=\"postParagraph_post-paragraph-innerHtml__Q5vwc\"><em>4. O Governo brasileiro ainda aguarda a resposta dos EUA \u00e0 sua proposta.<\/em><\/p>\n<p class=\"postParagraph_post-paragraph-innerHtml__Q5vwc\"><em>5. Com base nessas considera\u00e7\u00f5es e \u00e0 luz da urg\u00eancia do tema, o Governo do Brasil reitera seu interesse em receber coment\u00e1rios do governo dos EUA sobre a proposta brasileira. O Brasil permanece pronto para dialogar com as autoridades americanas e negociar uma solu\u00e7\u00e3o mutuamente aceit\u00e1vel sobre os aspectos comerciais da agenda bilateral, com o objetivo de preservar e aprofundar o relacionamento hist\u00f3rico entre os dois pa\u00edses e mitigar os impactos negativos da eleva\u00e7\u00e3o de tarifas em nosso com\u00e9rcio bilateral.<\/em><\/p>\n<\/div>\n<p><br \/>\n<br \/>Fonte: <a href=\"https:\/\/www.gazetadopovo.com.br\/republica\/governo-trump-indignacao-tarifaco-aberto-dialogo\/\">Revista Oeste<\/a><\/p>\n","protected":false},"excerpt":{"rendered":"<p>O governo do presidente Luiz In\u00e1cio Lula da Silva (PT) relatou oficialmente ao presidente Donald Trump, dos Estados Unidos, uma \u201cindigna\u00e7\u00e3o\u201d pelo tarifa\u00e7o de 50% imposto por ele na semana passada a partir do dia 1\u00ba de agosto. A manifesta\u00e7\u00e3o foi enviada na ter\u00e7a (15) ao Secret\u00e1rio de Comercio dos EUA Howard Lutnick e ao [&hellip;]<\/p>\n","protected":false},"author":5,"featured_media":29675,"comment_status":"open","ping_status":"open","sticky":false,"template":"","format":"standard","meta":{"_seopress_robots_primary_cat":"","_seopress_titles_title":"","_seopress_titles_desc":"","_seopress_robots_index":"","footnotes":""},"categories":[1],"tags":[],"class_list":["post-29674","post","type-post","status-publish","format-standard","has-post-thumbnail","hentry","category-ultimas-noticias"],"_links":{"self":[{"href":"https:\/\/mussicom.com\/noticias\/wp-json\/wp\/v2\/posts\/29674","targetHints":{"allow":["GET"]}}],"collection":[{"href":"https:\/\/mussicom.com\/noticias\/wp-json\/wp\/v2\/posts"}],"about":[{"href":"https:\/\/mussicom.com\/noticias\/wp-json\/wp\/v2\/types\/post"}],"author":[{"embeddable":true,"href":"https:\/\/mussicom.com\/noticias\/wp-json\/wp\/v2\/users\/5"}],"replies":[{"embeddable":true,"href":"https:\/\/mussicom.com\/noticias\/wp-json\/wp\/v2\/comments?post=29674"}],"version-history":[{"count":0,"href":"https:\/\/mussicom.com\/noticias\/wp-json\/wp\/v2\/posts\/29674\/revisions"}],"wp:featuredmedia":[{"embeddable":true,"href":"https:\/\/mussicom.com\/noticias\/wp-json\/wp\/v2\/media\/29675"}],"wp:attachment":[{"href":"https:\/\/mussicom.com\/noticias\/wp-json\/wp\/v2\/media?parent=29674"}],"wp:term":[{"taxonomy":"category","embeddable":true,"href":"https:\/\/mussicom.com\/noticias\/wp-json\/wp\/v2\/categories?post=29674"},{"taxonomy":"post_tag","embeddable":true,"href":"https:\/\/mussicom.com\/noticias\/wp-json\/wp\/v2\/tags?post=29674"}],"curies":[{"name":"wp","href":"https:\/\/api.w.org\/{rel}","templated":true}]}}