{"id":29647,"date":"2025-07-16T11:25:32","date_gmt":"2025-07-16T14:25:32","guid":{"rendered":"https:\/\/mussicom.com\/trump-quer-o-fim-do-pix-entenda-o-que-e-verdade-e-mentira-no-caso\/"},"modified":"2025-07-16T11:25:32","modified_gmt":"2025-07-16T14:25:32","slug":"trump-quer-o-fim-do-pix-entenda-o-que-e-verdade-e-mentira-no-caso","status":"publish","type":"post","link":"https:\/\/mussicom.com\/noticias\/trump-quer-o-fim-do-pix-entenda-o-que-e-verdade-e-mentira-no-caso\/","title":{"rendered":"Trump quer o fim do Pix? Entenda o que \u00e9 verdade e mentira no caso"},"content":{"rendered":"<p> <br \/>\n<\/p>\n<div data-block-type=\"unstyled\" data-block-weight=\"82\">\n<p class=\" content-text__container theme-color-primary-first-letter\" data-track-category=\"Link no Texto\" data-track-links=\"\"> Os Estados Unidos abriram uma investiga\u00e7\u00e3o comercial contra o Brasil, nesta ter\u00e7a-feira (15), onde verificam pr\u00e1ticas desleais do Brasil. Segundo o documento do Escrit\u00f3rio da Representa\u00e7\u00e3o Comercial dos EUA, o USTR, o governo norte-americano verifica &#8220;servi\u00e7os de pagamento eletr\u00f4nico desenvolvidos pelo governo&#8221;. Entre os nomes analisados, est\u00e1 o do Pix, que se consolidou como um dos principais m\u00e9todos de pagamento do pa\u00eds, e surge como concorrente direto de bandeiras de cart\u00e3o de d\u00e9bito americanas, como Visa, Mastercard e Amex, por exemplo. <\/p>\n<\/p><\/div>\n<div>\n<div class=\"mc-column content-text active-extra-styles \" data-block-type=\"unstyled\" data-block-weight=\"42\">\n<p class=\" content-text__container \" data-track-category=\"Link no Texto\" data-track-links=\"\"> Nas redes sociais, usu\u00e1rios demonstraram preocupa\u00e7\u00e3o em rela\u00e7\u00e3o ao fim do m\u00e9todo de pagamento no pa\u00eds. Pensando nisso, o TechTudo explica tudo o que voc\u00ea precisa saber sobre a pol\u00eamica envolvendo o Pix e os Estados Unidos. Confira, a seguir, mais detalhes. <\/p>\n<\/p><\/div>\n<p> <button class=\"mc-read-more-btn theme-color-primary\" id=\"mc-read-more-btn\"> Continuar lendo <\/button> <\/p>\n<div class=\"cropped-block\">\n<div class=\"row medium-uncollapsed content-media content-photo\" data-block-type=\"backstage-photo\">\n<div class=\"mc-column content-media__container\">\n<div class=\"content-media-container\">\n<figure class=\"content-media__figure\"> <figcaption class=\"content-media__description\"> Trump quer o fim do Pix? Entenda o que \u00e9 verdade e mentira no caso \u2014 Foto: Mariana Saguias\/TechTudo <\/figcaption><\/figure>\n<\/p><\/div>\n<\/p><\/div>\n<\/p><\/div>\n<\/p><\/div>\n<div class=\"cropped-block\">\n<div class=\"mc-column content-text active-extra-styles\" data-block-type=\"raw\" data-block-weight=\"13\">\n<p><h2>Pix vai acabar? Entenda o que \u00e9 verdade e mentira sobre o caso<\/h2>\n<\/p><\/div>\n<\/p><\/div>\n<div class=\"cropped-block\">\n<div class=\"mc-column content-text active-extra-styles \" data-block-type=\"unstyled\" data-block-weight=\"70\">\n<p class=\" content-text__container \" data-track-category=\"Link no Texto\" data-track-links=\"\"> A investiga\u00e7\u00e3o contra o Pix faz parte do pacote de medidas dos Estados Unidos contra o Brasil. O governo americano j\u00e1 criou uma taxa de 50% sobre importa\u00e7\u00f5es brasileiras, v\u00e1lida a partir de 1\u00ba de agosto deste ano. Al\u00e9m do m\u00e9todo de pagamento, tamb\u00e9m ser\u00e3o verificadas outras pr\u00e1ticas que podem ser consideradas &#8220;desleais&#8221;, como o com\u00e9rcio popular da 25 de mar\u00e7o, acesso ao mercado de etanol e combate \u00e0 corrup\u00e7\u00e3o. <\/p>\n<\/p><\/div>\n<\/p><\/div>\n<div class=\"cropped-block\">\n<div class=\"mc-column content-text active-extra-styles \" data-block-type=\"unstyled\" data-block-weight=\"47\">\n<p class=\" content-text__container \" data-track-category=\"Link no Texto\" data-track-links=\"\"> As redes sociais tamb\u00e9m s\u00e3o alvo de investiga\u00e7\u00e3o, principalmente ap\u00f3s a Suprema Corte brasileira decidir que as<em> big techs<\/em> s\u00e3o respons\u00e1veis por publica\u00e7\u00f5es ilegais feitas por seus usu\u00e1rios. Tribunais brasileiros teriam emitido, ainda, ordens sigilosas para que postagens e contas de dezenas de cr\u00edticos pol\u00edticos fossem desativadas. <\/p>\n<\/p><\/div>\n<\/p><\/div>\n<div class=\"cropped-block\">\n<div class=\"mc-column content-text active-extra-styles \" data-block-type=\"unstyled\" data-block-weight=\"40\">\n<p class=\" content-text__container \" data-track-category=\"Link no Texto\" data-track-links=\"\"> Apesar de todas as poss\u00edveis san\u00e7\u00f5es, parece improv\u00e1vel que o Pix realmente acabe. Em nota divulgada \u00e0 imprensa, o Itamaraty acusou as manifesta\u00e7\u00f5es do governo americano de &#8220;intromiss\u00e3o indevida e inaceit\u00e1vel&#8221;, e garantiu a soberania nacional em rela\u00e7\u00e3o ao caso. <\/p>\n<\/p><\/div>\n<\/p><\/div>\n<div class=\"cropped-block\">\n<div class=\"mc-column content-text active-extra-styles \" data-block-type=\"unstyled\" data-block-weight=\"5\">\n<p class=\" content-text__container \" data-track-category=\"Link no Texto\" data-track-links=\"\"> Confira a nota na \u00edntegra: <\/p>\n<\/p><\/div>\n<\/p><\/div>\n<div class=\"cropped-block\">\n<div class=\"mc-column content-text active-extra-styles \" data-block-type=\"unstyled\" data-block-weight=\"55\">\n<p class=\" content-text__container \" data-track-category=\"Link no Texto\" data-track-links=\"\"> <em>O governo brasileiro deplora e recha\u00e7a, mais uma vez, manifesta\u00e7\u00f5es do Departamento de Estado norte-americano e da embaixada daquele pa\u00eds em Bras\u00edlia que caracterizam nova intromiss\u00e3o indevida e inaceit\u00e1vel em assuntos de responsabilidade do Poder Judici\u00e1rio brasileiro. Tais manifesta\u00e7\u00f5es n\u00e3o condizem com os 200 anos da rela\u00e7\u00e3o de respeito e amizade entre os dois pa\u00edses.<\/em> <\/p>\n<\/p><\/div>\n<\/p><\/div>\n<div class=\"cropped-block\">\n<div class=\"mc-column content-text active-extra-styles \" data-block-type=\"unstyled\" data-block-weight=\"71\">\n<p class=\" content-text__container \" data-track-category=\"Link no Texto\" data-track-links=\"\"> <em>No que se refere ao com\u00e9rcio, o Brasil vem negociando com autoridades norte-americanas, desde mar\u00e7o, quest\u00f5es relativas a tarifas, de interesse m\u00fatuo, e est\u00e1 disposto a dar sequ\u00eancia a esse di\u00e1logo, em benef\u00edcio das economias, dos setores produtivos e das popula\u00e7\u00f5es de ambos os pa\u00edses. A equivocada politiza\u00e7\u00e3o do assunto n\u00e3o \u00e9 de responsabilidade do Brasil, pa\u00eds democr\u00e1tico cuja soberania n\u00e3o est\u00e1 e nem estar\u00e1 jamais na mesa de qualquer negocia\u00e7\u00e3o.<\/em> <\/p>\n<\/p><\/div>\n<\/p><\/div>\n<div class=\"cropped-block\">\n<div class=\"mc-column content-text active-extra-styles \" data-block-type=\"unstyled\" data-block-weight=\"34\">\n<p class=\" content-text__container \" data-track-category=\"Link no Texto\" data-track-links=\"\"> O <strong>TechTudo<\/strong> entrou em contato com o Banco Central do Brasil para entender o posicionamento do \u00f3rg\u00e3o, mas n\u00e3o obteve resposta at\u00e9 o fechamento desta mat\u00e9ria. O espa\u00e7o segue aberto para eventuais esclarecimentos. <\/p>\n<\/p><\/div>\n<\/p><\/div>\n<div class=\"cropped-block\">\n<div class=\"mc-column content-text active-extra-styles \" data-block-type=\"unstyled\" data-block-weight=\"16\">\n<p class=\" content-text__container \" data-track-category=\"Link no Texto\" data-track-links=\"\"> <strong><em>Veja tamb\u00e9m: &#8216;<\/em><\/strong><em>Ca\u00ed no golpe do Pix, e agora?&#8217; Veja o que fazer e como recuperar<\/em> <\/p>\n<\/p><\/div>\n<\/p><\/div>\n<div class=\"cropped-block\">\n<div class=\"bs-video-block mc-column  content-media content-video\" data-block-type=\"backstage-video\" itemscope=\"\" itemtype=\"http:\/\/schema.org\/VideoObject\" itemprop=\"video\">\n<div class=\"content-media__container\"> <meta itemprop=\"embedUrl\" content=\"https:\/\/s.videos.globo.com\/p3\/amp\/index.html?videosIDs=12506618&amp;adUnit=edtechtudo%2FSoftwares&amp;adCustomData=ext-bsafety%3Dconteudo+seguro%26advertiser%3Dcoca-cola%2Ccolgate%2CCEF%2Capple%2Cunilever%2Cheineken%2Cbbrasil&amp;adCmsId=&amp;adAccountId=85042905&amp;ga_productUA=UA-156625-22&amp;ga_extras=%7B%22dimension1%22%3A%22%25%28channel%29s%22%7D&amp;domain=www.techtudo.com.br&amp;ambient=%25%28channel%29s&amp;origin_url=https%3A%2F%2Fwww.techtudo.com.br%2Fnoticias%2F2025%2F07%2Ftrump-quer-o-fim-do-pix-entenda-o-que-e-verdade-e-mentira-no-caso-edapps.ghtml\"\/> <meta itemprop=\"name\" content=\"'Ca\u00ed no golpe do Pix, e agora?' Veja o que fazer e como recuperar\"\/> <meta itemprop=\"thumbnailUrl\" content=\"https:\/\/s03.video.glbimg.com\/x240\/12506618.jpg\"\/> <meta itemprop=\"datePublished\" content=\"2025-07-16T12:58:45.852Z\"\/> <meta itemprop=\"uploadDate\" content=\"2025-07-16T12:58:45.852Z\"\/> <\/p>\n<div class=\"content-video__bigger-player-description-fixer\"> <meta itemprop=\"name\" content=\"'Ca\u00ed no golpe do Pix, e agora?' Veja o que fazer e como recuperar\"\/> <meta itemprop=\"thumbnailUrl\" content=\"https:\/\/s03.video.glbimg.com\/x240\/12506618.jpg\"\/> <meta itemprop=\"datePublished\" content=\"2025-07-16T12:58:45.852Z\"\/> <meta itemprop=\"uploadDate\" content=\"2025-07-16T12:58:45.852Z\"\/> <\/p>\n<article class=\"content-video\">\n<section class=\"content-video__video-container\">\n<div class=\"content-video__video\">\n<div class=\"content-video__placeholder\" data-video-id=\"12506618\"> <img decoding=\"async\" class=\"content-video__placeholder__thumb\" src=\"https:\/\/s03.video.glbimg.com\/x240\/12506618.jpg\" alt=\"'Ca\u00ed no golpe do Pix, e agora?' Veja o que fazer e como recuperar\" title=\"'Ca\u00ed no golpe do Pix, e agora?' Veja o que fazer e como recuperar\"\/> <\/div>\n<\/p><\/div>\n<\/section>\n<\/article><\/div>\n<p class=\"content-media__description\" itemprop=\"description\"> &#8216;Ca\u00ed no golpe do Pix, e agora?&#8217; Veja o que fazer e como recuperar <\/p>\n<\/p><\/div>\n<\/p><\/div>\n<\/p><\/div>\n<\/p><\/div>\n<p><br \/>\n<br \/>Fonte: <a href=\"https:\/\/www.techtudo.com.br\/noticias\/2025\/07\/trump-quer-o-fim-do-pix-entenda-o-que-e-verdade-e-mentira-no-caso-edapps.ghtml\">TecMundo<\/a><\/p>\n","protected":false},"excerpt":{"rendered":"<p>Os Estados Unidos abriram uma investiga\u00e7\u00e3o comercial contra o Brasil, nesta ter\u00e7a-feira (15), onde verificam pr\u00e1ticas desleais do Brasil. Segundo o documento do Escrit\u00f3rio da Representa\u00e7\u00e3o Comercial dos EUA, o USTR, o governo norte-americano verifica &#8220;servi\u00e7os de pagamento eletr\u00f4nico desenvolvidos pelo governo&#8221;. Entre os nomes analisados, est\u00e1 o do Pix, que se consolidou como um [&hellip;]<\/p>\n","protected":false},"author":5,"featured_media":29648,"comment_status":"open","ping_status":"open","sticky":false,"template":"","format":"standard","meta":{"_seopress_robots_primary_cat":"","_seopress_titles_title":"","_seopress_titles_desc":"","_seopress_robots_index":"","footnotes":""},"categories":[50],"tags":[],"class_list":["post-29647","post","type-post","status-publish","format-standard","has-post-thumbnail","hentry","category-tecnologia"],"_links":{"self":[{"href":"https:\/\/mussicom.com\/noticias\/wp-json\/wp\/v2\/posts\/29647","targetHints":{"allow":["GET"]}}],"collection":[{"href":"https:\/\/mussicom.com\/noticias\/wp-json\/wp\/v2\/posts"}],"about":[{"href":"https:\/\/mussicom.com\/noticias\/wp-json\/wp\/v2\/types\/post"}],"author":[{"embeddable":true,"href":"https:\/\/mussicom.com\/noticias\/wp-json\/wp\/v2\/users\/5"}],"replies":[{"embeddable":true,"href":"https:\/\/mussicom.com\/noticias\/wp-json\/wp\/v2\/comments?post=29647"}],"version-history":[{"count":0,"href":"https:\/\/mussicom.com\/noticias\/wp-json\/wp\/v2\/posts\/29647\/revisions"}],"wp:featuredmedia":[{"embeddable":true,"href":"https:\/\/mussicom.com\/noticias\/wp-json\/wp\/v2\/media\/29648"}],"wp:attachment":[{"href":"https:\/\/mussicom.com\/noticias\/wp-json\/wp\/v2\/media?parent=29647"}],"wp:term":[{"taxonomy":"category","embeddable":true,"href":"https:\/\/mussicom.com\/noticias\/wp-json\/wp\/v2\/categories?post=29647"},{"taxonomy":"post_tag","embeddable":true,"href":"https:\/\/mussicom.com\/noticias\/wp-json\/wp\/v2\/tags?post=29647"}],"curies":[{"name":"wp","href":"https:\/\/api.w.org\/{rel}","templated":true}]}}