{"id":29524,"date":"2025-07-16T01:50:18","date_gmt":"2025-07-16T04:50:18","guid":{"rendered":"https:\/\/mussicom.com\/macron-desiste-de-participar-de-cupula-da-onu-sobre-palestina\/"},"modified":"2025-07-16T01:50:18","modified_gmt":"2025-07-16T04:50:18","slug":"macron-desiste-de-participar-de-cupula-da-onu-sobre-palestina","status":"publish","type":"post","link":"https:\/\/mussicom.com\/noticias\/macron-desiste-de-participar-de-cupula-da-onu-sobre-palestina\/","title":{"rendered":"Macron desiste de participar de c\u00fapula da ONU sobre Palestina"},"content":{"rendered":"<p> <br \/>\n<\/p>\n<div>\n<p class=\"postParagraph_post-paragraph-innerHtml__Q5vwc\">O presidente da Fran\u00e7a, Emmanuel Macron, n\u00e3o comparecer\u00e1 na pr\u00f3xima confer\u00eancia da ONU sobre o reconhecimento de um Estado palestino, de acordo com informa\u00e7\u00f5es publicadas pelo <em>Jerusalem Post <\/em>nesta ter\u00e7a-feira (15).<\/p>\n<p class=\"postParagraph_post-paragraph__juWZN\">A decis\u00e3o foi motivada pela forte oposi\u00e7\u00e3o do Reino Unido e do Canad\u00e1, que alertaram que um reconhecimento unilateral por parte da Fran\u00e7a poderia minar os esfor\u00e7os de coordena\u00e7\u00e3o internacional com Israel, possivelmente ampliando tens\u00f5es diplom\u00e1ticas.<\/p>\n<p class=\"postParagraph_post-paragraph-innerHtml__Q5vwc\">De acordo com o <em>Jerusalem Post<\/em>, Macron tinha inten\u00e7\u00e3o de liderar a confer\u00eancia ao lado da Ar\u00e1bia Saudita, onde anunciariam o reconhecimento oficial do Estado palestino por parte da Fran\u00e7a, algo que Paris nega firmemente.<\/p>\n<p class=\"postParagraph_post-paragraph__juWZN\">A confer\u00eancia, que foi adiada, estava inicialmente prevista para ocorrer em Nova York entre os dias 17 e 20 de junho. Entre as discuss\u00f5es que ia ocorrer na c\u00fapula, estava o futuro da Faixa de Gaza ap\u00f3s o fim da guerra entre Israel e o Hamas, com o objetivo de preparar o reconhecimento gradual da Palestina como Estado.<\/p>\n<p class=\"postParagraph_post-paragraph-innerHtml__Q5vwc\">Entretanto, a c\u00fapula foi adiada devido \u00e0 guerra entre Israel e Ir\u00e3, iniciada m\u00eas passado que durou 12 dias. Os Estados Unidos tamb\u00e9m aplicaram press\u00e3o nos bastidores, levando o adiamento da data original, de acordo com o site <em>Walla<\/em>. Uma nova data foi marcada para o dia 28 de julho.<\/p>\n<p class=\"postParagraph_post-paragraph__juWZN\">Os principais pol\u00edticos franceses est\u00e3o tentando conter as expectativas junto a autoridades, esclarecendo que a Fran\u00e7a n\u00e3o est\u00e1 abandonando a ideia da solu\u00e7\u00e3o de dois Estados, mas que n\u00e3o pretende agir de forma unilateral sem um amplo consenso internacional.<\/p>\n<p class=\"postParagraph_post-paragraph__juWZN\">O ministro das Rela\u00e7\u00f5es Exteriores da Fran\u00e7a, Jean-No\u00ebl Barrot, afirmou nesta semana que \u201co objetivo \u00e9 tra\u00e7ar o cen\u00e1rio de Gaza no p\u00f3s-guerra e preparar o reconhecimento do Estado palestino por parte da Fran\u00e7a e de outros pa\u00edses\u201d.<\/p>\n<\/div>\n<p><br \/>\n<br \/>Fonte: <a href=\"https:\/\/www.gazetadopovo.com.br\/mundo\/macron-desiste-de-participar-da-conferencia-da-onu-sobre-o-reconhecimento-do-estado-palestino\/\">Revista Oeste<\/a><\/p>\n","protected":false},"excerpt":{"rendered":"<p>O presidente da Fran\u00e7a, Emmanuel Macron, n\u00e3o comparecer\u00e1 na pr\u00f3xima confer\u00eancia da ONU sobre o reconhecimento de um Estado palestino, de acordo com informa\u00e7\u00f5es publicadas pelo Jerusalem Post nesta ter\u00e7a-feira (15). A decis\u00e3o foi motivada pela forte oposi\u00e7\u00e3o do Reino Unido e do Canad\u00e1, que alertaram que um reconhecimento unilateral por parte da Fran\u00e7a poderia [&hellip;]<\/p>\n","protected":false},"author":5,"featured_media":20949,"comment_status":"open","ping_status":"open","sticky":false,"template":"","format":"standard","meta":{"_seopress_robots_primary_cat":"","_seopress_titles_title":"","_seopress_titles_desc":"","_seopress_robots_index":"","footnotes":""},"categories":[48],"tags":[],"class_list":["post-29524","post","type-post","status-publish","format-standard","has-post-thumbnail","hentry","category-internacional"],"_links":{"self":[{"href":"https:\/\/mussicom.com\/noticias\/wp-json\/wp\/v2\/posts\/29524","targetHints":{"allow":["GET"]}}],"collection":[{"href":"https:\/\/mussicom.com\/noticias\/wp-json\/wp\/v2\/posts"}],"about":[{"href":"https:\/\/mussicom.com\/noticias\/wp-json\/wp\/v2\/types\/post"}],"author":[{"embeddable":true,"href":"https:\/\/mussicom.com\/noticias\/wp-json\/wp\/v2\/users\/5"}],"replies":[{"embeddable":true,"href":"https:\/\/mussicom.com\/noticias\/wp-json\/wp\/v2\/comments?post=29524"}],"version-history":[{"count":0,"href":"https:\/\/mussicom.com\/noticias\/wp-json\/wp\/v2\/posts\/29524\/revisions"}],"wp:featuredmedia":[{"embeddable":true,"href":"https:\/\/mussicom.com\/noticias\/wp-json\/wp\/v2\/media\/20949"}],"wp:attachment":[{"href":"https:\/\/mussicom.com\/noticias\/wp-json\/wp\/v2\/media?parent=29524"}],"wp:term":[{"taxonomy":"category","embeddable":true,"href":"https:\/\/mussicom.com\/noticias\/wp-json\/wp\/v2\/categories?post=29524"},{"taxonomy":"post_tag","embeddable":true,"href":"https:\/\/mussicom.com\/noticias\/wp-json\/wp\/v2\/tags?post=29524"}],"curies":[{"name":"wp","href":"https:\/\/api.w.org\/{rel}","templated":true}]}}