{"id":29514,"date":"2025-07-16T01:14:42","date_gmt":"2025-07-16T04:14:42","guid":{"rendered":"https:\/\/mussicom.com\/bolsonaro-minimiza-crise-entre-tarcisio-e-eduardo-por-tarifaco\/"},"modified":"2025-07-16T01:14:42","modified_gmt":"2025-07-16T04:14:42","slug":"bolsonaro-minimiza-crise-entre-tarcisio-e-eduardo-por-tarifaco","status":"publish","type":"post","link":"https:\/\/mussicom.com\/noticias\/bolsonaro-minimiza-crise-entre-tarcisio-e-eduardo-por-tarifaco\/","title":{"rendered":"Bolsonaro minimiza crise entre Tarc\u00edsio e Eduardo por tarifa\u00e7o"},"content":{"rendered":"<p> <br \/>\n<\/p>\n<div>\n<p class=\"postParagraph_post-paragraph-innerHtml__Q5vwc\">O ex-presidente Jair Bolsonaro (PL) minimizou nesta ter\u00e7a-feira (15) o impasse entre seu filho, o deputado licenciado Eduardo Bolsonaro (PL-SP), e o governador de S\u00e3o Paulo, Tarc\u00edsio de Freitas (Republicanos), em raz\u00e3o do tarifa\u00e7o imposto pelo presidente dos Estados Unidos, Donald Trump, ao Brasil.<\/p>\n<p class=\"postParagraph_post-paragraph-innerHtml__Q5vwc\">\u201cHoje foi botada uma pedra em cima. Conversei com Eduardo e conversei com o Tarc\u00edsio. E t\u00e1 tudo pacificado. Tarc\u00edsio continua sendo meu irm\u00e3o mais novo e vamos em frente. N\u00e3o podemos dividir. O Tarc\u00edsio \u00e9 um tremendo de um gestor [\u2026] nada de cr\u00edtica para ele, se tiver, \u00e9 por telefone pessoal\u201d, disse Bolsonaro em entrevista ao <em>Poder360<\/em> nesta tarde.<\/p>\n<p class=\"postParagraph_post-paragraph__juWZN\">Sem o aval da fam\u00edlia Bolsonaro, Tarc\u00edsio se reuniu duas vezes com o encarregado de neg\u00f3cios da Embaixada dos EUA no Brasil, Gabriel Escobar, e empres\u00e1rios na tentativa de negociar uma sa\u00edda para a taxa\u00e7\u00e3o de 50% sobre os produtos brasileiros. Nas redes sociais, Eduardo classificou a articula\u00e7\u00e3o do governador como \u201csubservi\u00eancia serviu \u00e0s elites\u201d.<\/p>\n<div class=\"postViewMore_post-view-more-container___5wai\" data-mrf-recirculation=\"Post - Veja tamb\u00e9m\">\n<p class=\"gp-styles-module-size-small-afeYRa gp-styles-module-font-family2-afeYRa gp-styles-module-color-secondary-afeYRa gp-styles-module-weight-bold-afeYRa\">VEJA TAMB\u00c9M:<\/p>\n<ul class=\"postViewMore_post-view-more-list__CU_CE\">\n<li class=\"postViewMore_post-view-more-item__2MzRb\"><span class=\"postViewMore_post-view-more-link-icon___stPC\"><svg xmlns=\"http:\/\/www.w3.org\/2000\/svg\" width=\"16\" height=\"16\" viewbox=\"0 0 16 16\"><rect width=\"16\" height=\"16\" fill=\"none\"\/><g transform=\"translate(3 3)\"><path d=\"M22.5,15l3.4,3.4-3.4,3.4\" transform=\"translate(-15.896 -11.793)\" fill=\"none\" stroke=\"#717171\" stroke-linecap=\"round\" stroke-width=\"1.4\"\/><path d=\"M6,6v4.2a2.452,2.452,0,0,0,2.5,2.4H16\" transform=\"translate(-6 -6)\" fill=\"none\" stroke=\"#717171\" stroke-linecap=\"round\" stroke-width=\"1.4\"\/><\/g><\/svg><\/span><span class=\"postViewMore_post-view-more-link-text__hO_kM\">Como Trump deixou Tarc\u00edsio na corda bamba entre Bolsonaro e setor produtivo<\/span><\/li>\n<\/ul>\n<\/div>\n<p class=\"postParagraph_post-paragraph__juWZN\">\u201cPrezado governador Tarc\u00edsio de Freitas, se voc\u00ea estivesse olhando para qualquer parte da nossa ind\u00fastria ou com\u00e9rcio estaria defendendo o fim do regime de exce\u00e7\u00e3o que ir\u00e1 destruir a economia brasileira e nossas liberdades\u201d, disse.<\/p>\n<p class=\"postParagraph_post-paragraph-innerHtml__Q5vwc\">O deputado licenciado defende que a medida de Trump seja usada para for\u00e7ar o Congresso pela aprova\u00e7\u00e3o de uma anistia \u201campla, geral e irrestrita\u201d a todos os envolvidos nos atos de 8 de janeiro de 2023. A medida beneficiaria Bolsonaro, que \u00e9 r\u00e9u por suposta tentativa de golpe de Estado em 2022.<\/p>\n<p class=\"postParagraph_post-paragraph__juWZN\">\u201cO que o Trump procura \u00e9 uma paridade nas taxa\u00e7\u00f5es. N\u00f3s taxamos o que vem de l\u00e1 pra c\u00e1, em m\u00e9dia, em 60%\u201d, apontou Bolsonaro. Ele tamb\u00e9m criticou o presidente Luiz In\u00e1cio Lula da Silva (PT) por \u201cprovocar\u201d o l\u00edder americano.<\/p>\n<h2 class=\"postParagraph_post-paragraph__juWZN postParagraph_type-tag-h2__TtFkT\">\u201cSou apaixonado por Trump\u201d, diz ex-presidente<\/h2>\n<p class=\"postParagraph_post-paragraph__juWZN\">Ao contr\u00e1rio do filho, Bolsonaro negou que o fim do tarifa\u00e7o esteja condicionado \u00e0 anistia, mas disse que tem o \u201cpoder de resolver esse assunto\u201d junto a Trump. O passaporte do ex-mandat\u00e1rio foi apreendido pela Pol\u00edcia Federal em fevereiro de 2024 durante a Opera\u00e7\u00e3o Tempus Veritatis. Desde ent\u00e3o, ele est\u00e1 proibido de deixar o pa\u00eds.<\/p>\n<p class=\"postParagraph_post-paragraph-innerHtml__Q5vwc\">Na semana passada, Tarc\u00edsio teria tentado convencer o Supremo Tribunal Federal (STF) a autorizar uma viagem de Bolsonaro aos Estados Unidos para negociar diretamente com Trump uma resolu\u00e7\u00e3o para o impasse das tarifas. A atua\u00e7\u00e3o do governador foi revelada pela colunista M\u00f4nica Bergamo, no jornal Folha de S. Paulo.<\/p>\n<p class=\"postParagraph_post-paragraph-innerHtml__Q5vwc\">Durante a entrevista ao <em>Poder360<\/em>, Bolsonaro voltou a declarar sua admira\u00e7\u00e3o pelo presidente americano. \u201cO que passa na cabe\u00e7a do Trump eu n\u00e3o sei. Ele \u00e9 imprevis\u00edvel. Eu gosto dele. Eu sou apaixonado por ele. Sou apaixonado pelo povo americano, pela pol\u00edtica americana, pelo pa\u00eds que os Estados Unidos s\u00e3o. Nunca neguei isso desde o meu tempo de garoto. O Trump sempre soube disso e ele me tratava como irm\u00e3o\u201d, afirmou.<\/p>\n<h2 class=\"postParagraph_post-paragraph__juWZN postParagraph_type-tag-h2__TtFkT\">Bolsonaro \u00e9 honesto, mas \u201cn\u00e3o \u00e9 como um amigo meu\u201d, afirma Trump<\/h2>\n<p class=\"postParagraph_post-paragraph-innerHtml__Q5vwc\">Mais cedo, Trump afirmou mais cedo que Bolsonaro \u201cn\u00e3o \u00e9 como um amigo\u201d, mas voltou a criticar a investiga\u00e7\u00e3o do STF contra o ex-presidente. &#8220;O presidente Bolsonaro n\u00e3o \u00e9 um homem desonesto. Ele ama o povo do Brasil. Ele lutou muito pelo povo do Brasil. Ele negociou acordos comerciais contra mim pelo povo do Brasil e foi muito duro&#8221;, disse o republicano.<\/p>\n<p class=\"postParagraph_post-paragraph__juWZN\">&#8220;Eu acredito que \u00e9 uma ca\u00e7a \u00e0s bruxas e n\u00e3o deveria estar acontecendo. N\u00e3o \u00e9 que [\u2026] Olha, ele n\u00e3o \u00e9 como um amigo meu, ele \u00e9 algu\u00e9m que eu conhe\u00e7o. E eu o conhe\u00e7o como um representante de milh\u00f5es de pessoas. Os brasileiros s\u00e3o \u00f3timas pessoas&#8221;, acrescentou.<\/p>\n<h2 class=\"postParagraph_post-paragraph__juWZN postParagraph_type-tag-h2__TtFkT\">Bolsonaro diz que Gonet tinha \u201cboa fama\u201d, mas mudou<\/h2>\n<p class=\"postParagraph_post-paragraph-innerHtml__Q5vwc\">O ex-presidente criticou o procurador-geral da Rep\u00fablica, Paulo Gonet, por pedir sua condena\u00e7\u00e3o na a\u00e7\u00e3o penal do suposto plano de golpe. Segundo Bolsonaro, a indica\u00e7\u00e3o de Gonet por Lula o surpreendeu, pois o procurador \u00e9 \u201ccrist\u00e3o\u201d e tinha \u201cboa fama\u201d.<\/p>\n<p class=\"postParagraph_post-paragraph__juWZN\">\u201c\u00c9 uma vergonha esse processo, esse relat\u00f3rio do nosso querido Paulo Gonet. Quando o Paulo Gonet foi escolhido, l\u00e1 atr\u00e1s, n\u00e3o tinha problema nenhum e falei: \u2018Poxa, o Lula errou, porque est\u00e1 botando uma pessoa que \u00e9 crist\u00e3o, que tem boa fama\u2019. Parece que ele mudou de ideia\u201d, disse.<\/p>\n<p class=\"postParagraph_post-paragraph__juWZN\">Para o ex-mandat\u00e1rio, o 8 de janeiro foi uma \u201cbaderna que saiu do controle\u201d. Ele afirmou que o ministro Alexandre de Moraes, relator do processo, \u201csequestrou o STF\u201d e \u201cfaz o que bem entende\u201d.<\/p>\n<p class=\"postParagraph_post-paragraph__juWZN\">\u201cEu tenho que me defender do que n\u00e3o fiz. Eu tenho que provar que sou inocente e n\u00e3o eles que eu sou culpado [\u2026] Cad\u00ea o devido processo legal? Lula foi julgado na 13\u00aa Vara Federal de Curitiba. Por que eu sou no Supremo? E mesmo que fosse no Supremo seria [julgado] pelo plen\u00e1rio\u201d, criticou.<\/p>\n<\/div>\n<p><br \/>\n<br \/>Fonte: <a href=\"https:\/\/www.gazetadopovo.com.br\/republica\/bolsonaro-nega-relacao-tarifaco-anistia-minimiza-crise-entre-tarcisio-e-eduardo\/\">Revista Oeste<\/a><\/p>\n","protected":false},"excerpt":{"rendered":"<p>O ex-presidente Jair Bolsonaro (PL) minimizou nesta ter\u00e7a-feira (15) o impasse entre seu filho, o deputado licenciado Eduardo Bolsonaro (PL-SP), e o governador de S\u00e3o Paulo, Tarc\u00edsio de Freitas (Republicanos), em raz\u00e3o do tarifa\u00e7o imposto pelo presidente dos Estados Unidos, Donald Trump, ao Brasil. \u201cHoje foi botada uma pedra em cima. Conversei com Eduardo e [&hellip;]<\/p>\n","protected":false},"author":5,"featured_media":29515,"comment_status":"open","ping_status":"open","sticky":false,"template":"","format":"standard","meta":{"_seopress_robots_primary_cat":"","_seopress_titles_title":"","_seopress_titles_desc":"","_seopress_robots_index":"","footnotes":""},"categories":[1],"tags":[],"class_list":["post-29514","post","type-post","status-publish","format-standard","has-post-thumbnail","hentry","category-ultimas-noticias"],"_links":{"self":[{"href":"https:\/\/mussicom.com\/noticias\/wp-json\/wp\/v2\/posts\/29514","targetHints":{"allow":["GET"]}}],"collection":[{"href":"https:\/\/mussicom.com\/noticias\/wp-json\/wp\/v2\/posts"}],"about":[{"href":"https:\/\/mussicom.com\/noticias\/wp-json\/wp\/v2\/types\/post"}],"author":[{"embeddable":true,"href":"https:\/\/mussicom.com\/noticias\/wp-json\/wp\/v2\/users\/5"}],"replies":[{"embeddable":true,"href":"https:\/\/mussicom.com\/noticias\/wp-json\/wp\/v2\/comments?post=29514"}],"version-history":[{"count":0,"href":"https:\/\/mussicom.com\/noticias\/wp-json\/wp\/v2\/posts\/29514\/revisions"}],"wp:featuredmedia":[{"embeddable":true,"href":"https:\/\/mussicom.com\/noticias\/wp-json\/wp\/v2\/media\/29515"}],"wp:attachment":[{"href":"https:\/\/mussicom.com\/noticias\/wp-json\/wp\/v2\/media?parent=29514"}],"wp:term":[{"taxonomy":"category","embeddable":true,"href":"https:\/\/mussicom.com\/noticias\/wp-json\/wp\/v2\/categories?post=29514"},{"taxonomy":"post_tag","embeddable":true,"href":"https:\/\/mussicom.com\/noticias\/wp-json\/wp\/v2\/tags?post=29514"}],"curies":[{"name":"wp","href":"https:\/\/api.w.org\/{rel}","templated":true}]}}