{"id":29440,"date":"2025-07-15T20:15:17","date_gmt":"2025-07-15T23:15:17","guid":{"rendered":"https:\/\/mussicom.com\/santos-recebe-a-9a-edicao-da-expogaucha-a-partir-do-dia-18-2\/"},"modified":"2025-07-15T20:15:17","modified_gmt":"2025-07-15T23:15:17","slug":"santos-recebe-a-9a-edicao-da-expogaucha-a-partir-do-dia-18-2","status":"publish","type":"post","link":"https:\/\/mussicom.com\/noticias\/santos-recebe-a-9a-edicao-da-expogaucha-a-partir-do-dia-18-2\/","title":{"rendered":"Santos recebe a 9\u00aa edi\u00e7\u00e3o da ExpoGa\u00facha a partir do dia 18"},"content":{"rendered":"<p> <br \/>\n<\/p>\n<div id=\"texto\">\n<p>A maior feira ga\u00facha do Brasil est\u00e1 de volta a Santos. A ExpoGa\u00facha chega \u00e0 cidade para sua 9\u00aa edi\u00e7\u00e3o no pr\u00f3ximo dia 18, a partir das 18h, no Santos Convention Center, na Ponta da Praia. A programa\u00e7\u00e3o segue at\u00e9 o dia 27 de julho. Desta vez, a feira conta com uma atra\u00e7\u00e3o in\u00e9dita e gratuita: o Tombo de Polenta, uma tradi\u00e7\u00e3o centen\u00e1ria trazida pelos imigrantes italianos para o Sul do Brasil. A atra\u00e7\u00e3o poder\u00e1 ser conferida na \u00a0abertura do evento, na sexta-feira (18), \u00e0s 20h. No s\u00e1bado (19), a iguaria ga\u00facha estar\u00e1 dispon\u00edvel a partir das 13h30 e 21h, e retorna no domingo (20), \u00e0s 13h30.\u00a0<\/p>\n<p>Al\u00e9m do espet\u00e1culo visual e gastron\u00f4mico da polenta gigante sendo virada ao vivo, a feira re\u00fane o melhor da cultura, culin\u00e1ria, moda e artesanato t\u00edpicos da Regi\u00e3o Sul, em um ambiente festivo para toda a fam\u00edlia. O p\u00fablico poder\u00e1 degustar vinhos artesanais e exclusivos, acompanhados de queijos coloniais, queijos trufados, mozzarellas tran\u00e7adas com e sem tempero, queijos frescais, defumados, salames, e a cl\u00e1ssica costela assada no fogo de ch\u00e3o. Fora isso, o evento tamb\u00e9m trar\u00e1 a tradicional e deliciosa costela de ch\u00e3o, carro chefe da gastronomia da ExpoGa\u00facha, e cucas produzidas por descendentes alem\u00e3es h\u00e1 mais de 10 anos. Todos os produtos v\u00eam diretamente da Serra Ga\u00facha, preservando a autenticidade e os sabores da regi\u00e3o.<\/p>\n<p>Entre as atra\u00e7\u00f5es culturais, o destaque vai para o grupo italiano Gioco di Mora, com dan\u00e7as e m\u00fasicas que exaltam o povo ga\u00facho, e o grupo folcl\u00f3rico Herdeiros Farroupilha, que se apresenta com dan\u00e7as tradicionais como fandango e o xote, trazendo o ritmo e a alegria do Sul ao palco.\u00a0<\/p>\n<p>A feira tamb\u00e9m \u00e9 um convite para quem aprecia a moda tradicional ga\u00facha. Jaquetas, botas, bolsas e acess\u00f3rios de couro leg\u00edtimo estar\u00e3o \u00e0 venda durante a programa\u00e7\u00e3o.<\/p>\n<p>Os ingressos podem ser adquiridos no local do evento durante todos os dias da feira com valor promocional de R$10 (meia-entrada v\u00e1lida para todos os visitantes). Crian\u00e7as at\u00e9 10 anos n\u00e3o pagam.<\/p>\n<p><strong>Servi\u00e7o:<\/strong><\/p>\n<p>Data: 18 a 27 de julho<\/p>\n<p>Local: Santos Convention Center<\/p>\n<p>Endere\u00e7o: Pra\u00e7a Almirante Gago Coutinho, 29 \u2013 Ponta da Praia, Santos<\/p>\n<p>Entrada: R$10 (pre\u00e7o promocional, meia-entrada para todos os visitantes)<\/p>\n<p>*Crian\u00e7as at\u00e9 10 anos n\u00e3o pagam;\u00a0<\/p>\n<p>Instagram: @expogaucha_santos<\/p>\n<p><strong>Hor\u00e1rios de funcionamento<\/strong><\/p>\n<p>Dia da abertura &#8211; 18 de julho: 18h \u00e0s 23h<\/p>\n<p>21 a 25\/07: 16h \u00e0s 22h<\/p>\n<p>19 e 26\/07: 11h \u00e0s 23h<\/p>\n<p>20\/07: 11h \u00e0s 22h<\/p>\n<p>\u00daltimo dia &#8211; 27 de julho domingo: 11h \u00e0s 21h<\/p>\n<\/p><\/div>\n<p><script async defer crossorigin=\"anonymous\" src=\"https:\/\/connect.facebook.net\/pt_BR\/sdk.js#xfbml=1&#038;version=v12.0&#038;appId=&#038;autoLogAppEvents=1\" nonce=\"ou0fI1lo\"><\/script><br \/>\n<br \/><br \/>\n<br \/>Fonte: <a href=\"https:\/\/www.bs9.com.br\/variedades\/santos-recebe-a-9a-edicao-da-expogaucha-a-partir-do-dia-18\/33252\/\">BS9<\/a><\/p>\n","protected":false},"excerpt":{"rendered":"<p>A maior feira ga\u00facha do Brasil est\u00e1 de volta a Santos. A ExpoGa\u00facha chega \u00e0 cidade para sua 9\u00aa edi\u00e7\u00e3o no pr\u00f3ximo dia 18, a partir das 18h, no Santos Convention Center, na Ponta da Praia. A programa\u00e7\u00e3o segue at\u00e9 o dia 27 de julho. Desta vez, a feira conta com uma atra\u00e7\u00e3o in\u00e9dita e [&hellip;]<\/p>\n","protected":false},"author":5,"featured_media":0,"comment_status":"open","ping_status":"open","sticky":false,"template":"","format":"standard","meta":{"_seopress_robots_primary_cat":"","_seopress_titles_title":"","_seopress_titles_desc":"","_seopress_robots_index":"","footnotes":""},"categories":[52],"tags":[],"class_list":["post-29440","post","type-post","status-publish","format-standard","hentry","category-santoseregiao"],"_links":{"self":[{"href":"https:\/\/mussicom.com\/noticias\/wp-json\/wp\/v2\/posts\/29440","targetHints":{"allow":["GET"]}}],"collection":[{"href":"https:\/\/mussicom.com\/noticias\/wp-json\/wp\/v2\/posts"}],"about":[{"href":"https:\/\/mussicom.com\/noticias\/wp-json\/wp\/v2\/types\/post"}],"author":[{"embeddable":true,"href":"https:\/\/mussicom.com\/noticias\/wp-json\/wp\/v2\/users\/5"}],"replies":[{"embeddable":true,"href":"https:\/\/mussicom.com\/noticias\/wp-json\/wp\/v2\/comments?post=29440"}],"version-history":[{"count":0,"href":"https:\/\/mussicom.com\/noticias\/wp-json\/wp\/v2\/posts\/29440\/revisions"}],"wp:attachment":[{"href":"https:\/\/mussicom.com\/noticias\/wp-json\/wp\/v2\/media?parent=29440"}],"wp:term":[{"taxonomy":"category","embeddable":true,"href":"https:\/\/mussicom.com\/noticias\/wp-json\/wp\/v2\/categories?post=29440"},{"taxonomy":"post_tag","embeddable":true,"href":"https:\/\/mussicom.com\/noticias\/wp-json\/wp\/v2\/tags?post=29440"}],"curies":[{"name":"wp","href":"https:\/\/api.w.org\/{rel}","templated":true}]}}