{"id":29424,"date":"2025-07-15T19:31:52","date_gmt":"2025-07-15T22:31:52","guid":{"rendered":"https:\/\/mussicom.com\/hortitec-2025-green-place-tera-stand\/"},"modified":"2025-07-15T19:31:52","modified_gmt":"2025-07-15T22:31:52","slug":"hortitec-2025-green-place-tera-stand","status":"publish","type":"post","link":"https:\/\/mussicom.com\/noticias\/hortitec-2025-green-place-tera-stand\/","title":{"rendered":"Hortitec 2025: Green Place ter\u00e1 stand"},"content":{"rendered":"<p> <br \/>\n<\/p>\n<div>\n<p>A Hortitec \u00e9 um dos maiores e mais importantes eventos voltados para o mercado agro no Brasil. E este ano, n\u00f3s da Green Place temos a honra de participar do evento com um stand! Pela primeira vez, vamos expor nossos produtos na maior feira de horticultura do agroneg\u00f3cio.<\/p>\n<p>Este ano, o evento acontece entre os dias 25 e 27 de junho de 2025, no Parque da Expoflora, em Holambra, interior de S\u00e3o Paulo. E promete ser ainda mais grandioso que as edi\u00e7\u00f5es passadas.\u00a0<\/p>\n<p>Conhe\u00e7a um pouco mais sobre como o evento surgiu e o que esperar da nossa participa\u00e7\u00e3o na feira. Continue com a leitura at\u00e9 o final.\u00a0<\/p>\n<h2 class=\"wp-block-heading\">A Hortitec<\/h2>\n<p>Feiras com o mesmo prop\u00f3sito da Hortitec existiam fora do Brasil, mas n\u00e3o havia nada parecido no pa\u00eds.\u00a0<\/p>\n<p>Por isso, e enxergando a necessidade que os produtores agr\u00edcolas, e todas as pessoas envolvidas no mercado agro, tinham de contar com um ambiente acolhedor onde pudessem compartilhar conhecimento e tend\u00eancias, um grupo de empres\u00e1rios decidiu criar a Hortitec.<\/p>\n<p>O evento trouxe a ess\u00eancia das feiras que aconteciam no exterior para os brasileiros. Assim, os visitantes do evento no Brasil tamb\u00e9m poderiam ter a chance de ter contato com empresas expositoras. Com isso, muitos neg\u00f3cios podem ser realizados, al\u00e9m do aumento de conhecimento no setor.<\/p>\n<p>Com o passar dos tempos, a Hortitec ampliou sua \u00e1rea de atua\u00e7\u00e3o. E, atualmente, conta com expositores dos setores de horticultura e fruticultura.<\/p>\n<p>A edi\u00e7\u00e3o passada, que ocorreu em 2024, contou com a participa\u00e7\u00e3o de aproximadamente 500 empresas e mais de 30.000 visitantes. Para a Hortitec 2025, que marca a 30\u00aa edi\u00e7\u00e3o, espera-se n\u00fameros ainda mais altos.<\/p>\n<h2 class=\"wp-block-heading\">Stand Green Place e GPBio na Hortitec 2025<\/h2>\n<p>A 30\u00aa edi\u00e7\u00e3o da Hortitec \u00e9 um marco para os idealizadores do evento. E tamb\u00e9m ser\u00e1 um marco para a Green Place. Isso porque, esta \u00e9 a primeira vez que vamos participar como expositores no evento!<\/p>\n<p>J\u00e1 prestigiamos a feira em edi\u00e7\u00f5es passadas como visitantes. Mas este ano, temos a honra de poder levar nossos produtos para o maior evento de agroneg\u00f3cio do pa\u00eds. Quem passar por l\u00e1 vai poder conhecer nossa linha de produtos especiais.<\/p>\n<p>Al\u00e9m disso, quem for ao evento vai poder conhecer e ver de perto os produtos da GPBio, a nova empresa do grupo Green Place, que tem como foco total os produtos biol\u00f3gicos.\u00a0<\/p>\n<p>A GPBio \u00e9 movida pela inova\u00e7\u00e3o e pelo compromisso com a sustentabilidade. Com bioinsumos desenvolvidos com tecnologia e respeito ao equil\u00edbrio natural, oferecendo solu\u00e7\u00f5es eficazes para a lavoura sem comprometer o meio ambiente.<\/p>\n<p>Contamos com a presen\u00e7a de todos!<\/p>\n<\/p><\/div>\n<p><br \/>\n<br \/>Fonte: <a href=\"https:\/\/blog.greenplaceagro.com.br\/horticultura\/green-place-na-hortitec\/\">Revista Oeste<\/a><\/p>\n","protected":false},"excerpt":{"rendered":"<p>A Hortitec \u00e9 um dos maiores e mais importantes eventos voltados para o mercado agro no Brasil. E este ano, n\u00f3s da Green Place temos a honra de participar do evento com um stand! Pela primeira vez, vamos expor nossos produtos na maior feira de horticultura do agroneg\u00f3cio. Este ano, o evento acontece entre os [&hellip;]<\/p>\n","protected":false},"author":5,"featured_media":29425,"comment_status":"open","ping_status":"open","sticky":false,"template":"","format":"standard","meta":{"_seopress_robots_primary_cat":"","_seopress_titles_title":"","_seopress_titles_desc":"","_seopress_robots_index":"","footnotes":""},"categories":[53],"tags":[],"class_list":["post-29424","post","type-post","status-publish","format-standard","has-post-thumbnail","hentry","category-agronegocio"],"_links":{"self":[{"href":"https:\/\/mussicom.com\/noticias\/wp-json\/wp\/v2\/posts\/29424","targetHints":{"allow":["GET"]}}],"collection":[{"href":"https:\/\/mussicom.com\/noticias\/wp-json\/wp\/v2\/posts"}],"about":[{"href":"https:\/\/mussicom.com\/noticias\/wp-json\/wp\/v2\/types\/post"}],"author":[{"embeddable":true,"href":"https:\/\/mussicom.com\/noticias\/wp-json\/wp\/v2\/users\/5"}],"replies":[{"embeddable":true,"href":"https:\/\/mussicom.com\/noticias\/wp-json\/wp\/v2\/comments?post=29424"}],"version-history":[{"count":0,"href":"https:\/\/mussicom.com\/noticias\/wp-json\/wp\/v2\/posts\/29424\/revisions"}],"wp:featuredmedia":[{"embeddable":true,"href":"https:\/\/mussicom.com\/noticias\/wp-json\/wp\/v2\/media\/29425"}],"wp:attachment":[{"href":"https:\/\/mussicom.com\/noticias\/wp-json\/wp\/v2\/media?parent=29424"}],"wp:term":[{"taxonomy":"category","embeddable":true,"href":"https:\/\/mussicom.com\/noticias\/wp-json\/wp\/v2\/categories?post=29424"},{"taxonomy":"post_tag","embeddable":true,"href":"https:\/\/mussicom.com\/noticias\/wp-json\/wp\/v2\/tags?post=29424"}],"curies":[{"name":"wp","href":"https:\/\/api.w.org\/{rel}","templated":true}]}}