{"id":29307,"date":"2025-07-15T06:01:40","date_gmt":"2025-07-15T09:01:40","guid":{"rendered":"https:\/\/mussicom.com\/guaruja-recebera-torneio-sul-americano-de-patinacao-artistica-em-agosto\/"},"modified":"2025-07-15T06:01:40","modified_gmt":"2025-07-15T09:01:40","slug":"guaruja-recebera-torneio-sul-americano-de-patinacao-artistica-em-agosto","status":"publish","type":"post","link":"https:\/\/mussicom.com\/noticias\/guaruja-recebera-torneio-sul-americano-de-patinacao-artistica-em-agosto\/","title":{"rendered":"Guaruj\u00e1 receber\u00e1 Torneio Sul-Americano de Patina\u00e7\u00e3o Art\u00edstica em agosto"},"content":{"rendered":"<p> <br \/>\n<\/p>\n<div id=\"texto\">\n<p>Guaruj\u00e1 ser\u00e1 palco do Torneio Sul-Americano de Patina\u00e7\u00e3o Art\u00edstica e est\u00e1 trazendo um time de peso. Isso porque 17 atletas da Escola Patine, que foram campe\u00e3s mundiais, ir\u00e3o competir com patinadoras de todo o Brasil e tamb\u00e9m do Chile. O evento acontece no dia 23 de agosto, no Sest Senat (Avenida Vereador Lydio Martins Corr\u00eaa, 1600 &#8211; Vila Zilda), com apoio da Prefeitura, por meio da Secretaria Municipal de Esporte e Lazer (Sel).<\/p>\n<p>O torneio promete movimentar o turismo local e destacar, mais uma vez, o potencial dos atletas formados pela escola. Al\u00e9m disso, os atletas j\u00e1 iniciaram a prepara\u00e7\u00e3o para mais uma disputa fora do pa\u00eds: o Campeonato Internacional na Argentina, marcado para outubro, refor\u00e7ando o compromisso da equipe com a excel\u00eancia e o desenvolvimento esportivo de alto n\u00edvel.<\/p>\n<p><strong>Open Mundial<\/strong><\/p>\n<p>Entre os dias 17 e 22 de junho, 17 atletas de Guaruj\u00e1 participaram da disputa do Open Mundial de Patina\u00e7\u00e3o, realizado na cidade de Cap\u00e3o da Canoa, no Rio Grande do Sul, com cerca de 1.600 atletas do mundo todo. Os guarujaenses foram campe\u00f5es na categoria &#8216;mini grupo&#8217;, com a coreografia &#8220;Alices&#8221;, al\u00e9m de conquistarem v\u00e1rias medalhas em apresenta\u00e7\u00f5es nas categorias &#8216;livre&#8217; e &#8216;solo&#8217;.<\/p>\n<\/p><\/div>\n<p><script async defer crossorigin=\"anonymous\" src=\"https:\/\/connect.facebook.net\/pt_BR\/sdk.js#xfbml=1&#038;version=v12.0&#038;appId=&#038;autoLogAppEvents=1\" nonce=\"ou0fI1lo\"><\/script><br \/>\n<br \/><br \/>\n<br \/>Fonte: <a href=\"https:\/\/www.bs9.com.br\/esportes\/guaruja-recebera-torneio-sul-americano-de-patinacao-artistica-em\/33216\/\">BS9<\/a><\/p>\n","protected":false},"excerpt":{"rendered":"<p>Guaruj\u00e1 ser\u00e1 palco do Torneio Sul-Americano de Patina\u00e7\u00e3o Art\u00edstica e est\u00e1 trazendo um time de peso. Isso porque 17 atletas da Escola Patine, que foram campe\u00e3s mundiais, ir\u00e3o competir com patinadoras de todo o Brasil e tamb\u00e9m do Chile. O evento acontece no dia 23 de agosto, no Sest Senat (Avenida Vereador Lydio Martins Corr\u00eaa, [&hellip;]<\/p>\n","protected":false},"author":5,"featured_media":29308,"comment_status":"open","ping_status":"open","sticky":false,"template":"","format":"standard","meta":{"_seopress_robots_primary_cat":"","_seopress_titles_title":"","_seopress_titles_desc":"","_seopress_robots_index":"","footnotes":""},"categories":[52],"tags":[],"class_list":["post-29307","post","type-post","status-publish","format-standard","has-post-thumbnail","hentry","category-santoseregiao"],"_links":{"self":[{"href":"https:\/\/mussicom.com\/noticias\/wp-json\/wp\/v2\/posts\/29307","targetHints":{"allow":["GET"]}}],"collection":[{"href":"https:\/\/mussicom.com\/noticias\/wp-json\/wp\/v2\/posts"}],"about":[{"href":"https:\/\/mussicom.com\/noticias\/wp-json\/wp\/v2\/types\/post"}],"author":[{"embeddable":true,"href":"https:\/\/mussicom.com\/noticias\/wp-json\/wp\/v2\/users\/5"}],"replies":[{"embeddable":true,"href":"https:\/\/mussicom.com\/noticias\/wp-json\/wp\/v2\/comments?post=29307"}],"version-history":[{"count":0,"href":"https:\/\/mussicom.com\/noticias\/wp-json\/wp\/v2\/posts\/29307\/revisions"}],"wp:featuredmedia":[{"embeddable":true,"href":"https:\/\/mussicom.com\/noticias\/wp-json\/wp\/v2\/media\/29308"}],"wp:attachment":[{"href":"https:\/\/mussicom.com\/noticias\/wp-json\/wp\/v2\/media?parent=29307"}],"wp:term":[{"taxonomy":"category","embeddable":true,"href":"https:\/\/mussicom.com\/noticias\/wp-json\/wp\/v2\/categories?post=29307"},{"taxonomy":"post_tag","embeddable":true,"href":"https:\/\/mussicom.com\/noticias\/wp-json\/wp\/v2\/tags?post=29307"}],"curies":[{"name":"wp","href":"https:\/\/api.w.org\/{rel}","templated":true}]}}