{"id":29245,"date":"2025-07-14T12:41:19","date_gmt":"2025-07-14T15:41:19","guid":{"rendered":"https:\/\/mussicom.com\/muralha-paulista-procurado-e-preso-no-centro-de-sao-paulo-com-dolares-e-euros\/"},"modified":"2025-07-14T12:41:19","modified_gmt":"2025-07-14T15:41:19","slug":"muralha-paulista-procurado-e-preso-no-centro-de-sao-paulo-com-dolares-e-euros","status":"publish","type":"post","link":"https:\/\/mussicom.com\/noticias\/muralha-paulista-procurado-e-preso-no-centro-de-sao-paulo-com-dolares-e-euros\/","title":{"rendered":"Muralha Paulista: procurado \u00e9 preso no centro de S\u00e3o Paulo com d\u00f3lares e euros"},"content":{"rendered":"<p> <br \/>\n<\/p>\n<p>\n\t\t\t\t\t\tO sistema informou as equipes da \u00e1rea sobre a presen\u00e7a do homem que possu\u00eda um mandado de pris\u00e3o em aberto pelo crime de furto<br \/>\n\t\t\t\t\t\t &#8211; \t\t\t\t\t\tDivulga\u00e7\u00e3o\n\t\t\t\t\t<\/p>\n<div id=\"texto\">\n<p>A Pol\u00edcia Militar prendeu no s\u00e1bado (12) um homem que estava foragido da Justi\u00e7a. Ele foi abordado ap\u00f3s ter sido identificado pelo sistema Muralha Paulista, enquanto caminhava pela rua Santa Efig\u00eania, na regi\u00e3o central de S\u00e3o Paulo.\u00a0<\/p>\n<p>\u00a0<\/p>\n<p>O sistema informou as equipes da \u00e1rea sobre a presen\u00e7a do homem que possu\u00eda um mandado de pris\u00e3o em aberto pelo crime de furto. Logo ap\u00f3s, ele foi localizado e abordado pelos policiais.\u00a0<\/p>\n<p>\u00a0<\/p>\n<p>Com ele, havia grande quantidade de moedas estrageiras. Segundo a Pol\u00edcia Militar, o suspeito carregava cerca de 3,4 mil d\u00f3lares e 1,6 mil euros, al\u00e9m de R$ 2,5 mil em esp\u00e9cie.<\/p>\n<p>\u00a0<\/p>\n<p>O procurado, de origem estrangeira, n\u00e3o soube explicar a proced\u00eancia do dinheiro. Ele foi encaminhado \u00e0 sede da Delegacia da Pol\u00edcia Federal, onde a ocorr\u00eancia foi registrada.<\/p>\n<p>\u00a0<\/p>\n<p>Assessoria de Imprensa e Comunica\u00e7\u00e3o da Secretaria da Seguran\u00e7a P\u00fablica<\/p>\n<\/p><\/div>\n<p><script async defer crossorigin=\"anonymous\" src=\"https:\/\/connect.facebook.net\/pt_BR\/sdk.js#xfbml=1&#038;version=v12.0&#038;appId=&#038;autoLogAppEvents=1\" nonce=\"ou0fI1lo\"><\/script><br \/>\n<br \/><br \/>\n<br \/>Fonte: <a href=\"https:\/\/www.bs9.com.br\/brasil\/muralha-paulista-procurado-e-preso-no-centro-de-sao-paulo-com-dolares\/33211\/\">BS9<\/a><\/p>\n","protected":false},"excerpt":{"rendered":"<p>O sistema informou as equipes da \u00e1rea sobre a presen\u00e7a do homem que possu\u00eda um mandado de pris\u00e3o em aberto pelo crime de furto &#8211; Divulga\u00e7\u00e3o A Pol\u00edcia Militar prendeu no s\u00e1bado (12) um homem que estava foragido da Justi\u00e7a. Ele foi abordado ap\u00f3s ter sido identificado pelo sistema Muralha Paulista, enquanto caminhava pela rua [&hellip;]<\/p>\n","protected":false},"author":5,"featured_media":29246,"comment_status":"open","ping_status":"open","sticky":false,"template":"","format":"standard","meta":{"_seopress_robots_primary_cat":"","_seopress_titles_title":"","_seopress_titles_desc":"","_seopress_robots_index":"","footnotes":""},"categories":[52],"tags":[],"class_list":["post-29245","post","type-post","status-publish","format-standard","has-post-thumbnail","hentry","category-santoseregiao"],"_links":{"self":[{"href":"https:\/\/mussicom.com\/noticias\/wp-json\/wp\/v2\/posts\/29245","targetHints":{"allow":["GET"]}}],"collection":[{"href":"https:\/\/mussicom.com\/noticias\/wp-json\/wp\/v2\/posts"}],"about":[{"href":"https:\/\/mussicom.com\/noticias\/wp-json\/wp\/v2\/types\/post"}],"author":[{"embeddable":true,"href":"https:\/\/mussicom.com\/noticias\/wp-json\/wp\/v2\/users\/5"}],"replies":[{"embeddable":true,"href":"https:\/\/mussicom.com\/noticias\/wp-json\/wp\/v2\/comments?post=29245"}],"version-history":[{"count":0,"href":"https:\/\/mussicom.com\/noticias\/wp-json\/wp\/v2\/posts\/29245\/revisions"}],"wp:featuredmedia":[{"embeddable":true,"href":"https:\/\/mussicom.com\/noticias\/wp-json\/wp\/v2\/media\/29246"}],"wp:attachment":[{"href":"https:\/\/mussicom.com\/noticias\/wp-json\/wp\/v2\/media?parent=29245"}],"wp:term":[{"taxonomy":"category","embeddable":true,"href":"https:\/\/mussicom.com\/noticias\/wp-json\/wp\/v2\/categories?post=29245"},{"taxonomy":"post_tag","embeddable":true,"href":"https:\/\/mussicom.com\/noticias\/wp-json\/wp\/v2\/tags?post=29245"}],"curies":[{"name":"wp","href":"https:\/\/api.w.org\/{rel}","templated":true}]}}