{"id":29204,"date":"2025-07-13T14:13:24","date_gmt":"2025-07-13T17:13:24","guid":{"rendered":"https:\/\/mussicom.com\/brasil-derrota-japao-e-mostra-forca-na-liga-das-nacoes-de-volei\/"},"modified":"2025-07-13T14:13:24","modified_gmt":"2025-07-13T17:13:24","slug":"brasil-derrota-japao-e-mostra-forca-na-liga-das-nacoes-de-volei","status":"publish","type":"post","link":"https:\/\/mussicom.com\/noticias\/brasil-derrota-japao-e-mostra-forca-na-liga-das-nacoes-de-volei\/","title":{"rendered":"Brasil derrota Jap\u00e3o e mostra for\u00e7a na Liga das Na\u00e7\u00f5es de V\u00f4lei"},"content":{"rendered":"<p> <br \/>\n<\/p>\n<div>\n<p>A sele\u00e7\u00e3o brasileira feminina deu mais uma prova de que \u00e9 umas das favoritas a conquistar o t\u00edtulo da Liga das Na\u00e7\u00f5es de V\u00f4lei (VNL), pois derrotou o Jap\u00e3o por 3 sets a 0 (parciais de 25\/17, 25\/18 e 25\/20), na manh\u00e3 deste domingo (13) em Chiba (Jap\u00e3o). O Brasil, que j\u00e1 entrou em quadra classificado\u00a0\u00e0 fase final da competi\u00e7\u00e3o, garante com este resultado o segundo lugar na fase classificat\u00f3ria.<img decoding=\"async\" src=\"https:\/\/agenciabrasil.ebc.com.br\/ebc.gif?id=1650709&amp;o=node\" style=\"width:1px; height:1px; display:inline;\"\/><\/p>\n<blockquote class=\"twitter-tweet\">\n<p dir=\"ltr\" lang=\"pt\" xml:lang=\"pt\">Que vit\u00f3ria! \ud83d\udc4f\ud83d\udc4f\ud83d\udc4f<\/p>\n<p>A sele\u00e7\u00e3o feminina encerrou a fase classificat\u00f3ria com uma grande atua\u00e7\u00e3o e resultado positivo por 3 sets a 0 contra o Jap\u00e3o, em Chiba.<\/p>\n<p>O resultado garantiu o segundo lugar geral para as brasileiras na fase classificat\u00f3ria. \u2705 <a href=\"https:\/\/t.co\/8hYMh0GkTL\">pic.twitter.com\/8hYMh0GkTL<\/a><\/p>\n<p>\u2014 V\u00f4lei Brasil (@volei) <a href=\"https:\/\/twitter.com\/volei\/status\/1944361050893066417?ref_src=twsrc%5Etfw\">July 13, 2025<\/a><\/p><\/blockquote>\n<p>O maior destaque da sele\u00e7\u00e3o verde amarela na partida, a ponteira Julia Bergmann, que somou 15 pontos (14 de ataque e um de bloqueio), destacou, ap\u00f3s a partida, a boa apresenta\u00e7\u00e3o diante das japonesas: \u201cFoi um jogo importante, que mostrou todo o trabalho que fizemos nessa VNL. Terminamos com a chave de ouro, pois vencer o Jap\u00e3o por 3 sets a 0 n\u00e3o \u00e9 f\u00e1cil. Mas acho que o time todo jogou bem. Todas estavam focadas o tempo todo, defendendo, bloqueando, atacando. Ent\u00e3o \u00e9 um resultado muito positivo. Agora \u00e9 comemorar um pouquinho e se preparar para a fase final\u201d.<\/p>\n<p>As oito melhores sele\u00e7\u00f5es ao t\u00e9rmino da primeira fase (12 rodadas) avan\u00e7am \u00e0s quartas de final da VNL, que ser\u00e3o disputadas na Pol\u00f4nia entre os dias 23 e 27 de julho. O Brasil busca o t\u00edtulo in\u00e9dito da competi\u00e7\u00e3o.<\/p>\n<p>      <!-- Relacionada --><\/p>\n<p>            <!-- Relacionada -->\n    <\/div>\n<p><script async src=\"\/\/platform.twitter.com\/widgets.js\" charset=\"utf-8\"><\/script><br \/>\n<br \/><br \/>\n<br \/>Fonte: <a href=\"https:\/\/agenciabrasil.ebc.com.br\/esportes\/noticia\/2025-07\/brasil-derrota-japao-e-mostra-forca-na-liga-das-nacoes-de-volei\">Ag\u00eancia Brasil<\/a><\/p>\n","protected":false},"excerpt":{"rendered":"<p>A sele\u00e7\u00e3o brasileira feminina deu mais uma prova de que \u00e9 umas das favoritas a conquistar o t\u00edtulo da Liga das Na\u00e7\u00f5es de V\u00f4lei (VNL), pois derrotou o Jap\u00e3o por 3 sets a 0 (parciais de 25\/17, 25\/18 e 25\/20), na manh\u00e3 deste domingo (13) em Chiba (Jap\u00e3o). O Brasil, que j\u00e1 entrou em quadra [&hellip;]<\/p>\n","protected":false},"author":5,"featured_media":29205,"comment_status":"open","ping_status":"open","sticky":false,"template":"","format":"standard","meta":{"_seopress_robots_primary_cat":"","_seopress_titles_title":"","_seopress_titles_desc":"","_seopress_robots_index":"","footnotes":""},"categories":[40],"tags":[],"class_list":["post-29204","post","type-post","status-publish","format-standard","has-post-thumbnail","hentry","category-esportes"],"_links":{"self":[{"href":"https:\/\/mussicom.com\/noticias\/wp-json\/wp\/v2\/posts\/29204","targetHints":{"allow":["GET"]}}],"collection":[{"href":"https:\/\/mussicom.com\/noticias\/wp-json\/wp\/v2\/posts"}],"about":[{"href":"https:\/\/mussicom.com\/noticias\/wp-json\/wp\/v2\/types\/post"}],"author":[{"embeddable":true,"href":"https:\/\/mussicom.com\/noticias\/wp-json\/wp\/v2\/users\/5"}],"replies":[{"embeddable":true,"href":"https:\/\/mussicom.com\/noticias\/wp-json\/wp\/v2\/comments?post=29204"}],"version-history":[{"count":0,"href":"https:\/\/mussicom.com\/noticias\/wp-json\/wp\/v2\/posts\/29204\/revisions"}],"wp:featuredmedia":[{"embeddable":true,"href":"https:\/\/mussicom.com\/noticias\/wp-json\/wp\/v2\/media\/29205"}],"wp:attachment":[{"href":"https:\/\/mussicom.com\/noticias\/wp-json\/wp\/v2\/media?parent=29204"}],"wp:term":[{"taxonomy":"category","embeddable":true,"href":"https:\/\/mussicom.com\/noticias\/wp-json\/wp\/v2\/categories?post=29204"},{"taxonomy":"post_tag","embeddable":true,"href":"https:\/\/mussicom.com\/noticias\/wp-json\/wp\/v2\/tags?post=29204"}],"curies":[{"name":"wp","href":"https:\/\/api.w.org\/{rel}","templated":true}]}}