{"id":29114,"date":"2025-07-11T20:48:37","date_gmt":"2025-07-11T23:48:37","guid":{"rendered":"https:\/\/mussicom.com\/pessoas-com-deficiencia-terao-cotas-no-ensino-tecnico-e-superior-de-sp\/"},"modified":"2025-07-11T20:48:37","modified_gmt":"2025-07-11T23:48:37","slug":"pessoas-com-deficiencia-terao-cotas-no-ensino-tecnico-e-superior-de-sp","status":"publish","type":"post","link":"https:\/\/mussicom.com\/noticias\/pessoas-com-deficiencia-terao-cotas-no-ensino-tecnico-e-superior-de-sp\/","title":{"rendered":"Pessoas com defici\u00eancia ter\u00e3o cotas no ensino t\u00e9cnico e superior de SP"},"content":{"rendered":"<p> <br \/>\n<\/p>\n<div>\n<p>Os cursos t\u00e9cnicos e as universidades estaduais de S\u00e3o Paulo ter\u00e3o de reservar vagas para pessoas com defici\u00eancia, como prev\u00ea a Lei 18.167\/2025. Promulgada pelo governador Tarc\u00edsio de Freitas, a lei foi publicada na quinta-feira (10) no <em>Di\u00e1rio Oficial do Estado<\/em>.<img decoding=\"async\" src=\"https:\/\/agenciabrasil.ebc.com.br\/ebc.gif?id=1650634&amp;o=node\" style=\"width:1px; height:1px; display:inline;\"\/><\/p>\n<p>Segundo o texto, em cada uma das institui\u00e7\u00f5es, <strong>a reserva de vagas para estudantes\u00a0com\u00a0defici\u00eancia deve ser\u00a0em quantidade igual a no m\u00ednimo o percentual de pessoas nessas condi\u00e7\u00f5es no estado<\/strong>, segundo o \u00faltimo Censo do\u00a0Instituto Brasileiro de Geografia e Estat\u00edstica (IBGE).<\/p>\n<p>O projeto que originou a lei \u00e9 de autoria das\u00a0deputadas Andr\u00e9a Werner (PSB) e Clarice Ganem (Podemos).<\/p>\n<p>Segundo o \u00faltimo Censo do IBGE, a propor\u00e7\u00e3o\u00a0de pessoas com\u00a0defici\u00eancia com mais de 2 anos de idade na popula\u00e7\u00e3o \u00e9 de 8,9% no Brasil e 7,9% no estado de S\u00e3o Paulo.<\/p>\n<p>O percentual cai para 3,3% na faixa et\u00e1ria de 10 a 19 anos;\u00a03,5% na de 20 a 29 anos; e 4,3% na de\u00a030 e 39 anos. S\u00f3 h\u00e1 aumento significativo na popula\u00e7\u00e3o acima de 50 anos, em que as pessoas com defici\u00eancia representam mais de 12% em todos os extratos. O texto n\u00e3o especifica se o crit\u00e9rio de idade ser\u00e1 usado.<\/p>\n<p>Os dados educacionais das pessoas com\u00a0defici\u00eancia\u00a0s\u00e3o piores do que os da popula\u00e7\u00e3o sem defici\u00eancia. A taxa de analfabetismo de pessoas com defici\u00eancia no pa\u00eds, por exemplo, chegava a 21,3% em 2022, para as pessoas com 15 anos ou mais, segundo dados do Censo. O \u00edndice \u00e9 quatro vezes maior do que o observado entre a popula\u00e7\u00e3o de 15 anos ou mais sem defici\u00eancia (5,2%).<\/p>\n<p><strong>As institui\u00e7\u00f5es\u00a0de educa\u00e7\u00e3o superior e de ensino t\u00e9cnico de n\u00edvel m\u00e9dio ter\u00e3o prazo m\u00e1ximo de dois anos\u00a0para o cumprimento integral do disposto na lei.<\/strong><\/p>\n<p>      <!-- Relacionada --><\/p>\n<p>            <!-- Relacionada -->\n    <\/div>\n<p><br \/>\n<br \/>Fonte: <a href=\"https:\/\/agenciabrasil.ebc.com.br\/educacao\/noticia\/2025-07\/pessoas-com-deficiencia-terao-cotas-no-ensino-tecnico-e-superior-de-sp\">Ag\u00eancia Brasil<\/a><\/p>\n","protected":false},"excerpt":{"rendered":"<p>Os cursos t\u00e9cnicos e as universidades estaduais de S\u00e3o Paulo ter\u00e3o de reservar vagas para pessoas com defici\u00eancia, como prev\u00ea a Lei 18.167\/2025. Promulgada pelo governador Tarc\u00edsio de Freitas, a lei foi publicada na quinta-feira (10) no Di\u00e1rio Oficial do Estado. Segundo o texto, em cada uma das institui\u00e7\u00f5es, a reserva de vagas para estudantes\u00a0com\u00a0defici\u00eancia [&hellip;]<\/p>\n","protected":false},"author":5,"featured_media":29115,"comment_status":"open","ping_status":"open","sticky":false,"template":"","format":"standard","meta":{"_seopress_robots_primary_cat":"","_seopress_titles_title":"","_seopress_titles_desc":"","_seopress_robots_index":"","footnotes":""},"categories":[44],"tags":[],"class_list":["post-29114","post","type-post","status-publish","format-standard","has-post-thumbnail","hentry","category-educacao"],"_links":{"self":[{"href":"https:\/\/mussicom.com\/noticias\/wp-json\/wp\/v2\/posts\/29114","targetHints":{"allow":["GET"]}}],"collection":[{"href":"https:\/\/mussicom.com\/noticias\/wp-json\/wp\/v2\/posts"}],"about":[{"href":"https:\/\/mussicom.com\/noticias\/wp-json\/wp\/v2\/types\/post"}],"author":[{"embeddable":true,"href":"https:\/\/mussicom.com\/noticias\/wp-json\/wp\/v2\/users\/5"}],"replies":[{"embeddable":true,"href":"https:\/\/mussicom.com\/noticias\/wp-json\/wp\/v2\/comments?post=29114"}],"version-history":[{"count":0,"href":"https:\/\/mussicom.com\/noticias\/wp-json\/wp\/v2\/posts\/29114\/revisions"}],"wp:featuredmedia":[{"embeddable":true,"href":"https:\/\/mussicom.com\/noticias\/wp-json\/wp\/v2\/media\/29115"}],"wp:attachment":[{"href":"https:\/\/mussicom.com\/noticias\/wp-json\/wp\/v2\/media?parent=29114"}],"wp:term":[{"taxonomy":"category","embeddable":true,"href":"https:\/\/mussicom.com\/noticias\/wp-json\/wp\/v2\/categories?post=29114"},{"taxonomy":"post_tag","embeddable":true,"href":"https:\/\/mussicom.com\/noticias\/wp-json\/wp\/v2\/tags?post=29114"}],"curies":[{"name":"wp","href":"https:\/\/api.w.org\/{rel}","templated":true}]}}