{"id":29068,"date":"2025-07-11T06:17:28","date_gmt":"2025-07-11T09:17:28","guid":{"rendered":"https:\/\/mussicom.com\/trampolim-integra-qualificacao-e-vagas-para-impulsionar-empregabilidade-em-sp-diz-secretario\/"},"modified":"2025-07-11T06:17:28","modified_gmt":"2025-07-11T09:17:28","slug":"trampolim-integra-qualificacao-e-vagas-para-impulsionar-empregabilidade-em-sp-diz-secretario","status":"publish","type":"post","link":"https:\/\/mussicom.com\/noticias\/trampolim-integra-qualificacao-e-vagas-para-impulsionar-empregabilidade-em-sp-diz-secretario\/","title":{"rendered":"&#8216;Trampolim integra qualifica\u00e7\u00e3o e vagas para impulsionar empregabilidade em SP&#8217;, diz secret\u00e1rio"},"content":{"rendered":"<p> <br \/>\n<\/p>\n<div id=\"texto\">\n<p>O Governo de S\u00e3o Paulo lan\u00e7ou um programa para facilitar o caminho de quem procura vagas de emprego. A plataforma digital Trampolim re\u00fane vagas de emprego, cursos de qualifica\u00e7\u00e3o, ferramentas de orienta\u00e7\u00e3o de carreira e muito mais. Com isso, ela serve tanto para o cidad\u00e3o que procura emprego quanto para a empresa que busca novos profissionais.<\/p>\n<p>\u00a0<\/p>\n<p>\u201cO Trampolim \u00e9 um site que congrega todos os servi\u00e7os de qualifica\u00e7\u00e3o e empregabilidade que existem no mercado\u201d, explicou o secret\u00e1rio de Desenvolvimento Econ\u00f4mico, Jorge Lima, durante entrevista ao programa SP em 3, 2, 1, da Ag\u00eancia SP. \u201cEle \u00e9 uma matriz que sinergiza tr\u00eas grandes pilares: a qualifica\u00e7\u00e3o, as pessoas que t\u00eam interesse e as empresas para sugerir vagas.\u201d<\/p>\n<p>\u00a0<\/p>\n<p>Segundo o secret\u00e1rio, a plataforma busca reunir de forma integrada o que hoje est\u00e1 disperso. Lima refor\u00e7ou que o objetivo da iniciativa n\u00e3o \u00e9 apenas formar, mas gerar resultados concretos. \u201cQualificar n\u00e3o \u00e9 um resultado que eu gosto de medir. Tem que qualificar, mas tem que empregar. Voc\u00ea n\u00e3o pode estar qualificando 1 milh\u00e3o de pessoas e empregando 10\u201d, destacou. \u201cQueremos qualificar e fazer a empregabilidade via vaga das empresas.\u201d<\/p>\n<p>\u00a0<\/p>\n<p>Oportunidade para pessoas<\/p>\n<p>\u00a0<\/p>\n<p>O programa Trampolim \u00e9 conduzido pela Secretaria de Desenvolvimento Econ\u00f4mico (SDE) e conecta empregados e empregadores por meio de um site. O cidad\u00e3o que procura um emprego encontra as melhores oportunidades, inclusive com base na sua localiza\u00e7\u00e3o.<\/p>\n<p>\u00a0<\/p>\n<p>Al\u00e9m disso, o Trampolim tamb\u00e9m apresenta cursos de qualifica\u00e7\u00e3o profissional do QualificaSP e de institui\u00e7\u00f5es parceiras. L\u00e1, tamb\u00e9m \u00e9 poss\u00edvel encontrar servi\u00e7os de orienta\u00e7\u00e3o de carreira, elabora\u00e7\u00e3o de curr\u00edculos, prepara\u00e7\u00e3o para entrevistas, entre outros.<\/p>\n<p>\u00a0<\/p>\n<p>Oportunidade para empresas<\/p>\n<p>\u00a0<\/p>\n<p>As empresas tamb\u00e9m encontram no Trampolim uma s\u00e9rie de benef\u00edcios. Elas podem cadastrar gratuitamente suas vagas, definir os perfis desejados e ter acesso a uma base de profissionais qualificados e em desenvolvimento.<\/p>\n<p>\u00a0<\/p>\n<p>Al\u00e9m disso, a plataforma pode ser acessada por institui\u00e7\u00f5es de ensino, centros de qualifica\u00e7\u00e3o, associa\u00e7\u00f5es setoriais e organiza\u00e7\u00f5es sociais. Essa rede parceira alimenta continuamente a plataforma com novos cursos, capacita\u00e7\u00f5es e talentos prontos para atuar no mercado.<\/p>\n<p>\u00a0<\/p>\n<p>Por que sua empresa deve participar?<\/p>\n<p>\u00a0<\/p>\n<p>Ao integrar o Trampolim, as empresas contam com uma s\u00e9rie de benef\u00edcios estrat\u00e9gicos:<\/p>\n<p>\u00a0<\/p>\n<p>Qualifica\u00e7\u00e3o sob medida: ofere\u00e7a cursos e trilhas formativas alinhadas \u00e0s necessidades do seu setor, garantindo m\u00e3o de obra preparada.<br \/>&#13;<br \/>\nAcesso a talentos diversos: conecte-se com profissionais de diferentes perfis, regi\u00f5es e n\u00edveis de qualifica\u00e7\u00e3o.<br \/>&#13;<br \/>\nRedu\u00e7\u00e3o de custos e tempo: encontre candidatos qualificados de forma r\u00e1pida e eficiente.<br \/>&#13;<br \/>\nFortalecimento da marca empregadora: associe sua empresa a um projeto inovador e de grande visibilidade.<br \/>&#13;<br \/>\nDados estrat\u00e9gicos: tenha informa\u00e7\u00f5es sobre tend\u00eancias do mercado para planejar, contratar e crescer\u00a0<\/p>\n<p>\u00a0<\/p>\n<p><strong>Inclus\u00e3o produtiva em S\u00e3o Paulo<\/strong><\/p>\n<p>O programa Trampolim surge como uma solu\u00e7\u00e3o digital inovadora, que fortalece o ecossistema de empregabilidade e atende as demandas de mercado, fazendo a conex\u00e3o com os demais programas do Governo do Estado, como o Qualifica SP, o SuperA\u00e7\u00e3o SP e o Caminhos da Capacita\u00e7\u00e3o. Com isso, as pol\u00edticas p\u00fablicas formam indiv\u00edduos mais qualificados e preparados para ingressar no mercado de trabalho em melhores condi\u00e7\u00f5es.<\/p>\n<\/p><\/div>\n<p><script async defer crossorigin=\"anonymous\" src=\"https:\/\/connect.facebook.net\/pt_BR\/sdk.js#xfbml=1&#038;version=v12.0&#038;appId=&#038;autoLogAppEvents=1\" nonce=\"ou0fI1lo\"><\/script><br \/>\n<br \/><br \/>\n<br \/>Fonte: <a href=\"https:\/\/www.bs9.com.br\/estado\/trampolim-integra-qualificacao-e-vagas-para-impulsionar\/33147\/\">BS9<\/a><\/p>\n","protected":false},"excerpt":{"rendered":"<p>O Governo de S\u00e3o Paulo lan\u00e7ou um programa para facilitar o caminho de quem procura vagas de emprego. A plataforma digital Trampolim re\u00fane vagas de emprego, cursos de qualifica\u00e7\u00e3o, ferramentas de orienta\u00e7\u00e3o de carreira e muito mais. Com isso, ela serve tanto para o cidad\u00e3o que procura emprego quanto para a empresa que busca novos [&hellip;]<\/p>\n","protected":false},"author":5,"featured_media":29069,"comment_status":"open","ping_status":"open","sticky":false,"template":"","format":"standard","meta":{"_seopress_robots_primary_cat":"","_seopress_titles_title":"","_seopress_titles_desc":"","_seopress_robots_index":"","footnotes":""},"categories":[52],"tags":[],"class_list":["post-29068","post","type-post","status-publish","format-standard","has-post-thumbnail","hentry","category-santoseregiao"],"_links":{"self":[{"href":"https:\/\/mussicom.com\/noticias\/wp-json\/wp\/v2\/posts\/29068","targetHints":{"allow":["GET"]}}],"collection":[{"href":"https:\/\/mussicom.com\/noticias\/wp-json\/wp\/v2\/posts"}],"about":[{"href":"https:\/\/mussicom.com\/noticias\/wp-json\/wp\/v2\/types\/post"}],"author":[{"embeddable":true,"href":"https:\/\/mussicom.com\/noticias\/wp-json\/wp\/v2\/users\/5"}],"replies":[{"embeddable":true,"href":"https:\/\/mussicom.com\/noticias\/wp-json\/wp\/v2\/comments?post=29068"}],"version-history":[{"count":0,"href":"https:\/\/mussicom.com\/noticias\/wp-json\/wp\/v2\/posts\/29068\/revisions"}],"wp:featuredmedia":[{"embeddable":true,"href":"https:\/\/mussicom.com\/noticias\/wp-json\/wp\/v2\/media\/29069"}],"wp:attachment":[{"href":"https:\/\/mussicom.com\/noticias\/wp-json\/wp\/v2\/media?parent=29068"}],"wp:term":[{"taxonomy":"category","embeddable":true,"href":"https:\/\/mussicom.com\/noticias\/wp-json\/wp\/v2\/categories?post=29068"},{"taxonomy":"post_tag","embeddable":true,"href":"https:\/\/mussicom.com\/noticias\/wp-json\/wp\/v2\/tags?post=29068"}],"curies":[{"name":"wp","href":"https:\/\/api.w.org\/{rel}","templated":true}]}}