{"id":29027,"date":"2025-07-10T20:27:08","date_gmt":"2025-07-10T23:27:08","guid":{"rendered":"https:\/\/mussicom.com\/inscricoes-para-residencia-medica-vao-ate-18-de-julho\/"},"modified":"2025-07-10T20:27:08","modified_gmt":"2025-07-10T23:27:08","slug":"inscricoes-para-residencia-medica-vao-ate-18-de-julho","status":"publish","type":"post","link":"https:\/\/mussicom.com\/noticias\/inscricoes-para-residencia-medica-vao-ate-18-de-julho\/","title":{"rendered":"Inscri\u00e7\u00f5es para Resid\u00eancia M\u00e9dica v\u00e3o at\u00e9 18 de julho"},"content":{"rendered":"<p> <br \/>\n<\/p>\n<div><\/p>\n<div>Est\u00e3o abertas at\u00e9 18 de julho as inscri\u00e7\u00f5es para o Exame Nacional de Resid\u00eancias (Enare) 2025. O processo seletivo unificado \u00e9 nacional<\/div>\n<\/div>\n<p><br \/>\n<br \/>Fonte: <a href=\"https:\/\/jornaldaorla.com.br\/noticias\/inscricoes-para-residencia-medica-vao-ate-18-de-julho\/\">Jornal Da Orla<\/a><\/p>\n","protected":false},"excerpt":{"rendered":"<p>Est\u00e3o abertas at\u00e9 18 de julho as inscri\u00e7\u00f5es para o Exame Nacional de Resid\u00eancias (Enare) 2025. O processo seletivo unificado \u00e9 nacional Fonte: Jornal Da Orla<\/p>\n","protected":false},"author":5,"featured_media":29028,"comment_status":"open","ping_status":"open","sticky":false,"template":"","format":"standard","meta":{"_seopress_robots_primary_cat":"","_seopress_titles_title":"","_seopress_titles_desc":"","_seopress_robots_index":"","footnotes":""},"categories":[52],"tags":[],"class_list":["post-29027","post","type-post","status-publish","format-standard","has-post-thumbnail","hentry","category-santoseregiao"],"_links":{"self":[{"href":"https:\/\/mussicom.com\/noticias\/wp-json\/wp\/v2\/posts\/29027","targetHints":{"allow":["GET"]}}],"collection":[{"href":"https:\/\/mussicom.com\/noticias\/wp-json\/wp\/v2\/posts"}],"about":[{"href":"https:\/\/mussicom.com\/noticias\/wp-json\/wp\/v2\/types\/post"}],"author":[{"embeddable":true,"href":"https:\/\/mussicom.com\/noticias\/wp-json\/wp\/v2\/users\/5"}],"replies":[{"embeddable":true,"href":"https:\/\/mussicom.com\/noticias\/wp-json\/wp\/v2\/comments?post=29027"}],"version-history":[{"count":0,"href":"https:\/\/mussicom.com\/noticias\/wp-json\/wp\/v2\/posts\/29027\/revisions"}],"wp:featuredmedia":[{"embeddable":true,"href":"https:\/\/mussicom.com\/noticias\/wp-json\/wp\/v2\/media\/29028"}],"wp:attachment":[{"href":"https:\/\/mussicom.com\/noticias\/wp-json\/wp\/v2\/media?parent=29027"}],"wp:term":[{"taxonomy":"category","embeddable":true,"href":"https:\/\/mussicom.com\/noticias\/wp-json\/wp\/v2\/categories?post=29027"},{"taxonomy":"post_tag","embeddable":true,"href":"https:\/\/mussicom.com\/noticias\/wp-json\/wp\/v2\/tags?post=29027"}],"curies":[{"name":"wp","href":"https:\/\/api.w.org\/{rel}","templated":true}]}}