{"id":28992,"date":"2025-07-10T15:19:13","date_gmt":"2025-07-10T18:19:13","guid":{"rendered":"https:\/\/mussicom.com\/cesta-basica-em-santos-tem-queda-de-337-em-junho\/"},"modified":"2025-07-10T15:19:13","modified_gmt":"2025-07-10T18:19:13","slug":"cesta-basica-em-santos-tem-queda-de-337-em-junho","status":"publish","type":"post","link":"https:\/\/mussicom.com\/noticias\/cesta-basica-em-santos-tem-queda-de-337-em-junho\/","title":{"rendered":"Cesta b\u00e1sica em Santos tem queda de 3,37% em junho"},"content":{"rendered":"<p> <br \/>\n<\/p>\n<div><\/p>\n<div>Durante o m\u00eas de junho, o santista pagou, em m\u00e9dia, 3,37% a menos na cesta b\u00e1sica em rela\u00e7\u00e3o a maio. De acordo com a pesquisa do Departamento<\/div>\n<\/div>\n<p><br \/>\n<br \/>Fonte: <a href=\"https:\/\/jornaldaorla.com.br\/noticias\/cesta-basica-em-santos-tem-queda-de-337-em-junho\/\">Jornal Da Orla<\/a><\/p>\n","protected":false},"excerpt":{"rendered":"<p>Durante o m\u00eas de junho, o santista pagou, em m\u00e9dia, 3,37% a menos na cesta b\u00e1sica em rela\u00e7\u00e3o a maio. De acordo com a pesquisa do Departamento Fonte: Jornal Da Orla<\/p>\n","protected":false},"author":5,"featured_media":28993,"comment_status":"open","ping_status":"open","sticky":false,"template":"","format":"standard","meta":{"_seopress_robots_primary_cat":"","_seopress_titles_title":"","_seopress_titles_desc":"","_seopress_robots_index":"","footnotes":""},"categories":[52],"tags":[],"class_list":["post-28992","post","type-post","status-publish","format-standard","has-post-thumbnail","hentry","category-santoseregiao"],"_links":{"self":[{"href":"https:\/\/mussicom.com\/noticias\/wp-json\/wp\/v2\/posts\/28992","targetHints":{"allow":["GET"]}}],"collection":[{"href":"https:\/\/mussicom.com\/noticias\/wp-json\/wp\/v2\/posts"}],"about":[{"href":"https:\/\/mussicom.com\/noticias\/wp-json\/wp\/v2\/types\/post"}],"author":[{"embeddable":true,"href":"https:\/\/mussicom.com\/noticias\/wp-json\/wp\/v2\/users\/5"}],"replies":[{"embeddable":true,"href":"https:\/\/mussicom.com\/noticias\/wp-json\/wp\/v2\/comments?post=28992"}],"version-history":[{"count":0,"href":"https:\/\/mussicom.com\/noticias\/wp-json\/wp\/v2\/posts\/28992\/revisions"}],"wp:featuredmedia":[{"embeddable":true,"href":"https:\/\/mussicom.com\/noticias\/wp-json\/wp\/v2\/media\/28993"}],"wp:attachment":[{"href":"https:\/\/mussicom.com\/noticias\/wp-json\/wp\/v2\/media?parent=28992"}],"wp:term":[{"taxonomy":"category","embeddable":true,"href":"https:\/\/mussicom.com\/noticias\/wp-json\/wp\/v2\/categories?post=28992"},{"taxonomy":"post_tag","embeddable":true,"href":"https:\/\/mussicom.com\/noticias\/wp-json\/wp\/v2\/tags?post=28992"}],"curies":[{"name":"wp","href":"https:\/\/api.w.org\/{rel}","templated":true}]}}