{"id":28915,"date":"2025-07-09T14:16:13","date_gmt":"2025-07-09T17:16:13","guid":{"rendered":"https:\/\/mussicom.com\/feira-de-adocao-reune-caes-resgatados-em-busca-de-amor-e-recomeco-em-sao-vicente\/"},"modified":"2025-07-09T14:16:13","modified_gmt":"2025-07-09T17:16:13","slug":"feira-de-adocao-reune-caes-resgatados-em-busca-de-amor-e-recomeco-em-sao-vicente","status":"publish","type":"post","link":"https:\/\/mussicom.com\/noticias\/feira-de-adocao-reune-caes-resgatados-em-busca-de-amor-e-recomeco-em-sao-vicente\/","title":{"rendered":"Feira de ado\u00e7\u00e3o re\u00fane c\u00e3es resgatados em busca de amor e recome\u00e7o em S\u00e3o Vicente"},"content":{"rendered":"<p> <br \/>\n<\/p>\n<div id=\"texto\">\n<p>Buscando um novo come\u00e7o, um lar e muito amor, tr\u00eas cachorrinhos (sendo dois filhotes e um adulto) est\u00e3o \u00e0 espera por uma nova fam\u00edlia na feira de ado\u00e7\u00e3o, promovida pela Secretaria de Bem-Estar Animal (Sebem), que acontece nesta quarta-feira (9), das 14h \u00e0s 16h, no Pa\u00e7o Municipal (Rua Frei Gaspar, 384 \u2013 Centro).<\/p>\n<p>\u00a0<\/p>\n<p>Esses animais, v\u00edtimas de abandono e maus-tratos por seus antigos donos, aguardam uma nova oportunidade de amar e serem amados. Todos est\u00e3o vacinados e acompanham a caderneta de vacina\u00e7\u00e3o. Al\u00e9m disso, os adultos j\u00e1 est\u00e3o castrados e os filhotes t\u00eam garantida uma consulta gratuita para castra\u00e7\u00e3o.<\/p>\n<p>\u00a0<\/p>\n<p>Para adotar, basta comparecer ao local com um documento com foto (f\u00edsico ou digital) e um comprovante de resid\u00eancia.<\/p>\n<p>\u00a0<\/p>\n<p>Quem n\u00e3o puder participar da feira tamb\u00e9m pode adotar um gato ou cachorro diretamente na Ubasa Centro (Rua Catal\u00e3o, 530 \u2013 Vila Voturu\u00e1), de segunda a sexta-feira, das 9h \u00e0s 16h, com os mesmos documentos exigidos.<\/p>\n<p>\u00a0<\/p>\n<p><strong>Pr\u00f3ximos a lista dos eventos de ado\u00e7\u00e3o:<\/strong><\/p>\n<p>09\/07 Pa\u00e7o Municipal (Rua Frei Gaspar, 384 \u2013 Centro)<\/p>\n<p>10\/07 Pra\u00e7a do Bar\u00e3o do Rio Banco (Centro)<\/p>\n<p>15\/07 Pra\u00e7a do Bar\u00e3o\u00a0<\/p>\n<p>17\/07 Pra\u00e7a do Bar\u00e3o\u00a0<\/p>\n<p>19\/07 Pa\u00e7o Municipal<\/p>\n<p>22\/07 Pra\u00e7a do Bar\u00e3o\u00a0<\/p>\n<p>24\/07 Pra\u00e7a do Bar\u00e3o\u00a0<\/p>\n<p>26\/07 Pa\u00e7o Municipal<\/p>\n<p>29\/07 Pra\u00e7a do Bar\u00e3o\u00a0<\/p>\n<p>31\/07 Pra\u00e7a do Bar\u00e3o\u00a0<\/p>\n<p>\u00a0<\/p>\n<p>Todos as a\u00e7\u00f5es de ado\u00e7\u00e3o come\u00e7am \u00e0s 14h e se encerram \u00e0s 16h.<\/p>\n<\/p><\/div>\n<p><script async defer crossorigin=\"anonymous\" src=\"https:\/\/connect.facebook.net\/pt_BR\/sdk.js#xfbml=1&#038;version=v12.0&#038;appId=&#038;autoLogAppEvents=1\" nonce=\"ou0fI1lo\"><\/script><br \/>\n<br \/><br \/>\n<br \/>Fonte: <a href=\"https:\/\/www.bs9.com.br\/litoral\/feira-de-adocao-reune-caes-resgatados-em-busca-de-amor-e-recomeco-em\/33129\/\">BS9<\/a><\/p>\n","protected":false},"excerpt":{"rendered":"<p>Buscando um novo come\u00e7o, um lar e muito amor, tr\u00eas cachorrinhos (sendo dois filhotes e um adulto) est\u00e3o \u00e0 espera por uma nova fam\u00edlia na feira de ado\u00e7\u00e3o, promovida pela Secretaria de Bem-Estar Animal (Sebem), que acontece nesta quarta-feira (9), das 14h \u00e0s 16h, no Pa\u00e7o Municipal (Rua Frei Gaspar, 384 \u2013 Centro). \u00a0 Esses [&hellip;]<\/p>\n","protected":false},"author":5,"featured_media":28916,"comment_status":"open","ping_status":"open","sticky":false,"template":"","format":"standard","meta":{"_seopress_robots_primary_cat":"","_seopress_titles_title":"","_seopress_titles_desc":"","_seopress_robots_index":"","footnotes":""},"categories":[52],"tags":[],"class_list":["post-28915","post","type-post","status-publish","format-standard","has-post-thumbnail","hentry","category-santoseregiao"],"_links":{"self":[{"href":"https:\/\/mussicom.com\/noticias\/wp-json\/wp\/v2\/posts\/28915","targetHints":{"allow":["GET"]}}],"collection":[{"href":"https:\/\/mussicom.com\/noticias\/wp-json\/wp\/v2\/posts"}],"about":[{"href":"https:\/\/mussicom.com\/noticias\/wp-json\/wp\/v2\/types\/post"}],"author":[{"embeddable":true,"href":"https:\/\/mussicom.com\/noticias\/wp-json\/wp\/v2\/users\/5"}],"replies":[{"embeddable":true,"href":"https:\/\/mussicom.com\/noticias\/wp-json\/wp\/v2\/comments?post=28915"}],"version-history":[{"count":0,"href":"https:\/\/mussicom.com\/noticias\/wp-json\/wp\/v2\/posts\/28915\/revisions"}],"wp:featuredmedia":[{"embeddable":true,"href":"https:\/\/mussicom.com\/noticias\/wp-json\/wp\/v2\/media\/28916"}],"wp:attachment":[{"href":"https:\/\/mussicom.com\/noticias\/wp-json\/wp\/v2\/media?parent=28915"}],"wp:term":[{"taxonomy":"category","embeddable":true,"href":"https:\/\/mussicom.com\/noticias\/wp-json\/wp\/v2\/categories?post=28915"},{"taxonomy":"post_tag","embeddable":true,"href":"https:\/\/mussicom.com\/noticias\/wp-json\/wp\/v2\/tags?post=28915"}],"curies":[{"name":"wp","href":"https:\/\/api.w.org\/{rel}","templated":true}]}}